{"id":972,"date":"2021-10-08T14:04:22","date_gmt":"2021-10-08T19:04:22","guid":{"rendered":"https:\/\/aquienguanajuato.com\/?p=972"},"modified":"2021-10-08T14:05:09","modified_gmt":"2021-10-08T19:05:09","slug":"972","status":"publish","type":"post","link":"https:\/\/aquienguanajuato.com\/?p=972","title":{"rendered":"Talento Guanajuato en el FIC"},"content":{"rendered":"<p>El <strong>Talento Guanajuato<\/strong> es una de las columnas de la programaci\u00f3n del <strong>Festival Internacional Cervantino<\/strong>, que para su 49 edici\u00f3n incorpora 13 propuestas esc\u00e9nicas y musicales, seleccionadas a trav\u00e9s de la convocatoria anual emitida por el <strong>Instituto Estatal de la Cultura.<\/strong><\/p>\n<p>&nbsp;<\/p>\n<p>La delegaci\u00f3n guanajuatense integra a <strong>15 agrupaciones y solistas<\/strong>, que mostrar\u00e1n su quehacer en <strong>seis propuestas presenciales y siete virtuales.<\/strong> El listado lo abren y cierran j\u00f3venes instrumentistas que est\u00e1n construy\u00e9ndose una s\u00f3lida carrera dentro y fuera de M\u00e9xico: <strong>el guitarrista Jos\u00e9 Daniel Salceda y el pianista Braulio Alcaraz.<\/strong><\/p>\n<p><img fetchpriority=\"high\" decoding=\"async\" class=\"wp-image-973 alignleft\" src=\"https:\/\/i0.wp.com\/aquienguanajuato.com\/wp-content\/uploads\/2021\/10\/Braulio-Alcaraz_Creditofoto-Donaji-Soto.jpg?resize=427%2C297&#038;ssl=1\" alt=\"\" width=\"427\" height=\"297\" srcset=\"https:\/\/i0.wp.com\/aquienguanajuato.com\/wp-content\/uploads\/2021\/10\/Braulio-Alcaraz_Creditofoto-Donaji-Soto-scaled.jpg?resize=800%2C556&amp;ssl=1 800w, https:\/\/i0.wp.com\/aquienguanajuato.com\/wp-content\/uploads\/2021\/10\/Braulio-Alcaraz_Creditofoto-Donaji-Soto-scaled.jpg?resize=1024%2C712&amp;ssl=1 1024w, https:\/\/i0.wp.com\/aquienguanajuato.com\/wp-content\/uploads\/2021\/10\/Braulio-Alcaraz_Creditofoto-Donaji-Soto-scaled.jpg?resize=768%2C534&amp;ssl=1 768w, https:\/\/i0.wp.com\/aquienguanajuato.com\/wp-content\/uploads\/2021\/10\/Braulio-Alcaraz_Creditofoto-Donaji-Soto-scaled.jpg?resize=1536%2C1068&amp;ssl=1 1536w, https:\/\/i0.wp.com\/aquienguanajuato.com\/wp-content\/uploads\/2021\/10\/Braulio-Alcaraz_Creditofoto-Donaji-Soto-scaled.jpg?resize=2048%2C1424&amp;ssl=1 2048w, https:\/\/i0.wp.com\/aquienguanajuato.com\/wp-content\/uploads\/2021\/10\/Braulio-Alcaraz_Creditofoto-Donaji-Soto-scaled.jpg?resize=360%2C250&amp;ssl=1 360w, https:\/\/i0.wp.com\/aquienguanajuato.com\/wp-content\/uploads\/2021\/10\/Braulio-Alcaraz_Creditofoto-Donaji-Soto-scaled.jpg?w=2530&amp;ssl=1 2530w\" sizes=\"(max-width: 427px) 100vw, 427px\" data-recalc-dims=\"1\" \/><\/p>\n<p>Es precisamente en la m\u00fasica donde se halla el contingente m\u00e1s numeroso, con agrupaciones como: la Orquesta Sinf\u00f3nica Juvenil y Mariachi del Conservatorio de Celaya; la Orquesta Sinf\u00f3nica Infantil y Juvenil Vientos Musicales, el grupo de m\u00fasica antigua Derwen Ensamble, el Ensamble A Tempo y el Cuarteto Solar con Tania Ugalde.<\/p>\n<p>&nbsp;<\/p>\n<p>En cuanto a las artes esc\u00e9nicas, el festival se nutre con los montajes \u201cEl d\u00eda m\u00e1s violento\u201d, \u201cFlores para los muertos\u201d, \u201cHistoria de amor\u201d, \u201cPr\u00edncipe Guarjol\u201d, \u201cInaudible (Propuesta #49 \/ Versi\u00f3n unplugged)\u201d, de la compa\u00f1\u00eda de danza El Circo Contempor\u00e1neo y el estreno de \u201c\u00bfHas visto el Pac\u00edfico?\u201d coproducci\u00f3n de teatro infantil del Cervantino, el Instituto Estatal de la Cultura y Teatro en Fuga.<\/p>\n<p>&nbsp;<\/p>\n<p>Las presentaciones inician el domingo 17 con el recital de guitarra cl\u00e1sica que ofrecer\u00e1 <strong>Jos\u00e9 Daniel Salceda <\/strong>en San Gabriel de Barrera. Esta joven promesa salmantina, que con tan s\u00f3lo 23 a\u00f1os ha fraguado una notable trayectoria con m\u00e1s de 35 premios y reconocimientos; compartir\u00e1 el programa titulado \u201cHermes y Apolo\u201d, con obras de autores de los siglos XX y XXI.<\/p>\n<p>&nbsp;<\/p>\n<p><strong>El Conservatorio de M\u00fasica de Celaya,<\/strong> invitado regular del festival, ofrecer\u00e1 en esta ocasi\u00f3n el espect\u00e1culo <strong>Mariachi Sinf\u00f3nico<\/strong>, una festiva propuesta que rinde tributo a la m\u00fasica mexicana combinando las sonoridades de la Orquesta Sinf\u00f3nica Juvenil Silvestre Revueltas y del Mariachi Juvenil del Conservatorio, formado en 2019. El vibrante concierto se presentar\u00e1 en la Explanada de la Alh\u00f3ndiga el mi\u00e9rcoles 20.<\/p>\n<p>&nbsp;<\/p>\n<p>La Explanada de la Alh\u00f3ndiga tambi\u00e9n recibir\u00e1 a la <strong>Orquesta Sinf\u00f3nica Infantil y Juvenil Vientos Musicales<\/strong>, el grupo de formaci\u00f3n musical que cuenta con m\u00e1s de mil 200 alumnos en el estado bajo la direcci\u00f3n de <strong>Francisco Balboa.<\/strong><img decoding=\"async\" class=\"wp-image-977 alignleft\" src=\"https:\/\/i0.wp.com\/aquienguanajuato.com\/wp-content\/uploads\/2021\/10\/Vientos-Musicales-4.jpg?resize=322%2C169&#038;ssl=1\" alt=\"\" width=\"322\" height=\"169\" srcset=\"https:\/\/i0.wp.com\/aquienguanajuato.com\/wp-content\/uploads\/2021\/10\/Vientos-Musicales-4.jpg?resize=800%2C419&amp;ssl=1 800w, https:\/\/i0.wp.com\/aquienguanajuato.com\/wp-content\/uploads\/2021\/10\/Vientos-Musicales-4.jpg?resize=1024%2C537&amp;ssl=1 1024w, https:\/\/i0.wp.com\/aquienguanajuato.com\/wp-content\/uploads\/2021\/10\/Vientos-Musicales-4.jpg?resize=768%2C402&amp;ssl=1 768w, https:\/\/i0.wp.com\/aquienguanajuato.com\/wp-content\/uploads\/2021\/10\/Vientos-Musicales-4.jpg?resize=462%2C242&amp;ssl=1 462w, https:\/\/i0.wp.com\/aquienguanajuato.com\/wp-content\/uploads\/2021\/10\/Vientos-Musicales-4.jpg?w=1080&amp;ssl=1 1080w\" sizes=\"(max-width: 322px) 100vw, 322px\" data-recalc-dims=\"1\" \/> El ensamble presentar\u00e1 el lunes 25 el programa \u201cEnsayo sonoro sobre Guanajuato\u201d, una exploraci\u00f3n al repertorio y g\u00e9neros de la m\u00fasica tradicional guanajuatense.<\/p>\n<p>&nbsp;<\/p>\n<p>En el teatro se encuentra la otra mitad de las propuestas presenciales del Talento Guanajuato, iniciando con <strong>\u201cEl d\u00eda m\u00e1s violento\u201d<\/strong>, montaje del Taller de Formaci\u00f3n Profesional del Teatro del Bicentenario Roberto Plasencia Salda\u00f1a, dirigido por Juliana Faesler, que llegar\u00e1 al Teatro Principal el martes 19.<\/p>\n<p>&nbsp;<\/p>\n<p>Original de la dramaturga mexicana B\u00e1rbara Colio, la obra se construye alrededor de Carmen Serd\u00e1n, una de las primeras revolucionarias y quien, tras la irrupci\u00f3n de las tropas federales en la casa familiar, tendr\u00e1 que seguir su camino viendo c\u00f3mo todo su universo se transforma violentamente.<\/p>\n<p><img decoding=\"async\" class=\"wp-image-979 alignleft\" src=\"https:\/\/i0.wp.com\/aquienguanajuato.com\/wp-content\/uploads\/2021\/10\/FloresParaLosMuertos_MonicaSolis5.jpg?resize=313%2C208&#038;ssl=1\" alt=\"\" width=\"313\" height=\"208\" srcset=\"https:\/\/i0.wp.com\/aquienguanajuato.com\/wp-content\/uploads\/2021\/10\/FloresParaLosMuertos_MonicaSolis5-scaled.jpg?resize=800%2C531&amp;ssl=1 800w, https:\/\/i0.wp.com\/aquienguanajuato.com\/wp-content\/uploads\/2021\/10\/FloresParaLosMuertos_MonicaSolis5-scaled.jpg?resize=1024%2C680&amp;ssl=1 1024w, https:\/\/i0.wp.com\/aquienguanajuato.com\/wp-content\/uploads\/2021\/10\/FloresParaLosMuertos_MonicaSolis5-scaled.jpg?resize=768%2C510&amp;ssl=1 768w, https:\/\/i0.wp.com\/aquienguanajuato.com\/wp-content\/uploads\/2021\/10\/FloresParaLosMuertos_MonicaSolis5-scaled.jpg?resize=1536%2C1020&amp;ssl=1 1536w, https:\/\/i0.wp.com\/aquienguanajuato.com\/wp-content\/uploads\/2021\/10\/FloresParaLosMuertos_MonicaSolis5-scaled.jpg?resize=2048%2C1360&amp;ssl=1 2048w, https:\/\/i0.wp.com\/aquienguanajuato.com\/wp-content\/uploads\/2021\/10\/FloresParaLosMuertos_MonicaSolis5-scaled.jpg?resize=377%2C250&amp;ssl=1 377w, https:\/\/i0.wp.com\/aquienguanajuato.com\/wp-content\/uploads\/2021\/10\/FloresParaLosMuertos_MonicaSolis5-scaled.jpg?w=2530&amp;ssl=1 2530w\" sizes=\"(max-width: 313px) 100vw, 313px\" data-recalc-dims=\"1\" \/><\/p>\n<p>Para el viernes 22, tocar\u00e1 el turno a<strong> Roberto Mosqueda<\/strong>, quien presentar\u00e1 su espect\u00e1culo unipersonal <strong>\u201cFlores para los muertos\u201d<\/strong> en la Plaza de San Fernando: la historia de un joven que, al huir de un grupo criminal, llega accidentalmente a un lugar m\u00e1gico en medio de la serran\u00eda, donde tiene una experiencia de autodescubrimiento<\/p>\n<p>&nbsp;<\/p>\n<p>El \u00faltimo fin de semana del festival enmarcar\u00e1 el estreno de <strong>\u00bfHas visto el pac\u00edfico?, <\/strong>obra de Paulina Barros, dirigida por Andrea Salmer\u00f3n con elenco netamente guanajuatense, que cuenta la historia de Julia, una ni\u00f1a del mundo rural y Mat\u00edas, un ni\u00f1o urbano, que tras una convivencia obligada, aprender\u00e1n la importancia de las diferencias y de respetar al otro.<\/p>\n<p>&nbsp;<\/p>\n<p>Por el lado virtual, las presentaciones del Talento Guanajuato inician el domingo 17 con <strong>\u201cHistoria de amor (\u00daltimos cap\u00edtulos)\u201d<\/strong>, creaci\u00f3n del dramaturgo franc\u00e9s Jean-Luc Lagarce dirigida por Juan Manuel Garc\u00eda Belmonte.<\/p>\n<p><img loading=\"lazy\" decoding=\"async\" class=\"wp-image-978 alignright\" src=\"https:\/\/i0.wp.com\/aquienguanajuato.com\/wp-content\/uploads\/2021\/10\/Foto-FIC-3-Historia-de-Amor.jpg?resize=390%2C261&#038;ssl=1\" alt=\"\" width=\"390\" height=\"261\" srcset=\"https:\/\/i0.wp.com\/aquienguanajuato.com\/wp-content\/uploads\/2021\/10\/Foto-FIC-3-Historia-de-Amor-scaled.jpg?resize=800%2C534&amp;ssl=1 800w, https:\/\/i0.wp.com\/aquienguanajuato.com\/wp-content\/uploads\/2021\/10\/Foto-FIC-3-Historia-de-Amor-scaled.jpg?resize=1024%2C684&amp;ssl=1 1024w, https:\/\/i0.wp.com\/aquienguanajuato.com\/wp-content\/uploads\/2021\/10\/Foto-FIC-3-Historia-de-Amor-scaled.jpg?resize=768%2C513&amp;ssl=1 768w, https:\/\/i0.wp.com\/aquienguanajuato.com\/wp-content\/uploads\/2021\/10\/Foto-FIC-3-Historia-de-Amor-scaled.jpg?resize=1536%2C1026&amp;ssl=1 1536w, https:\/\/i0.wp.com\/aquienguanajuato.com\/wp-content\/uploads\/2021\/10\/Foto-FIC-3-Historia-de-Amor-scaled.jpg?resize=2048%2C1367&amp;ssl=1 2048w, https:\/\/i0.wp.com\/aquienguanajuato.com\/wp-content\/uploads\/2021\/10\/Foto-FIC-3-Historia-de-Amor-scaled.jpg?resize=374%2C250&amp;ssl=1 374w, https:\/\/i0.wp.com\/aquienguanajuato.com\/wp-content\/uploads\/2021\/10\/Foto-FIC-3-Historia-de-Amor-scaled.jpg?w=2530&amp;ssl=1 2530w\" sizes=\"(max-width: 390px) 100vw, 390px\" data-recalc-dims=\"1\" \/><\/p>\n<p>&nbsp;<\/p>\n<p>Con actuaciones de Francesca Guill\u00e9n, David Eudave y Jorge N\u00fa\u00f1ez L\u00f3pez, quienes dan vida a un tr\u00edo amoroso que intenta remover las brumas de la memoria para dar su testimonio.<\/p>\n<p>&nbsp;<\/p>\n<p>Al d\u00eda siguiente, el foro virtual del FIC recibir\u00e1 a <strong>\u201cPr\u00edncipe Guarjol\u201d<\/strong>, la propuesta del Colectivo Noa Noa, dirigido por Josu\u00e9 Carrillo, que reinterpreta libremente la historia de \u201cEl Principito\u201d y la entrecruza con mucho colorido y referentes como David Bowie y Jean Michel Basquiat, para hacer una alegor\u00eda sobre la identidad, la diversidad y el respeto.<\/p>\n<p>&nbsp;<\/p>\n<p>Para el jueves 21, toca el turno al \u00fanico emisario danc\u00edstico del Talento Guanajuato: la compa\u00f1\u00eda El Circo Contempor\u00e1neo, dirigida por Mauricio Nava, que presentar\u00e1 <strong>\u201cInaudible (Propuesta #49 \/ Versi\u00f3n unplugged)\u201d.<\/strong><\/p>\n<p><img loading=\"lazy\" decoding=\"async\" class=\"wp-image-974 aligncenter\" src=\"https:\/\/i0.wp.com\/aquienguanajuato.com\/wp-content\/uploads\/2021\/10\/ElDiaMasViolento-1.jpg?resize=361%2C241&#038;ssl=1\" alt=\"\" width=\"361\" height=\"241\" srcset=\"https:\/\/i0.wp.com\/aquienguanajuato.com\/wp-content\/uploads\/2021\/10\/ElDiaMasViolento-1-scaled.jpg?resize=800%2C533&amp;ssl=1 800w, https:\/\/i0.wp.com\/aquienguanajuato.com\/wp-content\/uploads\/2021\/10\/ElDiaMasViolento-1-scaled.jpg?resize=1024%2C683&amp;ssl=1 1024w, https:\/\/i0.wp.com\/aquienguanajuato.com\/wp-content\/uploads\/2021\/10\/ElDiaMasViolento-1-scaled.jpg?resize=768%2C512&amp;ssl=1 768w, https:\/\/i0.wp.com\/aquienguanajuato.com\/wp-content\/uploads\/2021\/10\/ElDiaMasViolento-1-scaled.jpg?resize=1536%2C1024&amp;ssl=1 1536w, https:\/\/i0.wp.com\/aquienguanajuato.com\/wp-content\/uploads\/2021\/10\/ElDiaMasViolento-1-scaled.jpg?resize=2048%2C1365&amp;ssl=1 2048w, https:\/\/i0.wp.com\/aquienguanajuato.com\/wp-content\/uploads\/2021\/10\/ElDiaMasViolento-1-scaled.jpg?resize=375%2C250&amp;ssl=1 375w, https:\/\/i0.wp.com\/aquienguanajuato.com\/wp-content\/uploads\/2021\/10\/ElDiaMasViolento-1-scaled.jpg?w=2530&amp;ssl=1 2530w\" sizes=\"(max-width: 361px) 100vw, 361px\" data-recalc-dims=\"1\" \/><\/p>\n<p>Aborda el tema de la comunicaci\u00f3n fallida en nuestra sociedad y la triste imposibilidad de escucharse entre s\u00ed en las relaciones interpersonales.<\/p>\n<p>&nbsp;<\/p>\n<p>El cartel musical en la secci\u00f3n virtual incluye a<strong> Derwen Ensamble<\/strong>, joven agrupaci\u00f3n dedicada a la m\u00fasica antigua, que el martes 19 presentar\u00e1 el concierto \u201cModus Universalia\u201d, que funde sonoridades de diversas \u00e9pocas y latitudes; as\u00ed como al <strong>Cuarteto Solar y Tania Ugalde<\/strong>, destacados exponentes del jazz guanajuatense, que compartir\u00e1n el concierto \u201cDel suave aliento de las palabras\u201d, una fusi\u00f3n de cadencias sincopadas con poes\u00eda barroca y virreinal pactada para el domingo 24.<\/p>\n<p>&nbsp;<\/p>\n<p>El <strong>Ensamble A Tempo<\/strong>, agrupaci\u00f3n dedicada a la m\u00fasica nueva y dirigida por <strong>Enrique Eskeda,<\/strong> tambi\u00e9n toma parte de la programaci\u00f3n con <strong>\u201cM\u00e9xico electroac\u00fastico\u201d,<\/strong> concierto con obras de compositores j\u00f3venes, producto de una convocatoria conjunta del grupo y el Centro Mexicano para la M\u00fasica y las Artes Sonoras.<\/p>\n<p><img loading=\"lazy\" decoding=\"async\" class=\"aligncenter size-medium wp-image-975\" src=\"https:\/\/i0.wp.com\/aquienguanajuato.com\/wp-content\/uploads\/2021\/10\/Ensamble_A_Tempo_FIC_0179group.jpg?resize=800%2C214&#038;ssl=1\" alt=\"\" width=\"800\" height=\"214\" srcset=\"https:\/\/i0.wp.com\/aquienguanajuato.com\/wp-content\/uploads\/2021\/10\/Ensamble_A_Tempo_FIC_0179group-scaled.jpg?resize=800%2C214&amp;ssl=1 800w, https:\/\/i0.wp.com\/aquienguanajuato.com\/wp-content\/uploads\/2021\/10\/Ensamble_A_Tempo_FIC_0179group-scaled.jpg?resize=1024%2C274&amp;ssl=1 1024w, https:\/\/i0.wp.com\/aquienguanajuato.com\/wp-content\/uploads\/2021\/10\/Ensamble_A_Tempo_FIC_0179group-scaled.jpg?resize=768%2C206&amp;ssl=1 768w, https:\/\/i0.wp.com\/aquienguanajuato.com\/wp-content\/uploads\/2021\/10\/Ensamble_A_Tempo_FIC_0179group-scaled.jpg?resize=1536%2C411&amp;ssl=1 1536w, https:\/\/i0.wp.com\/aquienguanajuato.com\/wp-content\/uploads\/2021\/10\/Ensamble_A_Tempo_FIC_0179group-scaled.jpg?resize=2048%2C548&amp;ssl=1 2048w, https:\/\/i0.wp.com\/aquienguanajuato.com\/wp-content\/uploads\/2021\/10\/Ensamble_A_Tempo_FIC_0179group-scaled.jpg?resize=462%2C124&amp;ssl=1 462w, https:\/\/i0.wp.com\/aquienguanajuato.com\/wp-content\/uploads\/2021\/10\/Ensamble_A_Tempo_FIC_0179group-scaled.jpg?w=2530&amp;ssl=1 2530w\" sizes=\"(max-width: 800px) 100vw, 800px\" data-recalc-dims=\"1\" \/><\/p>\n<p>&nbsp;<\/p>\n<p>Completa la programaci\u00f3n el joven m\u00fasico leon\u00e9s <strong>Braulio Alcaraz<\/strong>, quien ofrecer\u00e1 el domingo 31 un recital con algunas de las obras para piano m\u00e1s influyentes de los \u00faltimos 200 a\u00f1os, en un espectro que va desde Chopin y Ravel, hasta Manuel M. Ponce y Jos\u00e9 Pablo Moncayo.<\/p>\n<p>&nbsp;<\/p>\n<p>El caudal de talento guanajuatense tambi\u00e9n incluye a la representaci\u00f3n de la <strong>Universidad de Guanajuato<\/strong>: el Ballet Folkl\u00f3rico, el Coro y las agrupaciones decanas del festival: la Orquesta Sinf\u00f3nica y el Teatro Universitario; as\u00ed como sendas presentaciones virtuales de tres montajes del Proyecto Ruelas de teatro comunitario y uno de teatro penitenciario, a cargo del grupo del <strong>CEFERESO<\/strong> <strong>12.<\/strong><\/p>\n<p>&nbsp;<\/p>\n<p>Las presentaciones virtuales del Cervantino se podr\u00e1n seguir sin costo a trav\u00e9s de su p\u00e1gina web y redes sociales. Para los eventos en la Explanada de la Alh\u00f3ndiga de Granaditas, el acceso general ser\u00e1 gratuito, <strong>pero ser\u00e1 indispensable un registro electr\u00f3nico;<\/strong> mientras que para los eventos con costo, las localidades est\u00e1n disponibles en la taquilla del Teatro Ju\u00e1rez y a trav\u00e9s del sistema Ticketmaster.<\/p>\n<p>&nbsp;<\/p>\n<p>La programaci\u00f3n completa del Festival Internacional Cervantino se puede consultar a trav\u00e9s de la aplicaci\u00f3n oficial para dispositivos m\u00f3viles (disponible tanto en Android como iOS) y en su sitio web oficial:<strong> festivalcervantino.gob.mx<\/strong><\/p>\n<p>&nbsp;<\/p>\n<p>&nbsp;<\/p>\n<p>&nbsp;<\/p>\n<p>&nbsp;<\/p>\n<p>&nbsp;<\/p>\n<p>&nbsp;<\/p>\n","protected":false},"excerpt":{"rendered":"<p> &hellip;<\/p>\n","protected":false},"author":3,"featured_media":976,"comment_status":"open","ping_status":"open","sticky":false,"template":"","format":"standard","meta":{"_jetpack_memberships_contains_paid_content":false,"footnotes":""},"categories":[11],"tags":[43,12],"class_list":["post-972","post","type-post","status-publish","format-standard","has-post-thumbnail","hentry","category-eventos","tag-festival-internacional-cervantino","tag-guanajuato"],"jetpack_sharing_enabled":true,"jetpack_featured_media_url":"https:\/\/i0.wp.com\/aquienguanajuato.com\/wp-content\/uploads\/2021\/10\/Foto-FIC-1-Historia-de-Amor-e1633718974268.jpg?fit=400%2C267&ssl=1","jetpack-related-posts":[],"_links":{"self":[{"href":"https:\/\/aquienguanajuato.com\/index.php?rest_route=\/wp\/v2\/posts\/972","targetHints":{"allow":["GET"]}}],"collection":[{"href":"https:\/\/aquienguanajuato.com\/index.php?rest_route=\/wp\/v2\/posts"}],"about":[{"href":"https:\/\/aquienguanajuato.com\/index.php?rest_route=\/wp\/v2\/types\/post"}],"author":[{"embeddable":true,"href":"https:\/\/aquienguanajuato.com\/index.php?rest_route=\/wp\/v2\/users\/3"}],"replies":[{"embeddable":true,"href":"https:\/\/aquienguanajuato.com\/index.php?rest_route=%2Fwp%2Fv2%2Fcomments&post=972"}],"version-history":[{"count":6,"href":"https:\/\/aquienguanajuato.com\/index.php?rest_route=\/wp\/v2\/posts\/972\/revisions"}],"predecessor-version":[{"id":985,"href":"https:\/\/aquienguanajuato.com\/index.php?rest_route=\/wp\/v2\/posts\/972\/revisions\/985"}],"wp:featuredmedia":[{"embeddable":true,"href":"https:\/\/aquienguanajuato.com\/index.php?rest_route=\/wp\/v2\/media\/976"}],"wp:attachment":[{"href":"https:\/\/aquienguanajuato.com\/index.php?rest_route=%2Fwp%2Fv2%2Fmedia&parent=972"}],"wp:term":[{"taxonomy":"category","embeddable":true,"href":"https:\/\/aquienguanajuato.com\/index.php?rest_route=%2Fwp%2Fv2%2Fcategories&post=972"},{"taxonomy":"post_tag","embeddable":true,"href":"https:\/\/aquienguanajuato.com\/index.php?rest_route=%2Fwp%2Fv2%2Ftags&post=972"}],"curies":[{"name":"wp","href":"https:\/\/api.w.org\/{rel}","templated":true}]}}