{"id":807,"date":"2021-09-06T12:57:35","date_gmt":"2021-09-06T17:57:35","guid":{"rendered":"https:\/\/aquienguanajuato.com\/?p=807"},"modified":"2021-09-06T12:57:35","modified_gmt":"2021-09-06T17:57:35","slug":"teatro-comunitario-en-fic-49","status":"publish","type":"post","link":"https:\/\/aquienguanajuato.com\/?p=807","title":{"rendered":"Teatro Comunitario en FIC 49"},"content":{"rendered":"<div>\n<p>Las artes esc\u00e9nicas como medio de intervenci\u00f3n en los entornos sociales es uno de los objetivos del <strong>Proyecto Ruelas y Cervantino para Todos,<\/strong> programas angulares del Festival Internacional Cervantino que participar\u00e1n en la edici\u00f3n 49 con la presentaci\u00f3n de cuatro obras en formato virtual, como parte de esta celebraci\u00f3n cultural a realizarse del 13 al 31 de octubre en el estado de Guanajuato y en <a href=\"http:\/\/festivalcervantino.gob.mx\/\" target=\"_blank\" rel=\"noopener\" data-saferedirecturl=\"https:\/\/www.google.com\/url?q=http:\/\/festivalcervantino.gob.mx&amp;source=gmail&amp;ust=1631034496351000&amp;usg=AFQjCNHMOBWbSYOTT9Pr07KR54M996hHzw\">festivalcervantino.gob.mx<\/a>, para la audiencia digital.<\/p>\n<p>Con una narrativa construida desde sus habitantes,\u00a0<em>La Manca\u00f1a, autobiograf\u00eda\u00a0de un pueblo<\/em> es una de las piezas teatrales que integran el Proyecto Ruelas de este a\u00f1o. Esta se desarrolla en el pueblo de <strong>Pozo Blanco del Capul\u00ecn, en Guanajuato<\/strong>, para reconstruir la geograf\u00eda del lugar a partir de los testimonios de ni\u00f1os, ni\u00f1as, abuelas y abuelos.<\/p>\n<p><img fetchpriority=\"high\" decoding=\"async\" class=\"wp-image-811 alignleft\" src=\"https:\/\/i0.wp.com\/aquienguanajuato.com\/wp-content\/uploads\/2021\/09\/Proyecto-Ruelas_La-Mancan\u0303a_2.jpeg?resize=377%2C262&#038;ssl=1\" alt=\"\" width=\"377\" height=\"262\" srcset=\"https:\/\/i0.wp.com\/aquienguanajuato.com\/wp-content\/uploads\/2021\/09\/Proyecto-Ruelas_La-Mancan\u0303a_2-scaled.jpeg?resize=800%2C556&amp;ssl=1 800w, https:\/\/i0.wp.com\/aquienguanajuato.com\/wp-content\/uploads\/2021\/09\/Proyecto-Ruelas_La-Mancan\u0303a_2-scaled.jpeg?resize=1024%2C712&amp;ssl=1 1024w, https:\/\/i0.wp.com\/aquienguanajuato.com\/wp-content\/uploads\/2021\/09\/Proyecto-Ruelas_La-Mancan\u0303a_2-scaled.jpeg?resize=768%2C534&amp;ssl=1 768w, https:\/\/i0.wp.com\/aquienguanajuato.com\/wp-content\/uploads\/2021\/09\/Proyecto-Ruelas_La-Mancan\u0303a_2-scaled.jpeg?resize=1536%2C1068&amp;ssl=1 1536w, https:\/\/i0.wp.com\/aquienguanajuato.com\/wp-content\/uploads\/2021\/09\/Proyecto-Ruelas_La-Mancan\u0303a_2-scaled.jpeg?resize=2048%2C1425&amp;ssl=1 2048w, https:\/\/i0.wp.com\/aquienguanajuato.com\/wp-content\/uploads\/2021\/09\/Proyecto-Ruelas_La-Mancan\u0303a_2-scaled.jpeg?resize=359%2C250&amp;ssl=1 359w, https:\/\/i0.wp.com\/aquienguanajuato.com\/wp-content\/uploads\/2021\/09\/Proyecto-Ruelas_La-Mancan\u0303a_2-scaled.jpeg?w=2530&amp;ssl=1 2530w\" sizes=\"(max-width: 377px) 100vw, 377px\" data-recalc-dims=\"1\" \/><\/p>\n<p><strong>Los Quijotes de Pozo Blanco<\/strong> \u2014bajo la direcci\u00f3n de Raquel Araujo\u2014 es una agrupaci\u00f3n conformada por seis actores y dos m\u00fasicos, quienes en compa\u00f1\u00eda del <strong>Coro de Ojo de Agua<\/strong> hacen un tejido colaborativo para registrar la transformaci\u00f3n de su entorno desde la memoria colectiva. Este espect\u00e1culo tendr\u00e1 lugar en la <strong>plataforma virtual del FIC<\/strong> el viernes 15 de octubre a las 13 horas.<\/p>\n<p>Las experiencias de un pueblo a lo largo de la historia tienen encuentro en\u00a0<strong><em>Tierra, \u00bfde qui\u00e9n\u00a0es la tierra que trabajo?<\/em><\/strong>, un video documental que da cuenta de la evoluci\u00f3n de la comunidad guanajuatense de <strong>Puerto Valle de Santiago<\/strong> desde las voces de las madres, hijas, hermanas y abuelas, quienes mantienen un v\u00ednculo ligado a sus antepasados y las tradiciones del lugar.<\/p>\n<p>Este proyecto audiovisual \u2014a cargo de la <strong>compa\u00f1\u00eda de Teatro Comunitario de Puerto de Valle y La m\u00e1quina de Teatro<\/strong>\u2014 se presentar\u00e1 en la virtualidad el viernes 22 de octubre a las 13 horas, con la dramaturgia de la directora art\u00edstica y escen\u00f3grafa mexicana <strong>Juliana Faesler.<\/strong><\/p>\n<p><img decoding=\"async\" class=\"wp-image-808 alignleft\" src=\"https:\/\/i0.wp.com\/aquienguanajuato.com\/wp-content\/uploads\/2021\/09\/Colectivo-de-Arte-Comunitario-Lxs-de-Abajo_1.jpg?resize=438%2C292&#038;ssl=1\" alt=\"\" width=\"438\" height=\"292\" srcset=\"https:\/\/i0.wp.com\/aquienguanajuato.com\/wp-content\/uploads\/2021\/09\/Colectivo-de-Arte-Comunitario-Lxs-de-Abajo_1-scaled.jpg?resize=800%2C533&amp;ssl=1 800w, https:\/\/i0.wp.com\/aquienguanajuato.com\/wp-content\/uploads\/2021\/09\/Colectivo-de-Arte-Comunitario-Lxs-de-Abajo_1-scaled.jpg?resize=1024%2C683&amp;ssl=1 1024w, https:\/\/i0.wp.com\/aquienguanajuato.com\/wp-content\/uploads\/2021\/09\/Colectivo-de-Arte-Comunitario-Lxs-de-Abajo_1-scaled.jpg?resize=768%2C512&amp;ssl=1 768w, https:\/\/i0.wp.com\/aquienguanajuato.com\/wp-content\/uploads\/2021\/09\/Colectivo-de-Arte-Comunitario-Lxs-de-Abajo_1-scaled.jpg?resize=1536%2C1024&amp;ssl=1 1536w, https:\/\/i0.wp.com\/aquienguanajuato.com\/wp-content\/uploads\/2021\/09\/Colectivo-de-Arte-Comunitario-Lxs-de-Abajo_1-scaled.jpg?resize=2048%2C1365&amp;ssl=1 2048w, https:\/\/i0.wp.com\/aquienguanajuato.com\/wp-content\/uploads\/2021\/09\/Colectivo-de-Arte-Comunitario-Lxs-de-Abajo_1-scaled.jpg?resize=375%2C250&amp;ssl=1 375w, https:\/\/i0.wp.com\/aquienguanajuato.com\/wp-content\/uploads\/2021\/09\/Colectivo-de-Arte-Comunitario-Lxs-de-Abajo_1-scaled.jpg?w=2530&amp;ssl=1 2530w\" sizes=\"(max-width: 438px) 100vw, 438px\" data-recalc-dims=\"1\" \/><\/p>\n<p>\u00bfQu\u00e9 hay detr\u00e1s de un pupitre vac\u00edo? Las interrogantes surgidas a consecuencia del abandono escolar son respondidas en la pieza esc\u00e9nica<strong> <em>Presente, no nos llamen futuro;<\/em>\u00a0<\/strong>un proyecto comunitario que recurre al teatro para reflexionar sobre las problem\u00e1ticas educativas desde la voz de algunos de sus afectados, los estudiantes de la colonia San Juan de Abajo, en Le\u00f3n, Guanajuato.<\/p>\n<p>El Colectivo de Teatro Comunitario<strong> Lxs de Abajo<\/strong> participar\u00e1n en la edici\u00f3n 49 del FIC con este trabajo esc\u00e9nico, conformado por <strong>20 artistas locales<\/strong> que buscan enfrentar las carencias de su entidad desde una perspectiva creativa. Disfruta esta pieza teatral el mi\u00e9rcoles 27 de octubre a las 13 horas desde el escenario en l\u00ednea de esta fiesta cultural.<\/p>\n<p>La confrontaci\u00f3n emocional fue uno de los recursos teatrales utilizados durante la creaci\u00f3n de <strong><em>Verdades Ocultas<\/em><\/strong>, una puesta en escena interpretada por <strong>90 personas privadas de la libertad<\/strong>, quienes integran la compa\u00f1\u00eda l\u00edber &amp; Arte; un proyecto que busca intervenir los centros penitenciarios desde las expresiones art\u00edsticas para fomentar los procesos de reinserci\u00f3n social.<\/p>\n<p><img decoding=\"async\" class=\"wp-image-809 alignright\" src=\"https:\/\/i0.wp.com\/aquienguanajuato.com\/wp-content\/uploads\/2021\/09\/Colectivo-de-Arte-Comunitario-Lxs-de-Abajo_2.jpg?resize=432%2C288&#038;ssl=1\" alt=\"\" width=\"432\" height=\"288\" srcset=\"https:\/\/i0.wp.com\/aquienguanajuato.com\/wp-content\/uploads\/2021\/09\/Colectivo-de-Arte-Comunitario-Lxs-de-Abajo_2-scaled.jpg?resize=800%2C533&amp;ssl=1 800w, https:\/\/i0.wp.com\/aquienguanajuato.com\/wp-content\/uploads\/2021\/09\/Colectivo-de-Arte-Comunitario-Lxs-de-Abajo_2-scaled.jpg?resize=1024%2C683&amp;ssl=1 1024w, https:\/\/i0.wp.com\/aquienguanajuato.com\/wp-content\/uploads\/2021\/09\/Colectivo-de-Arte-Comunitario-Lxs-de-Abajo_2-scaled.jpg?resize=768%2C512&amp;ssl=1 768w, https:\/\/i0.wp.com\/aquienguanajuato.com\/wp-content\/uploads\/2021\/09\/Colectivo-de-Arte-Comunitario-Lxs-de-Abajo_2-scaled.jpg?resize=1536%2C1024&amp;ssl=1 1536w, https:\/\/i0.wp.com\/aquienguanajuato.com\/wp-content\/uploads\/2021\/09\/Colectivo-de-Arte-Comunitario-Lxs-de-Abajo_2-scaled.jpg?resize=2048%2C1365&amp;ssl=1 2048w, https:\/\/i0.wp.com\/aquienguanajuato.com\/wp-content\/uploads\/2021\/09\/Colectivo-de-Arte-Comunitario-Lxs-de-Abajo_2-scaled.jpg?resize=375%2C250&amp;ssl=1 375w, https:\/\/i0.wp.com\/aquienguanajuato.com\/wp-content\/uploads\/2021\/09\/Colectivo-de-Arte-Comunitario-Lxs-de-Abajo_2-scaled.jpg?w=2530&amp;ssl=1 2530w\" sizes=\"(max-width: 432px) 100vw, 432px\" data-recalc-dims=\"1\" \/><\/p>\n<p>Como parte del programa Cervantino para Todos, el <strong>Centro Federal de readaptaci\u00f3n Social No. 12 de Guanajuato une esfuerzos con el Festival Internacional Cervantino<\/strong> para incidir en entornos vulnerables desde el teatro. Este trabajo colaborativo en l\u00ednea podr\u00e1 apreciarse el mi\u00e9rcoles 27 de octubre a las 19 horas.<\/p>\n<p>El p\u00fablico podr\u00e1 acceder a la programaci\u00f3n desde cualquier parte del mundo, a trav\u00e9s de <a href=\"http:\/\/festivalcervantino.gob.mx\/\" target=\"_blank\" rel=\"noopener\" data-saferedirecturl=\"https:\/\/www.google.com\/url?q=http:\/\/festivalcervantino.gob.mx&amp;source=gmail&amp;ust=1631034496351000&amp;usg=AFQjCNHMOBWbSYOTT9Pr07KR54M996hHzw\">festivalcervantino.gob.mx<\/a>\u00a0y la plataforma Contigo en la Distancia\u00a0<a href=\"http:\/\/contigoenladistancia.cultura.gob.mx\/\" target=\"_blank\" rel=\"noopener\" data-saferedirecturl=\"https:\/\/www.google.com\/url?q=http:\/\/contigoenladistancia.cultura.gob.mx&amp;source=gmail&amp;ust=1631034496351000&amp;usg=AFQjCNGRnXiihhBUb0XoEyeRZkvIYUEgnQ\">contigoenladistancia.cultura.<wbr \/>gob.mx<\/a>; adem\u00e1s desde las transmisiones del Sistema p\u00fablico de radiodifusi\u00f3n del Estado Mexicano (SPR), Canal 22 y la Unidad de televisi\u00f3n de Guanajuato (TV4). El Festival Internacional Cervantino se difundir\u00e1 en televisi\u00f3n abierta, redes sociales y plataformas digitales de los medios p\u00fablicos federales y locales.<\/p>\n<p>El Festival Internacional Cervantino se realizar\u00e1 en formato h\u00edbrido, con las transmisiones a trav\u00e9s de <a href=\"http:\/\/festivalcervantino.gob.mx\/\" target=\"_blank\" rel=\"noopener\" data-saferedirecturl=\"https:\/\/www.google.com\/url?q=http:\/\/festivalcervantino.gob.mx&amp;source=gmail&amp;ust=1631034496351000&amp;usg=AFQjCNHMOBWbSYOTT9Pr07KR54M996hHzw\">festivalcervantino.gob.mx<\/a>\u00a0y, de manera presencial, en el estado de Guanajuato bajo estrictos protocolos de salud,<\/p>\n<p>con la finalidad que el p\u00fablico pueda disfrutar de las actividades presenciales. El uso de cubrebocas obligatorio, la aplicaci\u00f3n de gel antibacterial, el respeto a la sana distancia y los aforos limitados en recintos abiertos y cerrados son algunas de las medidas implementadas para salvaguardar la salud del p\u00fablico.<\/p>\n<p>Visita las redes sociales del festival en Twitter (@cervantino), Facebook (\/Cervantino) e Instagram (@cervantino). Sigue las redes sociales de la Secretari\u00eca de Cultura en Twitter (@cultura_mx), Facebook (\/SecretariaCulturaMX) e Instagram (@culturamx).<\/p>\n<\/div>\n<div><\/div>\n","protected":false},"excerpt":{"rendered":"<p> &hellip;<\/p>\n","protected":false},"author":3,"featured_media":812,"comment_status":"open","ping_status":"open","sticky":false,"template":"","format":"standard","meta":{"_jetpack_memberships_contains_paid_content":false,"footnotes":""},"categories":[11],"tags":[43,12],"class_list":["post-807","post","type-post","status-publish","format-standard","has-post-thumbnail","hentry","category-eventos","tag-festival-internacional-cervantino","tag-guanajuato"],"jetpack_sharing_enabled":true,"jetpack_featured_media_url":"https:\/\/i0.wp.com\/aquienguanajuato.com\/wp-content\/uploads\/2021\/09\/Proyecto-Ruelas_La-Mancan\u0303a_3-scaled-e1630950887590.jpeg?fit=400%2C286&ssl=1","jetpack-related-posts":[],"_links":{"self":[{"href":"https:\/\/aquienguanajuato.com\/index.php?rest_route=\/wp\/v2\/posts\/807","targetHints":{"allow":["GET"]}}],"collection":[{"href":"https:\/\/aquienguanajuato.com\/index.php?rest_route=\/wp\/v2\/posts"}],"about":[{"href":"https:\/\/aquienguanajuato.com\/index.php?rest_route=\/wp\/v2\/types\/post"}],"author":[{"embeddable":true,"href":"https:\/\/aquienguanajuato.com\/index.php?rest_route=\/wp\/v2\/users\/3"}],"replies":[{"embeddable":true,"href":"https:\/\/aquienguanajuato.com\/index.php?rest_route=%2Fwp%2Fv2%2Fcomments&post=807"}],"version-history":[{"count":2,"href":"https:\/\/aquienguanajuato.com\/index.php?rest_route=\/wp\/v2\/posts\/807\/revisions"}],"predecessor-version":[{"id":814,"href":"https:\/\/aquienguanajuato.com\/index.php?rest_route=\/wp\/v2\/posts\/807\/revisions\/814"}],"wp:featuredmedia":[{"embeddable":true,"href":"https:\/\/aquienguanajuato.com\/index.php?rest_route=\/wp\/v2\/media\/812"}],"wp:attachment":[{"href":"https:\/\/aquienguanajuato.com\/index.php?rest_route=%2Fwp%2Fv2%2Fmedia&parent=807"}],"wp:term":[{"taxonomy":"category","embeddable":true,"href":"https:\/\/aquienguanajuato.com\/index.php?rest_route=%2Fwp%2Fv2%2Fcategories&post=807"},{"taxonomy":"post_tag","embeddable":true,"href":"https:\/\/aquienguanajuato.com\/index.php?rest_route=%2Fwp%2Fv2%2Ftags&post=807"}],"curies":[{"name":"wp","href":"https:\/\/api.w.org\/{rel}","templated":true}]}}