{"id":772,"date":"2021-08-30T14:03:58","date_gmt":"2021-08-30T19:03:58","guid":{"rendered":"https:\/\/aquienguanajuato.com\/?p=772"},"modified":"2021-08-30T14:03:58","modified_gmt":"2021-08-30T19:03:58","slug":"felicidades-ediciones-la-rana","status":"publish","type":"post","link":"https:\/\/aquienguanajuato.com\/?p=772","title":{"rendered":"Felicidades Ediciones La Rana"},"content":{"rendered":"<p><strong>El Instituto Estatal de la Cultura<\/strong> se encuentra de manteles largos con la celebraci\u00f3n del vig\u00e9simo quinto aniversario de <strong>Ediciones La Rana<\/strong>, editorial que ha contado con el trabajo de varios servidores p\u00fablicos que, en esta ocasi\u00f3n, han sido reconocidos por su trayectoria institucional.<\/p>\n<p>En su mensaje, Mauricio V\u00e1zquez Gonz\u00e1lez, director editorial de Ediciones La Rana, record\u00f3 los primeros a\u00f1os de este sello. \u201cEn la d\u00e9cada de los setenta se sistematiza esta actividad primero durante la gobernatura de Luis Humberto Ducoing Gamba con oficinas en el antiguo hotel Orozco de la Presa. Fue don Gonzalo Arriaga, quien estuvo enfrente de esta coordinaci\u00f3n\u201d.<\/p>\n<p><img fetchpriority=\"high\" decoding=\"async\" class=\"wp-image-774 alignleft\" src=\"https:\/\/i0.wp.com\/aquienguanajuato.com\/wp-content\/uploads\/2021\/08\/IMG_0244.jpg?resize=380%2C253&#038;ssl=1\" alt=\"\" width=\"380\" height=\"253\" srcset=\"https:\/\/i0.wp.com\/aquienguanajuato.com\/wp-content\/uploads\/2021\/08\/IMG_0244-scaled.jpg?resize=800%2C533&amp;ssl=1 800w, https:\/\/i0.wp.com\/aquienguanajuato.com\/wp-content\/uploads\/2021\/08\/IMG_0244-scaled.jpg?resize=1024%2C683&amp;ssl=1 1024w, https:\/\/i0.wp.com\/aquienguanajuato.com\/wp-content\/uploads\/2021\/08\/IMG_0244-scaled.jpg?resize=768%2C512&amp;ssl=1 768w, https:\/\/i0.wp.com\/aquienguanajuato.com\/wp-content\/uploads\/2021\/08\/IMG_0244-scaled.jpg?resize=1536%2C1024&amp;ssl=1 1536w, https:\/\/i0.wp.com\/aquienguanajuato.com\/wp-content\/uploads\/2021\/08\/IMG_0244-scaled.jpg?resize=2048%2C1365&amp;ssl=1 2048w, https:\/\/i0.wp.com\/aquienguanajuato.com\/wp-content\/uploads\/2021\/08\/IMG_0244-scaled.jpg?resize=375%2C250&amp;ssl=1 375w, https:\/\/i0.wp.com\/aquienguanajuato.com\/wp-content\/uploads\/2021\/08\/IMG_0244-scaled.jpg?w=2530&amp;ssl=1 2530w\" sizes=\"(max-width: 380px) 100vw, 380px\" data-recalc-dims=\"1\" \/><\/p>\n<p>Mencion\u00f3 que a\u00f1os atr\u00e1s aparec\u00eda como Ediciones del Gobierno del Estado de Guanajuato. \u201cA partir de 1996, fecha que coincide con el cambio institucional, ya que todo lo relacionado con la cultura se hab\u00eda descentralizado y se hab\u00eda conformado el Instituto Estatal de la Cultura donde un a\u00f1o despu\u00e9s <strong>nace La Rana\u201d.<\/strong><\/p>\n<p>Dijo que su principal funci\u00f3n es la publicaci\u00f3n de libros que<strong> divulgen el vasto patrimonio cultural material e inmaterial de Guanajuato, su identidad cultural y las obras de creaci\u00f3n m\u00e1s relevantes de los guanajuatenses,<\/strong> as\u00ed como obras de valor universal escritas por autores de cualquier nacionalidad para ser editados, producidos y distribuidos.<\/p>\n<p>\u201cQu\u00e9 tarea m\u00e1s noble la de hacer libros, buscar y encontrar a los que piensan, los que crean, los que transforman, ideas, valores, percepciones del mundo mediante su poes\u00eda, su historia y publicarlos\u201d, destac\u00f3.<\/p>\n<p><img decoding=\"async\" class=\"wp-image-775 alignright\" src=\"https:\/\/i0.wp.com\/aquienguanajuato.com\/wp-content\/uploads\/2021\/08\/IMG_0285.jpg?resize=431%2C287&#038;ssl=1\" alt=\"\" width=\"431\" height=\"287\" srcset=\"https:\/\/i0.wp.com\/aquienguanajuato.com\/wp-content\/uploads\/2021\/08\/IMG_0285-scaled.jpg?resize=800%2C533&amp;ssl=1 800w, https:\/\/i0.wp.com\/aquienguanajuato.com\/wp-content\/uploads\/2021\/08\/IMG_0285-scaled.jpg?resize=1024%2C683&amp;ssl=1 1024w, https:\/\/i0.wp.com\/aquienguanajuato.com\/wp-content\/uploads\/2021\/08\/IMG_0285-scaled.jpg?resize=768%2C512&amp;ssl=1 768w, https:\/\/i0.wp.com\/aquienguanajuato.com\/wp-content\/uploads\/2021\/08\/IMG_0285-scaled.jpg?resize=1536%2C1024&amp;ssl=1 1536w, https:\/\/i0.wp.com\/aquienguanajuato.com\/wp-content\/uploads\/2021\/08\/IMG_0285-scaled.jpg?resize=2048%2C1365&amp;ssl=1 2048w, https:\/\/i0.wp.com\/aquienguanajuato.com\/wp-content\/uploads\/2021\/08\/IMG_0285-scaled.jpg?resize=375%2C250&amp;ssl=1 375w, https:\/\/i0.wp.com\/aquienguanajuato.com\/wp-content\/uploads\/2021\/08\/IMG_0285-scaled.jpg?w=2530&amp;ssl=1 2530w\" sizes=\"(max-width: 431px) 100vw, 431px\" data-recalc-dims=\"1\" \/><\/p>\n<p>Esta vez, Ra\u00fal Bravo Ferrer, coordinador de Promoci\u00f3n Editorial y Luz Ver\u00f3nica Mata Gonz\u00e1lez, coordinadora editorial, dieron voz como representantes del equipo donde nacen tantos libros, momento en el que compartieron an\u00e9cdotas de su relaci\u00f3n y formaci\u00f3n con la escritura.<\/p>\n<p><strong>Adriana Camarena de Obeso<\/strong>, directora general del Instituto Estatal de la Cultura, felicit\u00f3 a todo el equipo editorial por su trayectoria, a aquellos que durante varios lustros han formado una gran familia y se han comprometido en construir este objeto lleno de conocimientos que tiene una larga historia en la humanidad.<\/p>\n<p>\u201cEstas relaciones tan amorosas, con una historia tan importante, es lo que ha hecho la editorial. Todo lo que ha aportado en t\u00e9rminos culturales para difundir la creaci\u00f3n de nuestros guanajuatenses, eso es lo que hace del instituto una gran fortaleza, el de tener un sello que se ha ido consolidando con el trabajo de cada uno de ustedes y el favor de todos los escritores que se han acercado, que se preocupan por los lectores\u201d, comparti\u00f3.<\/p>\n<p>Para este evento se reconoci\u00f3 la labor como colaboradores y exdirectores de Mario Rodr\u00edguez Rodr\u00edguez, Gustavo Carlos G\u00f3mez R\u00edos, Octavio Torija Aguilar, Jorge Olmos Fuentes, H\u00e9ctor Hern\u00e1ndez God\u00ednez, Arturo Joel Padilla Urenda, Eva Margarita God\u00ednez L\u00f3pez y Juan Jos\u00e9 de Giovannini Sald\u00edvar.<\/p>\n<p>Por a\u00f1os de servicio, se reconoci\u00f3 al personal que labora en la Editorial, Jos\u00e9 Eliazar Rodr\u00edguez Lozano (30 a\u00f1o), Eugenio Tonatiuh Mendoza Escamila (26 a\u00f1os), Virginia D\u00edaz Mart\u00ednez (22 a\u00f1os), Mar\u00eda de los \u00c1ngeles Rea Campos (21 a\u00f1os), Jos\u00e9 de Jes\u00fas Aceves Hinojosa (17 a\u00f1os).<\/p>\n<p>As\u00ed como a Luz Ver\u00f3nica Mata Gonz\u00e1lez (17 a\u00f1os), Ra\u00fal Bravo Ferrer (15 a\u00f1os), Hilda M\u00e9ndez Ram\u00edrez (14 a\u00f1os), Jos\u00e9 Ram\u00f3n Ayala Tierrafr\u00eda (13 a\u00f1os), Jos\u00e9 Ram\u00f3n L\u00f3pez Gonz\u00e1lez (9 a\u00f1os), Miguel Solano Celaya (8 a\u00f1os), F\u00e1tima del Rosario Molina Ram\u00edrez (5 a\u00f1os).<\/p>\n<p>Actualmente Ediciones La Rana cuenta con 10 colecciones: Autores de Guanajuato, Nuestra Cultura, Artistas de Guanajuato, obras de Emilio Uranga, Biblioteca Montaigne, De Guanajuato al Mundo, Cr\u00f3nica Popular, Tercer Milenio, Barcos de papel, Artes y Oficios y la colecci\u00f3n Historia de Guanajuato.<\/p>\n","protected":false},"excerpt":{"rendered":"<p> &hellip;<\/p>\n","protected":false},"author":3,"featured_media":776,"comment_status":"open","ping_status":"open","sticky":false,"template":"","format":"standard","meta":{"_jetpack_memberships_contains_paid_content":false,"footnotes":""},"categories":[11],"tags":[20,12],"class_list":["post-772","post","type-post","status-publish","format-standard","has-post-thumbnail","hentry","category-eventos","tag-cultura","tag-guanajuato"],"jetpack_sharing_enabled":true,"jetpack_featured_media_url":"https:\/\/i0.wp.com\/aquienguanajuato.com\/wp-content\/uploads\/2021\/08\/IMG_0303-scaled.jpg?fit=2560%2C1707&ssl=1","jetpack-related-posts":[],"_links":{"self":[{"href":"https:\/\/aquienguanajuato.com\/index.php?rest_route=\/wp\/v2\/posts\/772","targetHints":{"allow":["GET"]}}],"collection":[{"href":"https:\/\/aquienguanajuato.com\/index.php?rest_route=\/wp\/v2\/posts"}],"about":[{"href":"https:\/\/aquienguanajuato.com\/index.php?rest_route=\/wp\/v2\/types\/post"}],"author":[{"embeddable":true,"href":"https:\/\/aquienguanajuato.com\/index.php?rest_route=\/wp\/v2\/users\/3"}],"replies":[{"embeddable":true,"href":"https:\/\/aquienguanajuato.com\/index.php?rest_route=%2Fwp%2Fv2%2Fcomments&post=772"}],"version-history":[{"count":1,"href":"https:\/\/aquienguanajuato.com\/index.php?rest_route=\/wp\/v2\/posts\/772\/revisions"}],"predecessor-version":[{"id":777,"href":"https:\/\/aquienguanajuato.com\/index.php?rest_route=\/wp\/v2\/posts\/772\/revisions\/777"}],"wp:featuredmedia":[{"embeddable":true,"href":"https:\/\/aquienguanajuato.com\/index.php?rest_route=\/wp\/v2\/media\/776"}],"wp:attachment":[{"href":"https:\/\/aquienguanajuato.com\/index.php?rest_route=%2Fwp%2Fv2%2Fmedia&parent=772"}],"wp:term":[{"taxonomy":"category","embeddable":true,"href":"https:\/\/aquienguanajuato.com\/index.php?rest_route=%2Fwp%2Fv2%2Fcategories&post=772"},{"taxonomy":"post_tag","embeddable":true,"href":"https:\/\/aquienguanajuato.com\/index.php?rest_route=%2Fwp%2Fv2%2Ftags&post=772"}],"curies":[{"name":"wp","href":"https:\/\/api.w.org\/{rel}","templated":true}]}}