{"id":612,"date":"2021-08-17T19:13:06","date_gmt":"2021-08-18T00:13:06","guid":{"rendered":"https:\/\/aquienguanajuato.com\/?p=612"},"modified":"2021-08-17T19:27:22","modified_gmt":"2021-08-18T00:27:22","slug":"artistas-guanajuatenses-en-el-fic-49","status":"publish","type":"post","link":"https:\/\/aquienguanajuato.com\/?p=612","title":{"rendered":"ARTISTAS GUANAJUATENSES EN EL FIC 49"},"content":{"rendered":"<p>La entidad sede del <strong>Festival Internacional Cervantino<\/strong> recuperar\u00e1 las tradiciones del estado de Guanajuato con un programa musical que unir\u00e1 el folclor de la regi\u00f3n con el lenguaje contempor\u00e1neo de los artistas que lo representan, como parte de la programaci\u00f3n en formato h\u00edbrido de la edici\u00f3n 49.<\/p>\n<p><strong>La Orquesta Sinf\u00f3nica de la Universidad de Guanajuato<\/strong> (OSUG) volver\u00e1 a los escenarios del FIC con dos participaciones en el Teatro Ju\u00e1rez. La primera se realizar\u00e1 el domingo 15 de octubre a las 21 horas, para rendir un homenaje al compositor ruso <strong>\u00cdgor Stravinsky<\/strong>, quien ser\u00e1 recordado a 50 a\u00f1os de su fallecimiento con un programa sinf\u00f3nico en tres movimientos.<\/p>\n<p>La agrupaci\u00f3n dirigida por Roberto Beltr\u00e1n Zavala cerrar\u00e1 su\u00a0 intervenci\u00f3n en esta fiesta cultural el domingo 24 de octubre a las 21 horas, con el concierto\u00a0<em>Shostakovich XIV. Canciones de amor y muerte;\u00a0<\/em>un viaje musical que incluye textos de Federico Garc\u00eda Lorca, Guillaume Apollinaire, Wilhelm K\u00fcchelbecker y Rainer Maria Rilke para transitar por la literatura universal a trav\u00e9s de la expresividad tonal de grandes pianistas sovi\u00e9ticos.<\/p>\n<p>La oferta cultural en formato presencial tambi\u00e9n incluye la participaci\u00f3n del guitarrista <strong>Jos\u00e9 Daniel Salceda Velasco,<\/strong> quien evocar\u00e1 un cl\u00e1sico de la mitolog\u00eda griega \u2013 Hermes y Apolo\u2013 bajo la composici\u00f3n l\u00edrica del creador mexicano Rodrigo Nefthal\u00ed; una historia trasladada a los acordes sonoros provenientes de la lira en simbolismo de la unificaci\u00f3n de la sociedad y la cultura en todas sus expresiones.<\/p>\n<p>Adem\u00e1s, el solista interpretar\u00e1 piezas situadas entre los siglos XX y XXI, en homenaje a diversos compositores de m\u00fasica orquestal de todo el mundo, como <strong>Lennox Berkeley, Du\u0161an Bogdanovi\u0107, S\u00e9rgio Assad,<\/strong> entre otros. El p\u00fablico Cervantino podr\u00e1 presenciar a Jos\u00e9 Daniel Salceda Velasco en la Ex Hacienda de San Gabriel de Barrera el domingo 17 de octubre a las 12:00 horas.<\/p>\n<p>La b\u00fasqueda de identidad a trav\u00e9s de la m\u00fasica fue uno de los detonantes de\u00a0<strong>La Catalana Terra,<\/strong> programa a interpretar por el <strong>Coro de la Universidad de Guanajuato<\/strong> en el Festival Cervantino en su edici\u00f3n 49.\u00a0 Con m\u00e1s de 40 a\u00f1os de tradici\u00f3n, la agrupaci\u00f3n coral formar\u00e1 parte de la programaci\u00f3n musical con un concierto integrado por obras de compositores catalanes, en manifiesto de la riqueza cultural de la regi\u00f3n espa\u00f1ola.<\/p>\n<p>El organista Narc\u00eds Casanoves, el guitarrista Fernando Sor y el fundador del movimiento coral en Espa\u00f1a, Anselmo Clav\u00e9, son algunos de los personajes que deleitar\u00e1n a la audiencia con una presentaci\u00f3n en vivo desde el Teatro Ju\u00e1rez, bajo la direcci\u00f3n de <strong>Jos\u00e9 Francisco Mart\u00ednez Rodr\u00edguez.<\/strong> \u00c9sta tendr\u00e1 lugar el lunes 18 de octubre a las 21 horas.<\/p>\n<p>La preservaci\u00f3n de las tradiciones a trav\u00e9s de la m\u00fasica es uno de los puntos de anclaje entre la m\u00fasica orquestal y el mariachi,\u00a0 expresiones a fusionarse en una presentaci\u00f3n en vivo durante la edici\u00f3n 49 del FIC, con la participaci\u00f3n de la <strong>Orquesta Sinf\u00f3nica Juvenil Silvestre Revueltas y el Mariachi del Conservatorio de Celaya.<\/strong><\/p>\n<p><em><strong>Mariachi sinf\u00f3nico<\/strong>\u00a0<\/em>comprende una selecci\u00f3n de temas populares mexicanos para recorrer la Rep\u00fablica mexicana desde los versos de\u00a0<em>El jarabe tapat\u00edo<\/em>,\u00a0<em>Qu\u00e9 bonita es mi tierra,<\/em>\u00a0<em>Caminos de Guanajuato,<\/em>\u00a0<em>El son de la negra<\/em>, entre otros. Una funci\u00f3n \u00fanica en la <strong>Explanada de la Alh\u00f3ndiga de Granaditas el mi\u00e9rcoles 20 de octubre a las 20 horas.<\/strong><\/p>\n<p>Las voces que integran la Orquesta Sinf\u00f3nica Infantil y Juvenil \u201cVientos Musicales\u201d delinear\u00e1n las regiones guanajuatenses con el programa\u00a0<strong>Ensayo sonoro sobre Guanajuato;\u00a0<\/strong>una propuesta compositiva basada en la\u00a0Fuga Geogr\u00e1fica\u00a0del compositor austriaco Ernst Toch, que remite a los or\u00edgenes de un territorio al ahondar en las ra\u00edces etimol\u00f3gicas del mismo.<\/p>\n<p>La agrupaci\u00f3n \u2014que re\u00fane el talento infantil y juvenil de la regi\u00f3n\u2014 acercar\u00e1 al p\u00fablico Cervantino a sus ra\u00edces culturales en un concierto que<strong> tiene por objetivo conservar y difundir la m\u00fasica tradicional del estado.<\/strong> Este evento se llevar\u00e1 a cabo en la Explanada de la Alh\u00f3ndiga de Granaditas, el lunes 25 de octubre a las 20 horas.<\/p>\n<p><strong>Derwen Ensamble<\/strong> tendr\u00e1 lugar en el escenario virtual el martes 19 de octubre a las 19 horas, con\u00a0<strong>Modus Universalia,<\/strong> una selecci\u00f3n de piezas musicales fundadas en una cronolog\u00eda distinta que atienden un mismo prop\u00f3sito, la estimulaci\u00f3n del sentido auditivo mediante la ejecuci\u00f3n de instrumentos antiguos y modernos .<\/p>\n<p>La mezcla y preservaci\u00f3n de sonoridades nacientes en distintos periodos temporales \u2014<strong>Medievo, Renacimiento y Barroco<\/strong>\u2014 es parte de la vocaci\u00f3n de este conjunto musical, representante del estado anfitri\u00f3n.<\/p>\n<p><strong>El Cuarteto Solar<\/strong> experimentar\u00e1 un concierto en l\u00ednea desde la plataforma oficial del FIC. La agrupaci\u00f3n originaria de Le\u00f3n, Guanajuato, presentar\u00e1 su colaboraci\u00f3n m\u00e1s reciente con la cantante Tania Ugalde, quienes interpretar\u00e1n ocho temas originales enmarcados en <strong>el lenguaje del jazz contempor\u00e1neo.\u00a0<\/strong><\/p>\n<p>Del suave aliento de las palabras\u00a0es un programa, bajo la direcci\u00f3n de <strong>Adalberto de Jes\u00fas Tovar<\/strong>, que retoma el lenguaje ret\u00f3rico plasmado en notas musicales, basado en la poes\u00eda cl\u00e1sica mexicana de Sor Juana In\u00e9s de la Cruz, Francisco Terrazas, Nezahualc\u00f3yotl, Juan Ruiz de Alarc\u00f3n, entre otros. Esta combinaci\u00f3n po\u00e9tico musical podr\u00e1 disfrutarse el domingo 24 de octubre a las 19 horas desde la plataforma oficial del festival.<\/p>\n<p>\u00bfQu\u00e9 piensa un compositor al momento de interpretar una obra? \u00c9sta es una de las interrogantes planteadas para la resoluci\u00f3n esc\u00e9nica de\u00a0Rehearsal, una de las piezas que conforman el programa virtual de <strong>Ensamble a Tempo en su participaci\u00f3n durante el FIC 49, dirigido por Enrique Eskeda.<\/strong><\/p>\n<p>La agrupaci\u00f3n radicada en Guanajuato presentar\u00e1 un repertorio que recupera la obra de compositores mexicanos, como <strong>Ricardo Dur\u00e1n Barney, Gabriel Salcedo Sans\u00f3n y Ricardo Ram\u00edrez Dur\u00e1n<\/strong>. Su propuesta musical tiene como objetivo difundir la m\u00fasica contempor\u00e1nea nacional, mediante la generaci\u00f3n de experiencias electroac\u00fasticas soportadas por elementos audiovisuales creados en tiempo real. Ensamble a Tempo ofrecer\u00e1 un concierto desde el <strong>escenario virtual del FIC el martes 26 de octubre a las 19 horas.<\/strong><\/p>\n<p>El romanticismo franc\u00e9s y el nacionalismo mexicano fueron inspiraci\u00f3n de\u00a0<strong>Voces y ecos de dos siglos,<\/strong> una selecci\u00f3n de obras escritas entre los siglos XIX y XX que recopila el legado de grandes compositores, como Fryderyk Chopin, Maurice Ravel, Ricardo Castro, Manuel M. Ponce y Jos\u00e9 Pablo Moncayo, bajo la interpretaci\u00f3n del pianista guanajuatense Braulio Alcaraz.<\/p>\n<p>El solista llegar\u00e1 al escenario del FIC el viernes 29 de octubre a las 13 horas, con un concierto en l\u00ednea de piano que exaltar\u00e1 la versatilidad y expresividad musical del artista. <strong>El p\u00fablico Cervantino transitar\u00e1 por dos \u00e9pocas de la historia<\/strong>, marcadas por el legado sonoro de autores con estilos, t\u00e9cnicas y estructuras mel\u00f3dicas de distinta \u00edndole.<\/p>\n<p>El Festival Internacional Cervantino <strong>se realizar\u00e1 bajo estrictos protocolos de salud, con la finalidad que el p\u00fablico pueda disfrutar de las actividades presenciales en los espacios de Guanajuato.<\/strong> El uso de cubrebocas obligatorio, la aplicaci\u00f3n de gel antibacterial, el respeto a la sana distancia y los aforos limitados en recintos abiertos y cerrados son algunas de las medidas implementadas para salvaguardar la salud del p\u00fablico asistente.<\/p>\n<p>Visita las redes sociales del festival en Twitter (@cervantino), Facebook (\/Cervantino) e Instagram (@cervantino). Sigue las redes sociales de la Secretar\u00eda de Cultura en Twitter (@cultura_mx), Facebook (\/SecretariaCulturaMX) e Instagram (@culturamx).<\/p>\n","protected":false},"excerpt":{"rendered":"<p> &hellip;<\/p>\n","protected":false},"author":3,"featured_media":615,"comment_status":"open","ping_status":"open","sticky":false,"template":"","format":"standard","meta":{"_jetpack_memberships_contains_paid_content":false,"footnotes":""},"categories":[26,11],"tags":[36,19,12],"class_list":["post-612","post","type-post","status-publish","format-standard","has-post-thumbnail","hentry","category-cultura","category-eventos","tag-cervantino","tag-conciertos","tag-guanajuato"],"jetpack_sharing_enabled":true,"jetpack_featured_media_url":"https:\/\/i0.wp.com\/aquienguanajuato.com\/wp-content\/uploads\/2021\/08\/unnamed-3-e1629245477561.jpg?fit=400%2C300&ssl=1","jetpack-related-posts":[],"_links":{"self":[{"href":"https:\/\/aquienguanajuato.com\/index.php?rest_route=\/wp\/v2\/posts\/612","targetHints":{"allow":["GET"]}}],"collection":[{"href":"https:\/\/aquienguanajuato.com\/index.php?rest_route=\/wp\/v2\/posts"}],"about":[{"href":"https:\/\/aquienguanajuato.com\/index.php?rest_route=\/wp\/v2\/types\/post"}],"author":[{"embeddable":true,"href":"https:\/\/aquienguanajuato.com\/index.php?rest_route=\/wp\/v2\/users\/3"}],"replies":[{"embeddable":true,"href":"https:\/\/aquienguanajuato.com\/index.php?rest_route=%2Fwp%2Fv2%2Fcomments&post=612"}],"version-history":[{"count":2,"href":"https:\/\/aquienguanajuato.com\/index.php?rest_route=\/wp\/v2\/posts\/612\/revisions"}],"predecessor-version":[{"id":617,"href":"https:\/\/aquienguanajuato.com\/index.php?rest_route=\/wp\/v2\/posts\/612\/revisions\/617"}],"wp:featuredmedia":[{"embeddable":true,"href":"https:\/\/aquienguanajuato.com\/index.php?rest_route=\/wp\/v2\/media\/615"}],"wp:attachment":[{"href":"https:\/\/aquienguanajuato.com\/index.php?rest_route=%2Fwp%2Fv2%2Fmedia&parent=612"}],"wp:term":[{"taxonomy":"category","embeddable":true,"href":"https:\/\/aquienguanajuato.com\/index.php?rest_route=%2Fwp%2Fv2%2Fcategories&post=612"},{"taxonomy":"post_tag","embeddable":true,"href":"https:\/\/aquienguanajuato.com\/index.php?rest_route=%2Fwp%2Fv2%2Ftags&post=612"}],"curies":[{"name":"wp","href":"https:\/\/api.w.org\/{rel}","templated":true}]}}