{"id":580,"date":"2021-08-09T10:59:31","date_gmt":"2021-08-09T15:59:31","guid":{"rendered":"https:\/\/aquienguanajuato.com\/?p=580"},"modified":"2021-08-09T15:30:05","modified_gmt":"2021-08-09T20:30:05","slug":"canta-guanajuato-con-ramon-vargas","status":"publish","type":"post","link":"https:\/\/aquienguanajuato.com\/?p=580","title":{"rendered":"Canta Guanajuato con Ram\u00f3n Vargas"},"content":{"rendered":"<p>No pod\u00eda ser de otra forma, maravilloso concierto el que nos ofreci\u00f3 el gran tenor <strong>Ram\u00f3n Vargas<\/strong> con su programa <strong>Passsione<\/strong> el pasado s\u00e1bado en el <strong>Teatro Ju\u00e1rez.<\/strong><\/p>\n<p>Conocido a nivel internacional como <strong>una de las mejores voces que ha dado el mundo contempor\u00e1neo<\/strong> y que es orgullosamente mexicano Vargas present\u00f3 una serie de canciones napolitanas para abrir boca adem\u00e1s de piezas de Giacomo Puccini y Francesco Cilea para homenajear la \u00f3pera.<\/p>\n<p>La maestranza en el piano fue a cargo de <strong>Andr\u00e9s Sarr\u00e9<\/strong> joven promesa y preparador vocal, quien amalgam\u00f3 de manera perfecta cada una de las interpretaciones del tenor.<\/p>\n<p>Encantadora la segunda parte que dej\u00f3 al p\u00fablico m\u00e1s que satisfecho, <strong>desde Agust\u00edn Lara, Maria Grever hasta Armando Manzanero fueron parte del repertorio.<\/strong><\/p>\n<p>Que mejor manera de terminar el recital con <strong>&#8220;Un Mundo Raro de Jos\u00e9 Alfredo Jim\u00e9nez&#8221;<\/strong> y los aplausos de los asistentes que con j\u00fabilo y gozo salieron del teatro para seguir disfrutando de la velada en el bar del Ju\u00e1rez.<\/p>\n<p>Luego de aparecer por \u00faltima vez en Guanajuato el pasado 2008 Ram\u00f3n Vargas regres\u00f3 a la ciudad para continuar su gran legado art\u00edstico al dejar para todos, <strong>un recital inolvidable.<\/strong><\/p>\n<p>Aclamado en Europa y Estados Unidos <strong>con una carrera de 40 a\u00f1os<\/strong> el gran tenor sigue cosechando \u00e9xitos a d\u00f3nde va.<\/p>\n<p>\u00c9l y su esposa presiden <strong>la Fundaci\u00f3n que da nombre a la memoria de su hijo Eduardo<\/strong>, una labor que tiene como objetivo el apoyo a ni\u00f1os con discapacidad en M\u00e9xico.<\/p>\n<p><img fetchpriority=\"high\" decoding=\"async\" class=\"aligncenter size-medium wp-image-581\" src=\"https:\/\/i0.wp.com\/aquienguanajuato.com\/wp-content\/uploads\/2021\/08\/WhatsApp-Image-2021-08-07-at-7.45.40-PM-1.jpeg?resize=800%2C601&#038;ssl=1\" alt=\"\" width=\"800\" height=\"601\" srcset=\"https:\/\/i0.wp.com\/aquienguanajuato.com\/wp-content\/uploads\/2021\/08\/WhatsApp-Image-2021-08-07-at-7.45.40-PM-1.jpeg?resize=800%2C601&amp;ssl=1 800w, https:\/\/i0.wp.com\/aquienguanajuato.com\/wp-content\/uploads\/2021\/08\/WhatsApp-Image-2021-08-07-at-7.45.40-PM-1.jpeg?resize=1024%2C769&amp;ssl=1 1024w, https:\/\/i0.wp.com\/aquienguanajuato.com\/wp-content\/uploads\/2021\/08\/WhatsApp-Image-2021-08-07-at-7.45.40-PM-1.jpeg?resize=768%2C577&amp;ssl=1 768w, https:\/\/i0.wp.com\/aquienguanajuato.com\/wp-content\/uploads\/2021\/08\/WhatsApp-Image-2021-08-07-at-7.45.40-PM-1.jpeg?resize=333%2C250&amp;ssl=1 333w, https:\/\/i0.wp.com\/aquienguanajuato.com\/wp-content\/uploads\/2021\/08\/WhatsApp-Image-2021-08-07-at-7.45.40-PM-1.jpeg?w=1156&amp;ssl=1 1156w\" sizes=\"(max-width: 800px) 100vw, 800px\" data-recalc-dims=\"1\" \/><\/p>\n","protected":false},"excerpt":{"rendered":"<p> &hellip;<\/p>\n","protected":false},"author":3,"featured_media":582,"comment_status":"open","ping_status":"open","sticky":false,"template":"","format":"standard","meta":{"_jetpack_memberships_contains_paid_content":false,"footnotes":""},"categories":[26,11],"tags":[19,20,12,21],"class_list":["post-580","post","type-post","status-publish","format-standard","has-post-thumbnail","hentry","category-cultura","category-eventos","tag-conciertos","tag-cultura","tag-guanajuato","tag-teatro-juarez"],"jetpack_sharing_enabled":true,"jetpack_featured_media_url":"https:\/\/i0.wp.com\/aquienguanajuato.com\/wp-content\/uploads\/2021\/08\/WhatsApp-Image-2021-08-07-at-7.45.40-PM-2-e1628524634644.jpeg?fit=400%2C533&ssl=1","jetpack-related-posts":[],"_links":{"self":[{"href":"https:\/\/aquienguanajuato.com\/index.php?rest_route=\/wp\/v2\/posts\/580","targetHints":{"allow":["GET"]}}],"collection":[{"href":"https:\/\/aquienguanajuato.com\/index.php?rest_route=\/wp\/v2\/posts"}],"about":[{"href":"https:\/\/aquienguanajuato.com\/index.php?rest_route=\/wp\/v2\/types\/post"}],"author":[{"embeddable":true,"href":"https:\/\/aquienguanajuato.com\/index.php?rest_route=\/wp\/v2\/users\/3"}],"replies":[{"embeddable":true,"href":"https:\/\/aquienguanajuato.com\/index.php?rest_route=%2Fwp%2Fv2%2Fcomments&post=580"}],"version-history":[{"count":3,"href":"https:\/\/aquienguanajuato.com\/index.php?rest_route=\/wp\/v2\/posts\/580\/revisions"}],"predecessor-version":[{"id":588,"href":"https:\/\/aquienguanajuato.com\/index.php?rest_route=\/wp\/v2\/posts\/580\/revisions\/588"}],"wp:featuredmedia":[{"embeddable":true,"href":"https:\/\/aquienguanajuato.com\/index.php?rest_route=\/wp\/v2\/media\/582"}],"wp:attachment":[{"href":"https:\/\/aquienguanajuato.com\/index.php?rest_route=%2Fwp%2Fv2%2Fmedia&parent=580"}],"wp:term":[{"taxonomy":"category","embeddable":true,"href":"https:\/\/aquienguanajuato.com\/index.php?rest_route=%2Fwp%2Fv2%2Fcategories&post=580"},{"taxonomy":"post_tag","embeddable":true,"href":"https:\/\/aquienguanajuato.com\/index.php?rest_route=%2Fwp%2Fv2%2Ftags&post=580"}],"curies":[{"name":"wp","href":"https:\/\/api.w.org\/{rel}","templated":true}]}}