{"id":462,"date":"2021-07-14T13:24:45","date_gmt":"2021-07-14T18:24:45","guid":{"rendered":"https:\/\/aquienguanajuato.com\/?p=462"},"modified":"2021-07-14T21:10:13","modified_gmt":"2021-07-15T02:10:13","slug":"presentan-giff-2021-se-va-de-guanajuato","status":"publish","type":"post","link":"https:\/\/aquienguanajuato.com\/?p=462","title":{"rendered":"Presentan GIFF 2021, se va de Guanajuato"},"content":{"rendered":"\n<figure class=\"wp-block-image size-large\"><img fetchpriority=\"high\" decoding=\"async\" width=\"1024\" height=\"822\" src=\"https:\/\/i0.wp.com\/aquienguanajuato.com\/wp-content\/uploads\/2021\/07\/IMG_20210714_130736.jpg?resize=1024%2C822&#038;ssl=1\" alt=\"\" class=\"wp-image-464\" srcset=\"https:\/\/i0.wp.com\/aquienguanajuato.com\/wp-content\/uploads\/2021\/07\/IMG_20210714_130736-scaled.jpg?resize=1024%2C822&amp;ssl=1 1024w, https:\/\/i0.wp.com\/aquienguanajuato.com\/wp-content\/uploads\/2021\/07\/IMG_20210714_130736-scaled.jpg?resize=800%2C642&amp;ssl=1 800w, https:\/\/i0.wp.com\/aquienguanajuato.com\/wp-content\/uploads\/2021\/07\/IMG_20210714_130736-scaled.jpg?resize=768%2C617&amp;ssl=1 768w, https:\/\/i0.wp.com\/aquienguanajuato.com\/wp-content\/uploads\/2021\/07\/IMG_20210714_130736-scaled.jpg?resize=1536%2C1233&amp;ssl=1 1536w, https:\/\/i0.wp.com\/aquienguanajuato.com\/wp-content\/uploads\/2021\/07\/IMG_20210714_130736-scaled.jpg?resize=2048%2C1645&amp;ssl=1 2048w, https:\/\/i0.wp.com\/aquienguanajuato.com\/wp-content\/uploads\/2021\/07\/IMG_20210714_130736-scaled.jpg?resize=498%2C400&amp;ssl=1 498w, https:\/\/i0.wp.com\/aquienguanajuato.com\/wp-content\/uploads\/2021\/07\/IMG_20210714_130736-scaled.jpg?w=2530&amp;ssl=1 2530w\" sizes=\"(max-width: 1024px) 100vw, 1024px\" data-recalc-dims=\"1\" \/><\/figure>\n\n\n\n<p>Son muchas, much\u00edsimas buenas historias las que ha tra\u00eddo el Festival Internacional de Cine Guanajuato GIFF que no alcanzar\u00eda lienzo para escribirlas todas. <\/p>\n\n\n\n<p>Ese espacio que desde que vi\u00f3 la luz hace 24 a\u00f1os en 1998 como Expresi\u00f3n en Corto aprendi\u00f3 a caminar con paso firme entre sus dos ciudades sede Guanajuato capital y San Miguel de Allende, vivi\u00f3 su adolescencia llen\u00e1ndose de la energ\u00eda y carisma de sus voluntarios, madur\u00f3 y con el cambio de nombre sum\u00f3 a personalidades del mundo de la cinematograf\u00eda que pensamos eran un sue\u00f1o lejano para los que amamos el s\u00e9ptimo arte.<\/p>\n\n\n\n<p>C\u00f3mo olvidar los rallys por la ciudad, Rub\u00e9n Albarr\u00e1n armando fiesta con sus tacubos, Tim Burton en el Museo de las Momias, las magnas conferencias de Oliver Stone, Gaspar No\u00e9, Fatih Akin, Dany Boyle. El estreno de Amores Perros y la visita de Gael Garc\u00eda Bernal.<\/p>\n\n\n\n<p>Los nuevos talentos ahora convertidos en directores premiados en los mejores festivales del mundo como Amat Escalante y Michelle Franco, m\u00e1s recientemente Edgar Nito y su \u00f3pera prima Huachicolero. El proyecto de Identidad y Pertenecia y las noches de cortos en los t\u00faneles de nuestro bello Guanajuato.<\/p>\n\n\n\n<p>Las cosas buenas, estoy segura, seguir\u00e1n sucediendo para GIFF pero un poco lejitos de nuestro Teatro Ju\u00e1rez y del Auditorio del Estado. Hoy en conferencia de prensa se anunciaron las dos nuevas sedes: Le\u00f3n e Irapuato; se mantiene San Miguel de Allende.<\/p>\n\n\n\n<p>Sin duda este 2021 ser\u00e1 la edici\u00f3n m\u00e1s emotiva pues el homenaje principal ser\u00e1 para nuestro querido Ernesto Herrera quien lamentablemente perdi\u00f3 la batalla contra el Covid en meses pasados. <\/p>\n\n\n\n<p>Sara Hoch, directora ejecutiva y fundadora de GIFF acompa\u00f1ada del Secretario de Turismo de Guanajuato, Juan Jos\u00e9 \u00c1lvarez Brunel, el alcalde de San Miguel de Allende, Jes\u00fas Gonz\u00e1lez, La directora de Turismo de Le\u00f3n,  Gloria Magaly Cano, el director de Promoci\u00f3n Art\u00edstica del IEC, \u00c1lvaro Lara, la directora de Cultura de Irapuato,  Atala Solorio y el director del F\u00f3rum Cultural,  Ram\u00f3n Lemus di\u00f3 a conocer las fechas en que se llevar\u00e1 a cabo el festival. <\/p>\n\n\n\n<p>Del 18 al 20 de septiembre se arranca en el F\u00f3rum Cultural teniendo como espacios de exhibici\u00f3n: Auditorio Mateo Herrera, Teatro del Bicentenario,  Teatro Estudio,  Museo de Arte e Historia, Plaza de Gallos y Cinemex Plaza Mayor.<\/p>\n\n\n\n<p>Del 21 a 23 de septiembre en San Miguel de Allende estar\u00e1n listas las sedes del Jard\u00edn Principal, Centro Cultural Nigromante y Cinemex Plaza Luci\u00e9rnaga. Trascendi\u00f3 que el Rally Universitario se realizar\u00e1 all\u00e1 y se cuenta con 6 equipos que est\u00e1n trabajando sus guiones a filmar.<\/p>\n\n\n\n<p>En Irapuato estar\u00e1 del 24 al 26 de septiembre en el Teatro de la ciudad, Museo de la ciudad y Cinemex Plaza Jacarandas .<\/p>\n\n\n\n<p>Todas estas sedes en las tres ciudades tendr\u00e1n la modalidad de cinema picnic para ofrecer exhibiciones al aire libre. <\/p>\n\n\n\n<figure class=\"wp-block-image size-large\"><img decoding=\"async\" width=\"1024\" height=\"682\" src=\"https:\/\/i0.wp.com\/aquienguanajuato.com\/wp-content\/uploads\/2021\/07\/IMG_20210714_130556.jpg?resize=1024%2C682&#038;ssl=1\" alt=\"\" class=\"wp-image-465\" srcset=\"https:\/\/i0.wp.com\/aquienguanajuato.com\/wp-content\/uploads\/2021\/07\/IMG_20210714_130556-scaled.jpg?resize=1024%2C682&amp;ssl=1 1024w, https:\/\/i0.wp.com\/aquienguanajuato.com\/wp-content\/uploads\/2021\/07\/IMG_20210714_130556-scaled.jpg?resize=800%2C533&amp;ssl=1 800w, https:\/\/i0.wp.com\/aquienguanajuato.com\/wp-content\/uploads\/2021\/07\/IMG_20210714_130556-scaled.jpg?resize=768%2C512&amp;ssl=1 768w, https:\/\/i0.wp.com\/aquienguanajuato.com\/wp-content\/uploads\/2021\/07\/IMG_20210714_130556-scaled.jpg?resize=1536%2C1023&amp;ssl=1 1536w, https:\/\/i0.wp.com\/aquienguanajuato.com\/wp-content\/uploads\/2021\/07\/IMG_20210714_130556-scaled.jpg?resize=2048%2C1364&amp;ssl=1 2048w, https:\/\/i0.wp.com\/aquienguanajuato.com\/wp-content\/uploads\/2021\/07\/IMG_20210714_130556-scaled.jpg?resize=600%2C400&amp;ssl=1 600w, https:\/\/i0.wp.com\/aquienguanajuato.com\/wp-content\/uploads\/2021\/07\/IMG_20210714_130556-scaled.jpg?w=2530&amp;ssl=1 2530w\" sizes=\"(max-width: 1024px) 100vw, 1024px\" data-recalc-dims=\"1\" \/><\/figure>\n\n\n\n<p>Los invitados especiales y programaci\u00f3n del festival se dar\u00e1n a conocer en fechas pr\u00f3ximas pues la celebraci\u00f3n se apegar\u00e1 a las normas de sanidad que dicte el gobierno estatal.<\/p>\n\n\n\n<p>Del 17 al 26 de septiembre se seguir\u00e1 contando con la plataforma virtual para que un mayor n\u00famero de cin\u00e9filos pueda acceder a ver las cintas en competencia.<\/p>\n\n\n\n<p>Adem\u00e1s, Sara puntualiz\u00f3 que este 2021 es el a\u00f1o donde m\u00e1s pel\u00edculas se han inscrito al festival sumando 3,274 provenientes de 132 pa\u00edses, de esas 962 son nacionales y de los 32 estados del pa\u00eds.<\/p>\n\n\n\n<p>A pregunta expresa de los medios sobre la decisi\u00f3n de ya no contar a Guanajuato como sede, Hoch dijo &#8220;No podemos estar en donde no nos reciben&#8221; aunque mesurada en sus palabras dej\u00f3 ver que las negociaciones con las autoridades locales evidentemente no llegaron a buen puerto. <\/p>\n\n\n\n<p>Podr\u00edamos decir que GIFF comenzar\u00e1 una nueva etapa sin tener entre sus filas a Guanajuato capital. Deseamos que el \u00e9xito contin\u00fae y que est\u00e1 nueva normalidad nos permita gozar a tope. \u00a1MAS CINE POR FAVOR!<\/p>\n\n\n\n<figure class=\"wp-block-image size-large\"><img decoding=\"async\" width=\"1024\" height=\"525\" src=\"https:\/\/i0.wp.com\/aquienguanajuato.com\/wp-content\/uploads\/2021\/07\/image_editor_output_image-1224437564-1626287787089.jpg?resize=1024%2C525&#038;ssl=1\" alt=\"\" class=\"wp-image-466\" srcset=\"https:\/\/i0.wp.com\/aquienguanajuato.com\/wp-content\/uploads\/2021\/07\/image_editor_output_image-1224437564-1626287787089.jpg?resize=1024%2C525&amp;ssl=1 1024w, https:\/\/i0.wp.com\/aquienguanajuato.com\/wp-content\/uploads\/2021\/07\/image_editor_output_image-1224437564-1626287787089.jpg?resize=800%2C410&amp;ssl=1 800w, https:\/\/i0.wp.com\/aquienguanajuato.com\/wp-content\/uploads\/2021\/07\/image_editor_output_image-1224437564-1626287787089.jpg?resize=768%2C394&amp;ssl=1 768w, https:\/\/i0.wp.com\/aquienguanajuato.com\/wp-content\/uploads\/2021\/07\/image_editor_output_image-1224437564-1626287787089.jpg?resize=1536%2C788&amp;ssl=1 1536w, https:\/\/i0.wp.com\/aquienguanajuato.com\/wp-content\/uploads\/2021\/07\/image_editor_output_image-1224437564-1626287787089.jpg?resize=2048%2C1051&amp;ssl=1 2048w, https:\/\/i0.wp.com\/aquienguanajuato.com\/wp-content\/uploads\/2021\/07\/image_editor_output_image-1224437564-1626287787089.jpg?resize=708%2C363&amp;ssl=1 708w\" sizes=\"(max-width: 1024px) 100vw, 1024px\" data-recalc-dims=\"1\" \/><\/figure>\n","protected":false},"excerpt":{"rendered":"<p> &hellip;<\/p>\n","protected":false},"author":3,"featured_media":461,"comment_status":"open","ping_status":"open","sticky":false,"template":"","format":"standard","meta":{"_jetpack_memberships_contains_paid_content":false,"footnotes":""},"categories":[26,11],"tags":[25,34,12],"class_list":["post-462","post","type-post","status-publish","format-standard","has-post-thumbnail","hentry","category-cultura","category-eventos","tag-cine","tag-giff","tag-guanajuato"],"jetpack_sharing_enabled":true,"jetpack_featured_media_url":"https:\/\/i0.wp.com\/aquienguanajuato.com\/wp-content\/uploads\/2021\/07\/IMG-20210714-WA0069.jpg?fit=400%2C400&ssl=1","jetpack-related-posts":[],"_links":{"self":[{"href":"https:\/\/aquienguanajuato.com\/index.php?rest_route=\/wp\/v2\/posts\/462","targetHints":{"allow":["GET"]}}],"collection":[{"href":"https:\/\/aquienguanajuato.com\/index.php?rest_route=\/wp\/v2\/posts"}],"about":[{"href":"https:\/\/aquienguanajuato.com\/index.php?rest_route=\/wp\/v2\/types\/post"}],"author":[{"embeddable":true,"href":"https:\/\/aquienguanajuato.com\/index.php?rest_route=\/wp\/v2\/users\/3"}],"replies":[{"embeddable":true,"href":"https:\/\/aquienguanajuato.com\/index.php?rest_route=%2Fwp%2Fv2%2Fcomments&post=462"}],"version-history":[{"count":4,"href":"https:\/\/aquienguanajuato.com\/index.php?rest_route=\/wp\/v2\/posts\/462\/revisions"}],"predecessor-version":[{"id":469,"href":"https:\/\/aquienguanajuato.com\/index.php?rest_route=\/wp\/v2\/posts\/462\/revisions\/469"}],"wp:featuredmedia":[{"embeddable":true,"href":"https:\/\/aquienguanajuato.com\/index.php?rest_route=\/wp\/v2\/media\/461"}],"wp:attachment":[{"href":"https:\/\/aquienguanajuato.com\/index.php?rest_route=%2Fwp%2Fv2%2Fmedia&parent=462"}],"wp:term":[{"taxonomy":"category","embeddable":true,"href":"https:\/\/aquienguanajuato.com\/index.php?rest_route=%2Fwp%2Fv2%2Fcategories&post=462"},{"taxonomy":"post_tag","embeddable":true,"href":"https:\/\/aquienguanajuato.com\/index.php?rest_route=%2Fwp%2Fv2%2Ftags&post=462"}],"curies":[{"name":"wp","href":"https:\/\/api.w.org\/{rel}","templated":true}]}}