{"id":449,"date":"2021-07-12T19:00:59","date_gmt":"2021-07-13T00:00:59","guid":{"rendered":"https:\/\/aquienguanajuato.com\/?p=449"},"modified":"2021-07-12T14:23:48","modified_gmt":"2021-07-12T19:23:48","slug":"raiz-mexico-llega-a-todo-guanajuato","status":"publish","type":"post","link":"https:\/\/aquienguanajuato.com\/?p=449","title":{"rendered":"Ra\u00edz M\u00e9xico llega a todo Guanajuato"},"content":{"rendered":"<p>Este mes arranc\u00f3 el programa<strong> Ra\u00edz M\u00e9xico 2021<\/strong>, con un total de 18 grupos art\u00edsticos que iniciaron su presentaci\u00f3n desde el pasado <strong>9 de julio y hasta el 21 de agosto<\/strong> en diferentes municipios de la entidad, cuyo objetivo es incentivar a la comunidad y garantizar que la sociedad tenga acceso a productos y contenidos de calidad, mediante el apoyo del<strong> Instituto Estatal de la Cultura.<\/strong><\/p>\n<p>Los proyectos que participan son:\u00a0Los Teatreros del Rancho, Sindy Guti\u00e9rrez y Cuarteto de cuerdas Paax K\u2019aay; Bernardo Humberto Govea V\u00e1zquez, Anexo changements, Pedro Sosa, Mar\u00eda Eugenia Jones Mart\u00ednez, de Luna Negra Teatro; Capella Guanajuatensis, ensamble de m\u00fasica barroca; Roldana Artes Vivas; Impulsus \/ Comediantes Pantomima-Teatro; Andrea Parra, Mario Ortiz, Teatro Demediado, Cuarteto Solar ft. Tania Ugalde, Moebius Teatro Clown, D\u00fao Viol\u00edn\/Viola y contrabajo, Los Arribe\u00f1os, Fact\u00f3tum Escena y la Compa\u00f1\u00eda de Danza Experimental de Lola Lince.<\/p>\n<p><strong>No se pueden perder la oportunidad de verlos, disfrutarlos y reflexionarlos.<\/strong><\/p>\n<p>Afianzar el amor y cobijo por la cultura y las bellas artes es parte fundamental del crecimiento integral del ser humano. Los invitamos a que sean parte de este panorama tan amplio de actividades y est\u00e9n la pendiente de sus presentaciones.<\/p>\n<p><img fetchpriority=\"high\" decoding=\"async\" class=\"aligncenter size-full wp-image-450\" src=\"https:\/\/i0.wp.com\/aquienguanajuato.com\/wp-content\/uploads\/2021\/07\/2.jpg?resize=463%2C347&#038;ssl=1\" alt=\"\" width=\"463\" height=\"347\" data-recalc-dims=\"1\" \/><\/p>\n<p><strong>Nombre: \u00a1Tejonzila!<\/strong><\/p>\n<p>Grupo: Bernardo Humberto Govea V\u00e1zquez<\/p>\n<p>Lugar: Auditorio de Casa de la Cultura Yuriria<\/p>\n<p>Fecha: viernes 16 de julio del 2021<\/p>\n<p>Hora: 18:00 hrs.<\/p>\n<p>&nbsp;<\/p>\n<p><strong>Nombre: Anexo changements<\/strong><\/p>\n<p>Grupo: Gato Negro<\/p>\n<p>Lugar: Jard\u00edn Principal Uriangato<\/p>\n<p>Fecha: Domingo 18 de julio del 2021<\/p>\n<p>Hora: 18:00 hrs.<\/p>\n<p>&nbsp;<\/p>\n<p><strong>Nombre: Diferencias<\/strong><\/p>\n<p>Grupo: Pedro Sosa<\/p>\n<p>Lugar: Sal\u00f3n de Usos m\u00faltiples de Casa de la Cultura Tarimoro<\/p>\n<p>Fecha: jueves 29 de julio del 2021<\/p>\n<p>Hora: 12:00 hrs.<\/p>\n<p>&nbsp;<\/p>\n<p><strong>Nombre: Maruca la bruja y las fiestas del cielo y el mar<\/strong><\/p>\n<p>Grupo: Mar\u00eda Eugenia Jones Mart\u00ednez de Luna Negra Teatro<\/p>\n<p>Lugar: Plaza Principal Romita<\/p>\n<p>Fecha: viernes 30 de julio del 2021<\/p>\n<p>Hora: 17:00 hrs<\/p>\n<p>&nbsp;<\/p>\n<p><strong>Nombre: Sonata representativa (las voces de la naturaleza en la m\u00fasica)<\/strong><\/p>\n<p>Grupo: Capella Guanajuatensis. Ensamble de m\u00fasica barroca<\/p>\n<p>Lugar: Parroquia de San Jos\u00e9 Cort\u00e1zar<\/p>\n<p>Fecha: viernes 30 de julio del 2021<\/p>\n<p>Hora: 20:00 hrs<\/p>\n<p>&nbsp;<\/p>\n<p><strong>Nombre: El tiempo de los cactus<\/strong><\/p>\n<p>Grupo: Roldana Artes Vivas<\/p>\n<p>Lugar: Plaza Principal San Diego de la Uni\u00f3n<\/p>\n<p>Fecha: Domingo 1 de agosto del 2021<\/p>\n<p>Hora: 20:00 hrs.<\/p>\n<p>&nbsp;<\/p>\n<p><strong>Nombre: Itacate<\/strong><\/p>\n<p>Grupo: Impulsus \/ Comediantes Pantomima-Teatro<\/p>\n<p>Lugar: Jard\u00edn Principal Tarandacuao<\/p>\n<p>Fecha: Domingo 1 de agosto del 2021<\/p>\n<p>Hora: 13:00 hrs.<\/p>\n<p>&nbsp;<\/p>\n<p><strong>Nombre: Flor\u00edn y Romblades. La resistencia del sonido<\/strong><\/p>\n<p>Grupo: Andrea Parra<\/p>\n<p>Lugar: Plaza Principal Dolores Hidalgo<\/p>\n<p>Fecha: viernes 6 de agosto del 2021<\/p>\n<p>Hora: 18:00 hrs<\/p>\n<p>&nbsp;<\/p>\n<p><strong>Nombre: Recital de guitarra: M\u00fasica del mundo inspirada en la naturaleza<\/strong><\/p>\n<p>Grupo: Mario Ortiz<\/p>\n<p>Lugar: Plaza Principal Ocampo<\/p>\n<p>Fecha: viernes 6 de agosto del 2021<\/p>\n<p>Hora: 19:00 hrs.<\/p>\n<p>&nbsp;<\/p>\n<p><strong>Nombre: La vaca que se cre\u00eda mariposa<\/strong><\/p>\n<p>Grupo: Teatro Demediado<\/p>\n<p>Lugar: Plaza Principal Xich\u00fa<\/p>\n<p>Fecha: s\u00e1bado 7 de agosto del 2021<\/p>\n<p>Hora: 18:00 hrs.<\/p>\n<p>&nbsp;<\/p>\n<p><strong>Nombre: Del suave aliento de las palabras<\/strong><\/p>\n<p>Grupo: Cuarteto Solar ft. Tania Ugalde<\/p>\n<p>Lugar: Plaza Principal Irapuato<\/p>\n<p>Fecha: viernes 13 de agosto del 2021<\/p>\n<p>Hora: 18:00 hrs.<\/p>\n<p><strong>\u00a0<\/strong><\/p>\n<p><strong>Nombre: Glu Glu Sue\u00f1os de payasos y ballenas<\/strong><\/p>\n<p>Grupo: Moebius Teatro Clown<\/p>\n<p>Lugar: Plaza Principal Cuer\u00e1maro<\/p>\n<p>Fecha: viernes 13 de agosto del 2021<\/p>\n<p>Hora: 19:00 hrs.<\/p>\n<p>&nbsp;<\/p>\n<p><strong>Nombre: D\u00fao Viol\u00edn\/Viola y contrabajo<\/strong><\/p>\n<p>Grupo: D\u00fao Viol\u00edn\/Viola y contrabajo<\/p>\n<p>Lugar: Jard\u00edn Principal Valle de Santiago<\/p>\n<p>Fecha: Domingo 15 de agosto del 2021<\/p>\n<p>Hora: 19:00 hrs.<\/p>\n<p>&nbsp;<\/p>\n<p><strong>Nombre: Sones de tarasca<\/strong><\/p>\n<p>Grupo: Los Arribe\u00f1os<\/p>\n<p>Lugar: Plaza Principal P\u00e9njamo<\/p>\n<p>Fecha: jueves 19 de agosto del 2021<\/p>\n<p>Hora: 19:00 hrs.<\/p>\n<p><strong>\u00a0<\/strong><\/p>\n<p><strong>Nombre: En donde una vez hubo un \u00e1rbol<\/strong><\/p>\n<p>Grupo: Factotum Escena<\/p>\n<p>Lugar: Plaza C\u00edvica Comonfort<\/p>\n<p>Fecha: viernes 20 de agosto del 2021<\/p>\n<p>Hora: 19:00 hrs.<\/p>\n<p>&nbsp;<\/p>\n<p><strong>Nombre: Pajarera<\/strong><\/p>\n<p>Grupo: Compa\u00f1\u00eda de Danza Experimental de Lola Lince<\/p>\n<p>Lugar: Parque Ximhai Celaya<\/p>\n<p>Fecha: s\u00e1bado 21 de agosto del 2021<\/p>\n<p>Hora: 18:00 hrs.<\/p>\n<p>&nbsp;<\/p>\n","protected":false},"excerpt":{"rendered":"<p> &hellip;<\/p>\n","protected":false},"author":3,"featured_media":451,"comment_status":"open","ping_status":"open","sticky":false,"template":"","format":"standard","meta":{"_jetpack_memberships_contains_paid_content":false,"footnotes":""},"categories":[26,11],"tags":[20,12],"class_list":["post-449","post","type-post","status-publish","format-standard","has-post-thumbnail","hentry","category-cultura","category-eventos","tag-cultura","tag-guanajuato"],"jetpack_sharing_enabled":true,"jetpack_featured_media_url":"https:\/\/i0.wp.com\/aquienguanajuato.com\/wp-content\/uploads\/2021\/07\/Raiz-e1626117696351.jpg?fit=712%2C400&ssl=1","jetpack-related-posts":[],"_links":{"self":[{"href":"https:\/\/aquienguanajuato.com\/index.php?rest_route=\/wp\/v2\/posts\/449","targetHints":{"allow":["GET"]}}],"collection":[{"href":"https:\/\/aquienguanajuato.com\/index.php?rest_route=\/wp\/v2\/posts"}],"about":[{"href":"https:\/\/aquienguanajuato.com\/index.php?rest_route=\/wp\/v2\/types\/post"}],"author":[{"embeddable":true,"href":"https:\/\/aquienguanajuato.com\/index.php?rest_route=\/wp\/v2\/users\/3"}],"replies":[{"embeddable":true,"href":"https:\/\/aquienguanajuato.com\/index.php?rest_route=%2Fwp%2Fv2%2Fcomments&post=449"}],"version-history":[{"count":1,"href":"https:\/\/aquienguanajuato.com\/index.php?rest_route=\/wp\/v2\/posts\/449\/revisions"}],"predecessor-version":[{"id":452,"href":"https:\/\/aquienguanajuato.com\/index.php?rest_route=\/wp\/v2\/posts\/449\/revisions\/452"}],"wp:featuredmedia":[{"embeddable":true,"href":"https:\/\/aquienguanajuato.com\/index.php?rest_route=\/wp\/v2\/media\/451"}],"wp:attachment":[{"href":"https:\/\/aquienguanajuato.com\/index.php?rest_route=%2Fwp%2Fv2%2Fmedia&parent=449"}],"wp:term":[{"taxonomy":"category","embeddable":true,"href":"https:\/\/aquienguanajuato.com\/index.php?rest_route=%2Fwp%2Fv2%2Fcategories&post=449"},{"taxonomy":"post_tag","embeddable":true,"href":"https:\/\/aquienguanajuato.com\/index.php?rest_route=%2Fwp%2Fv2%2Ftags&post=449"}],"curies":[{"name":"wp","href":"https:\/\/api.w.org\/{rel}","templated":true}]}}