{"id":3553,"date":"2025-02-20T01:04:16","date_gmt":"2025-02-20T07:04:16","guid":{"rendered":"https:\/\/aquienguanajuato.com\/?p=3553"},"modified":"2025-02-20T01:04:16","modified_gmt":"2025-02-20T07:04:16","slug":"comienza-osug-bajo-la-batuta-de-juan-carlos-lomonaco-su-temporada-2025","status":"publish","type":"post","link":"https:\/\/aquienguanajuato.com\/?p=3553","title":{"rendered":"Comienza OSUG bajo la batuta de Juan Carlos Lom\u00f3naco su temporada 2025"},"content":{"rendered":"<p><img fetchpriority=\"high\" decoding=\"async\" class=\"alignnone size-medium wp-image-3555\" src=\"https:\/\/i0.wp.com\/aquienguanajuato.com\/wp-content\/uploads\/2025\/02\/OSUG-4-1.jpg?resize=800%2C449&#038;ssl=1\" alt=\"\" width=\"800\" height=\"449\" srcset=\"https:\/\/i0.wp.com\/aquienguanajuato.com\/wp-content\/uploads\/2025\/02\/OSUG-4-1.jpg?resize=800%2C449&amp;ssl=1 800w, https:\/\/i0.wp.com\/aquienguanajuato.com\/wp-content\/uploads\/2025\/02\/OSUG-4-1.jpg?resize=1024%2C575&amp;ssl=1 1024w, https:\/\/i0.wp.com\/aquienguanajuato.com\/wp-content\/uploads\/2025\/02\/OSUG-4-1.jpg?resize=768%2C431&amp;ssl=1 768w, https:\/\/i0.wp.com\/aquienguanajuato.com\/wp-content\/uploads\/2025\/02\/OSUG-4-1.jpg?resize=1536%2C863&amp;ssl=1 1536w, https:\/\/i0.wp.com\/aquienguanajuato.com\/wp-content\/uploads\/2025\/02\/OSUG-4-1.jpg?resize=445%2C250&amp;ssl=1 445w, https:\/\/i0.wp.com\/aquienguanajuato.com\/wp-content\/uploads\/2025\/02\/OSUG-4-1.jpg?w=2048&amp;ssl=1 2048w\" sizes=\"(max-width: 800px) 100vw, 800px\" data-recalc-dims=\"1\" \/><\/p>\n<p><span data-contrast=\"auto\">La Orquesta Sinf\u00f3nica de la Universidad de Guanajuato, la noche del pasado 14 de febrero comenz\u00f3 la primera parte de su temporada del presente a\u00f1o en el Teatro Ju\u00e1rez de Guanajuato capital cuyo aforo fue colmado por el p\u00fablico; ello bajo la batuta de Juan Carlos Lom\u00f3naco quien es su nuevo director art\u00edstico, el cual cuenta con una prestigiosa trayectoria de treinta a\u00f1os luego de haber dirigido a m\u00e1s de sesenta agrupaciones en m\u00e1s de veinte pa\u00edses.<\/span><\/p>\n<p><span data-contrast=\"auto\">Ese memorable primer concierto del 2025 rindi\u00f3 homenaje a Johann Strauss Jr. por motivo del aniversario doscientos de su nacimiento, esto con tres de sus obras m\u00e1s famosas: la obertura &#8220;El Murci\u00e9lago&#8221;, \u201cVals Emperador&#8221; y &#8220;El Danubio Azul&#8221;.<\/span><\/p>\n<p><img decoding=\"async\" class=\"alignnone size-medium wp-image-3559\" src=\"https:\/\/i0.wp.com\/aquienguanajuato.com\/wp-content\/uploads\/2025\/02\/OSUG-10.jpg?resize=800%2C449&#038;ssl=1\" alt=\"\" width=\"800\" height=\"449\" srcset=\"https:\/\/i0.wp.com\/aquienguanajuato.com\/wp-content\/uploads\/2025\/02\/OSUG-10-scaled.jpg?resize=800%2C449&amp;ssl=1 800w, https:\/\/i0.wp.com\/aquienguanajuato.com\/wp-content\/uploads\/2025\/02\/OSUG-10-scaled.jpg?resize=1024%2C575&amp;ssl=1 1024w, https:\/\/i0.wp.com\/aquienguanajuato.com\/wp-content\/uploads\/2025\/02\/OSUG-10-scaled.jpg?resize=768%2C431&amp;ssl=1 768w, https:\/\/i0.wp.com\/aquienguanajuato.com\/wp-content\/uploads\/2025\/02\/OSUG-10-scaled.jpg?resize=1536%2C863&amp;ssl=1 1536w, https:\/\/i0.wp.com\/aquienguanajuato.com\/wp-content\/uploads\/2025\/02\/OSUG-10-scaled.jpg?resize=2048%2C1150&amp;ssl=1 2048w, https:\/\/i0.wp.com\/aquienguanajuato.com\/wp-content\/uploads\/2025\/02\/OSUG-10-scaled.jpg?resize=445%2C250&amp;ssl=1 445w, https:\/\/i0.wp.com\/aquienguanajuato.com\/wp-content\/uploads\/2025\/02\/OSUG-10-scaled.jpg?w=2530&amp;ssl=1 2530w\" sizes=\"(max-width: 800px) 100vw, 800px\" data-recalc-dims=\"1\" \/><\/p>\n<p><span data-contrast=\"auto\">La segunda parte del programa rindi\u00f3 homenaje a compositores mexicanos de primer nivel, como lo son Rodolfo Halffter con la &#8220;Obertura festiva&#8221; y Samuel Syman con &#8220;Fanfarria y fantas\u00eda&#8221;; esta \u00faltima creada en el a\u00f1o 2014 e interpretada por primera vez en Guanajuato, concierto en el cual se cont\u00f3 con la presencia del compositor.<\/span><\/p>\n<p><span data-contrast=\"auto\">El respetable ovacion\u00f3 a la OSUG con dicha pieza en la cual destacaron las interpretaciones de Dimitri Kiselev, primer viol\u00edn y concertino as\u00ed como del primer violonchelo Michael Severens; de tal forma las emociones sonoras se trasladaron a la piel de las y los asistentes sobre todo en la tensi\u00f3n del pulso marcado por las percusiones y las cuerdas, dando paso a cierto cl\u00edmax con la impetuosidad de los alientos.<img decoding=\"async\" class=\"alignnone size-medium wp-image-3557\" src=\"https:\/\/i0.wp.com\/aquienguanajuato.com\/wp-content\/uploads\/2025\/02\/OSUG.jpg?resize=800%2C449&#038;ssl=1\" alt=\"\" width=\"800\" height=\"449\" srcset=\"https:\/\/i0.wp.com\/aquienguanajuato.com\/wp-content\/uploads\/2025\/02\/OSUG.jpg?resize=800%2C449&amp;ssl=1 800w, https:\/\/i0.wp.com\/aquienguanajuato.com\/wp-content\/uploads\/2025\/02\/OSUG.jpg?resize=1024%2C575&amp;ssl=1 1024w, https:\/\/i0.wp.com\/aquienguanajuato.com\/wp-content\/uploads\/2025\/02\/OSUG.jpg?resize=768%2C431&amp;ssl=1 768w, https:\/\/i0.wp.com\/aquienguanajuato.com\/wp-content\/uploads\/2025\/02\/OSUG.jpg?resize=1536%2C863&amp;ssl=1 1536w, https:\/\/i0.wp.com\/aquienguanajuato.com\/wp-content\/uploads\/2025\/02\/OSUG.jpg?resize=445%2C250&amp;ssl=1 445w, https:\/\/i0.wp.com\/aquienguanajuato.com\/wp-content\/uploads\/2025\/02\/OSUG.jpg?w=2048&amp;ssl=1 2048w\" sizes=\"(max-width: 800px) 100vw, 800px\" data-recalc-dims=\"1\" \/><\/span><\/p>\n<p><span data-contrast=\"auto\">Para cerrar la noche, la sensualidad se hizo presente con el aclamado &#8220;Danz\u00f3n No. 2&#8221; de Arturo M\u00e1rquez; en tanto que en correspondencia al reconocimiento del p\u00fablico puesto en pie, la orquesta interpret\u00f3 adicionalmente la \u201cConga del fuego nuevo\u201d tambi\u00e9n de M\u00e1rquez. Con ello la orquesta universitaria evidenci\u00f3 su ejecuci\u00f3n impecable de principio a fin de la velada y sobre todo de la maestr\u00eda de su director, quien guio el concierto sin el apoyo de alguna partitura.<\/span><\/p>\n<p><span data-contrast=\"auto\">Cabe destacar que en 1998 en el mismo recinto, el maestro Lom\u00f3naco debut\u00f3 profesionalmente con la OSUG; de manera que a lo largo de m\u00e1s de dos d\u00e9cadas ha compartido momentos importantes como director invitado, por lo que esta nueva etapa es en suma significativa para ambas partes.<\/span><\/p>\n<p><img loading=\"lazy\" decoding=\"async\" class=\"alignnone size-medium wp-image-3562\" src=\"https:\/\/i0.wp.com\/aquienguanajuato.com\/wp-content\/uploads\/2025\/02\/IMG-20250214-WA0078.jpg?resize=800%2C534&#038;ssl=1\" alt=\"\" width=\"800\" height=\"534\" srcset=\"https:\/\/i0.wp.com\/aquienguanajuato.com\/wp-content\/uploads\/2025\/02\/IMG-20250214-WA0078-scaled.jpg?resize=800%2C534&amp;ssl=1 800w, https:\/\/i0.wp.com\/aquienguanajuato.com\/wp-content\/uploads\/2025\/02\/IMG-20250214-WA0078-scaled.jpg?resize=1024%2C684&amp;ssl=1 1024w, https:\/\/i0.wp.com\/aquienguanajuato.com\/wp-content\/uploads\/2025\/02\/IMG-20250214-WA0078-scaled.jpg?resize=768%2C513&amp;ssl=1 768w, https:\/\/i0.wp.com\/aquienguanajuato.com\/wp-content\/uploads\/2025\/02\/IMG-20250214-WA0078-scaled.jpg?resize=1536%2C1026&amp;ssl=1 1536w, https:\/\/i0.wp.com\/aquienguanajuato.com\/wp-content\/uploads\/2025\/02\/IMG-20250214-WA0078-scaled.jpg?resize=2048%2C1368&amp;ssl=1 2048w, https:\/\/i0.wp.com\/aquienguanajuato.com\/wp-content\/uploads\/2025\/02\/IMG-20250214-WA0078-scaled.jpg?resize=374%2C250&amp;ssl=1 374w, https:\/\/i0.wp.com\/aquienguanajuato.com\/wp-content\/uploads\/2025\/02\/IMG-20250214-WA0078-scaled.jpg?w=2530&amp;ssl=1 2530w\" sizes=\"(max-width: 800px) 100vw, 800px\" data-recalc-dims=\"1\" \/><\/p>\n<p><span data-contrast=\"auto\">\u201cPara la orquesta el haber pasado un a\u00f1o sin titular, solo con directore(a)s invitado(a)s y superarlo con creces fue una magn\u00edfica experiencia que demostr\u00f3 su fortaleza; el titular ayuda, suma, pero la instituci\u00f3n es muy s\u00f3lida. La OSUG ha sido pilar en los estrenos de muchas obras, es una de las m\u00e1s importantes del Pa\u00eds; de las primeras y m\u00e1s brillantes con el privilegio de pertenecer a una Universidad que est\u00e1 por cumplir trescientos a\u00f1os, eso la hace \u00fanica y especialmente diferente\u201d coment\u00f3\u00a0Lom\u00f3naco\u00a0en entrevista previa al concierto en menci\u00f3n.<\/span><\/p>\n<p><span data-contrast=\"auto\">La primera parte de la temporada 2025 de la destacada sinf\u00f3nica guanajuatense, de febrero a junio estar\u00e1 integrada por diecis\u00e9is programas: trece de ellos en el guanajuate\u00f1o Teatro Ju\u00e1rez, dos en el Teatro del Bicentenario <\/span><i><span data-contrast=\"auto\">Roberto Plascencia Salda\u00f1a<\/span><\/i><span data-contrast=\"auto\"> en la ciudad de Le\u00f3n y uno en el universitario Teatro Principal, donde tambi\u00e9n se realizar\u00e1n dos conciertos de c\u00e1mara con solistas integrantes de la OSUG.<\/span><\/p>\n<p><span data-contrast=\"auto\">Cada programa estar\u00e1 dedicado a una celebraci\u00f3n, ya sea un d\u00eda emblem\u00e1tico en nuestro\u00a0Pa\u00eds o en el mundo como por ejemplo la llegada de la primavera el 21 de marzo junto con la promoci\u00f3n de la paz; otros t\u00f3picos ser\u00e1n las aves migratorias, la vida marina y el medio ambiente: \u201cEs importante procurar que las obras, sean acordes con los tiempos y los sonidos de la actualidad; estamos tratando que haya un equilibrio muy claro y que sea una orquesta muy fortalecida\u201d, apunt\u00f3 su hoy director art\u00edstico.<\/span><\/p>\n<p><img loading=\"lazy\" decoding=\"async\" class=\"alignnone size-medium wp-image-3560\" src=\"https:\/\/i0.wp.com\/aquienguanajuato.com\/wp-content\/uploads\/2025\/02\/Director-OSUG.jpg?resize=800%2C449&#038;ssl=1\" alt=\"\" width=\"800\" height=\"449\" srcset=\"https:\/\/i0.wp.com\/aquienguanajuato.com\/wp-content\/uploads\/2025\/02\/Director-OSUG.jpg?resize=800%2C449&amp;ssl=1 800w, https:\/\/i0.wp.com\/aquienguanajuato.com\/wp-content\/uploads\/2025\/02\/Director-OSUG.jpg?resize=1024%2C575&amp;ssl=1 1024w, https:\/\/i0.wp.com\/aquienguanajuato.com\/wp-content\/uploads\/2025\/02\/Director-OSUG.jpg?resize=768%2C431&amp;ssl=1 768w, https:\/\/i0.wp.com\/aquienguanajuato.com\/wp-content\/uploads\/2025\/02\/Director-OSUG.jpg?resize=1536%2C863&amp;ssl=1 1536w, https:\/\/i0.wp.com\/aquienguanajuato.com\/wp-content\/uploads\/2025\/02\/Director-OSUG.jpg?resize=445%2C250&amp;ssl=1 445w, https:\/\/i0.wp.com\/aquienguanajuato.com\/wp-content\/uploads\/2025\/02\/Director-OSUG.jpg?w=2048&amp;ssl=1 2048w\" sizes=\"(max-width: 800px) 100vw, 800px\" data-recalc-dims=\"1\" \/><\/p>\n<p><span data-contrast=\"auto\">Como ya es tradici\u00f3n, en los siguientes conciertos se contar\u00e1 con la presencia de solistas invitados: Sebasti\u00e1n Pix, concertino de la Orquesta Filarm\u00f3nica de la Universidad Nacional Aut\u00f3noma de M\u00e9xico y William Harvey, concertino de la Orquesta Sinf\u00f3nica Nacional de M\u00e9xico. Ello no solo por su m\u00e9rito como excelentes int\u00e9rpretes, sino como un acto simb\u00f3lico de fraternidad entre las orquestas mexicanas; igualmente destacados y estimado(a)s directore(a)s ser\u00e1n parte de la temporada como Jes\u00fas Medina, Enrique Arturo Diemecke y Grace Echauri.<\/span><\/p>\n<p><span data-contrast=\"auto\">&#8220;Esto, no es m\u00e1s que la suma de buenas voluntades que permite compartir con el p\u00fablico de manera armoniosa y respetuosa; estamos tratando de hacer y sentir un solo equipo a nivel, incluso estatal. Es importante que los miembros se sientan muy orgullosos de pertenecer a esta magn\u00edfica Universidad y al mismo tiempo, que toda la comunidad universitaria: maestro(a)s, alumno(a)s, administradore(a)s, trabajadore(a)s en todos los campus se sienta contenta y orgullosa por tener una magn\u00edfica Orquesta que es suya que se debe al p\u00fablico. Vale la pena que la disfruten, que se sientan c\u00f3modos y en confianza\u201d, finaliz\u00f3 Juan Carlos Lom\u00f3naco.<\/span><\/p>\n<p><img loading=\"lazy\" decoding=\"async\" class=\"alignnone size-medium wp-image-3558\" src=\"https:\/\/i0.wp.com\/aquienguanajuato.com\/wp-content\/uploads\/2025\/02\/Publico-1.jpg?resize=800%2C449&#038;ssl=1\" alt=\"\" width=\"800\" height=\"449\" srcset=\"https:\/\/i0.wp.com\/aquienguanajuato.com\/wp-content\/uploads\/2025\/02\/Publico-1.jpg?resize=800%2C449&amp;ssl=1 800w, https:\/\/i0.wp.com\/aquienguanajuato.com\/wp-content\/uploads\/2025\/02\/Publico-1.jpg?resize=1024%2C575&amp;ssl=1 1024w, https:\/\/i0.wp.com\/aquienguanajuato.com\/wp-content\/uploads\/2025\/02\/Publico-1.jpg?resize=768%2C431&amp;ssl=1 768w, https:\/\/i0.wp.com\/aquienguanajuato.com\/wp-content\/uploads\/2025\/02\/Publico-1.jpg?resize=1536%2C863&amp;ssl=1 1536w, https:\/\/i0.wp.com\/aquienguanajuato.com\/wp-content\/uploads\/2025\/02\/Publico-1.jpg?resize=445%2C250&amp;ssl=1 445w, https:\/\/i0.wp.com\/aquienguanajuato.com\/wp-content\/uploads\/2025\/02\/Publico-1.jpg?w=2048&amp;ssl=1 2048w\" sizes=\"(max-width: 800px) 100vw, 800px\" data-recalc-dims=\"1\" \/><\/p>\n","protected":false},"excerpt":{"rendered":"<p> &hellip;<\/p>\n","protected":false},"author":7,"featured_media":3561,"comment_status":"open","ping_status":"open","sticky":false,"template":"","format":"standard","meta":{"_jetpack_memberships_contains_paid_content":false,"footnotes":""},"categories":[26],"tags":[],"class_list":["post-3553","post","type-post","status-publish","format-standard","has-post-thumbnail","hentry","category-cultura"],"jetpack_sharing_enabled":true,"jetpack_featured_media_url":"https:\/\/i0.wp.com\/aquienguanajuato.com\/wp-content\/uploads\/2025\/02\/IMG-20250214-WA0096-scaled.jpg?fit=2560%2C1710&ssl=1","jetpack-related-posts":[],"_links":{"self":[{"href":"https:\/\/aquienguanajuato.com\/index.php?rest_route=\/wp\/v2\/posts\/3553","targetHints":{"allow":["GET"]}}],"collection":[{"href":"https:\/\/aquienguanajuato.com\/index.php?rest_route=\/wp\/v2\/posts"}],"about":[{"href":"https:\/\/aquienguanajuato.com\/index.php?rest_route=\/wp\/v2\/types\/post"}],"author":[{"embeddable":true,"href":"https:\/\/aquienguanajuato.com\/index.php?rest_route=\/wp\/v2\/users\/7"}],"replies":[{"embeddable":true,"href":"https:\/\/aquienguanajuato.com\/index.php?rest_route=%2Fwp%2Fv2%2Fcomments&post=3553"}],"version-history":[{"count":1,"href":"https:\/\/aquienguanajuato.com\/index.php?rest_route=\/wp\/v2\/posts\/3553\/revisions"}],"predecessor-version":[{"id":3563,"href":"https:\/\/aquienguanajuato.com\/index.php?rest_route=\/wp\/v2\/posts\/3553\/revisions\/3563"}],"wp:featuredmedia":[{"embeddable":true,"href":"https:\/\/aquienguanajuato.com\/index.php?rest_route=\/wp\/v2\/media\/3561"}],"wp:attachment":[{"href":"https:\/\/aquienguanajuato.com\/index.php?rest_route=%2Fwp%2Fv2%2Fmedia&parent=3553"}],"wp:term":[{"taxonomy":"category","embeddable":true,"href":"https:\/\/aquienguanajuato.com\/index.php?rest_route=%2Fwp%2Fv2%2Fcategories&post=3553"},{"taxonomy":"post_tag","embeddable":true,"href":"https:\/\/aquienguanajuato.com\/index.php?rest_route=%2Fwp%2Fv2%2Ftags&post=3553"}],"curies":[{"name":"wp","href":"https:\/\/api.w.org\/{rel}","templated":true}]}}