{"id":3473,"date":"2025-02-04T12:12:18","date_gmt":"2025-02-04T18:12:18","guid":{"rendered":"https:\/\/aquienguanajuato.com\/?p=3473"},"modified":"2025-02-04T12:12:18","modified_gmt":"2025-02-04T18:12:18","slug":"designa-congreso-guanajuatense-a-gerardo-vazquez-alatriste-como-fiscal-general-estatal","status":"publish","type":"post","link":"https:\/\/aquienguanajuato.com\/?p=3473","title":{"rendered":"Designa Congreso guanajuatense a Gerardo V\u00e1zquez Alatriste como fiscal general estatal.\u00a0"},"content":{"rendered":"<p><span data-contrast=\"auto\"><img fetchpriority=\"high\" decoding=\"async\" class=\"alignnone size-medium wp-image-3477\" src=\"https:\/\/i0.wp.com\/aquienguanajuato.com\/wp-content\/uploads\/2025\/02\/Sesion-1.jpeg?resize=800%2C533&#038;ssl=1\" alt=\"\" width=\"800\" height=\"533\" srcset=\"https:\/\/i0.wp.com\/aquienguanajuato.com\/wp-content\/uploads\/2025\/02\/Sesion-1-scaled.jpeg?resize=800%2C533&amp;ssl=1 800w, https:\/\/i0.wp.com\/aquienguanajuato.com\/wp-content\/uploads\/2025\/02\/Sesion-1-scaled.jpeg?resize=1024%2C683&amp;ssl=1 1024w, https:\/\/i0.wp.com\/aquienguanajuato.com\/wp-content\/uploads\/2025\/02\/Sesion-1-scaled.jpeg?resize=768%2C512&amp;ssl=1 768w, https:\/\/i0.wp.com\/aquienguanajuato.com\/wp-content\/uploads\/2025\/02\/Sesion-1-scaled.jpeg?resize=1536%2C1024&amp;ssl=1 1536w, https:\/\/i0.wp.com\/aquienguanajuato.com\/wp-content\/uploads\/2025\/02\/Sesion-1-scaled.jpeg?resize=2048%2C1366&amp;ssl=1 2048w, https:\/\/i0.wp.com\/aquienguanajuato.com\/wp-content\/uploads\/2025\/02\/Sesion-1-scaled.jpeg?resize=375%2C250&amp;ssl=1 375w, https:\/\/i0.wp.com\/aquienguanajuato.com\/wp-content\/uploads\/2025\/02\/Sesion-1-scaled.jpeg?w=2530&amp;ssl=1 2530w\" sizes=\"(max-width: 800px) 100vw, 800px\" data-recalc-dims=\"1\" \/>En sesi\u00f3n extraordinaria efectuada alrededor del mediod\u00eda del pasado 3 de febrero, el Pleno del Congreso local aprob\u00f3 la designaci\u00f3n de Gerardo V\u00e1zquez Alatriste como fiscal general del Estado de Guanajuato; de tal forma que quien reci\u00e9n fuese delegado de la Fiscal\u00eda General de la Rep\u00fablica en nuestra Entidad, ocupar\u00e1 su actual cargo por siete a\u00f1os a partir del lunes que rindi\u00f3 protesta.<\/span><span data-ccp-props=\"{&quot;335551550&quot;:6,&quot;335551620&quot;:6}\">\u00a0<\/span><\/p>\n<p><span data-contrast=\"auto\">Es de anotarse que la 66 legislatura del Congreso del Estado de Guanajuato, comenz\u00f3 con el proceso de designaci\u00f3n desde el primero de enero del presente a\u00f1o; de tal forma, el Poder Legislativo local cumpli\u00f3 en tiempo y forma con lo establecido.<\/span><\/p>\n<p><span data-contrast=\"auto\">Previo a la toma de protesta, se someti\u00f3 a discusi\u00f3n el dictamen de la terna para la designaci\u00f3n de la persona titular de la Fiscal\u00eda General guanajuatense; misma en la que Intervinieron en contra las legisladoras Mar\u00eda Eugenia Garc\u00eda Oliveros y Hades Berenice Aguilar Castillo, as\u00ed como los diputados Carlos Abraham Ramos Sotomayor y David Mart\u00ednez Mendiz\u00e1bal.<\/span><\/p>\n<p><span data-contrast=\"auto\">En tanto que a favor se pronunciaron los diputados Rodrigo Gonz\u00e1lez Zaragoza, Rolando Fortino Alc\u00e1ntar Rojas, Sergio Alejandro Contreras Guerrero y Alejandro Arias \u00c1vila.<\/span><\/p>\n<p><span data-contrast=\"auto\">Mar\u00eda Eugenia Garc\u00eda Oliveros habl\u00f3 sobre las funciones del Ministerio P\u00fablico y se\u00f1al\u00f3 que en la Entidad, la realidad para los guanajuatenses era otra porque esa instituci\u00f3n no ha cumplido con su funci\u00f3n y se ha carecido de una fiscal\u00eda que act\u00fae de manera aut\u00f3noma; adem\u00e1s, resalt\u00f3 que se impidi\u00f3 el inicio de procedimientos de enjuiciamiento contra funcionarios p\u00fablicos que han llevado a cabo actos de corrupci\u00f3n y desv\u00edos de recursos p\u00fablicos.<\/span><\/p>\n<p><span data-contrast=\"auto\">Agreg\u00f3 que tambi\u00e9n se ha protegido a violadores, revictimizado a mujeres y v\u00edctimas de delitos y se ha negado a reclasificar el delito de feminicidio -entre otras faltas-. En ese sentido, manifest\u00f3 que Guanajuato requiere un fiscal que preste la debida atenci\u00f3n al enjuiciamiento de los funcionarios p\u00fablicos que hayan cometido delito; especialmente en los casos de corrupci\u00f3n, abuso de poder, violaciones graves de derechos humanos y otros delitos.<\/span><\/p>\n<p><span data-contrast=\"auto\">Garc\u00eda Oliveros se refiri\u00f3 a la demora en iniciar procesos, as\u00ed como a la negativa para incluir a organizaciones civiles en el proceso de designaci\u00f3n y que \u00e9ste fuera m\u00e1s transparente e incluyente. Despu\u00e9s de se\u00f1alar que no apoyar\u00edan la terna no porque se ponga en duda la preparaci\u00f3n y experiencia judicial de las personas, si no uno por la relaci\u00f3n con el anterior fiscal y el otro por la denuncia que enfrenta.<\/span><\/p>\n<p><span data-contrast=\"auto\">Al hablar a favor del dictamen el congresista Rodrigo Gonz\u00e1lez Zaragoza enfatiz\u00f3 que ellos cre\u00edan en el consenso y no en la imposici\u00f3n del disenso, porque M\u00e9xico y Guanajuato hoy tienen muchas visiones de construcci\u00f3n y muchas problem\u00e1ticas; pero tambi\u00e9n muchas soluciones y esas pasan necesariamente por el acuerdo, por el di\u00e1logo, por el respeto y por la educaci\u00f3n.<\/span><\/p>\n<p><span data-contrast=\"auto\">Remarc\u00f3 que la militarizaci\u00f3n no ha sido soluci\u00f3n y dijo que m\u00e1s all\u00e1 de nuevos comienzos o transformaciones, no habr\u00e1 nada si no se pacifica Guanajuato; por lo que hab\u00eda que darle las herramientas a quienes encabezan los Poderes Ejecutivo tanto federal como estatal para que con fraternidad y respeto puedan atender a las ni\u00f1as y ni\u00f1os de la entidad, para que las mujeres caminen seguras por las calles y para recuperar los espacios p\u00fablicos.<\/span><\/p>\n<p><span data-contrast=\"auto\">En su oportunidad, el congresista Carlos Abraham Ramos Sotomayor indic\u00f3 que este dictamen significaba siete a\u00f1os m\u00e1s de corrupci\u00f3n y de impunidad en la Entidad; ello al mencionar que estaba en contra de aplazar la justicia, de la impunidad y de los pactos pol\u00edticos.<\/span><\/p>\n<p><span data-contrast=\"auto\">Despu\u00e9s de presentar diversas cifras, el legislador argument\u00f3 que en Guanajuato los n\u00fameros no mienten y que durante estos \u00faltimos a\u00f1os ha sido el Estado m\u00e1s violento del Pa\u00eds; asimismo a\u00f1adi\u00f3 que era necesario mencionar todo lo anterior porque eso es lo que iba a elegir el oficialismo en la Entidad, lo que resultar\u00eda en siete a\u00f1os m\u00e1s de abstenci\u00f3n de una investigaci\u00f3n a los millonarios que ya han sido denunciados.<\/span><\/p>\n<p><span data-contrast=\"auto\">Antes de finalizar, cuestion\u00f3 si a los ciudadanos les gustar\u00eda que una persona que est\u00e1 siendo investigada por no hacer bien su trabajo sea la que le d\u00e9 tr\u00e1mite a su denuncia; en tanto remarc\u00f3 que tuvieron la oportunidad hist\u00f3rica, de que por primera vez en Guanajuato se tuviera un fiscal capaz de llevar las riendas de la procuraci\u00f3n de justicia y que se desaprovech\u00f3.<\/span><\/p>\n<p><img decoding=\"async\" class=\"alignnone size-medium wp-image-3478\" src=\"https:\/\/i0.wp.com\/aquienguanajuato.com\/wp-content\/uploads\/2025\/02\/Dip-Rolando-Alcantar.jpeg?resize=800%2C533&#038;ssl=1\" alt=\"\" width=\"800\" height=\"533\" srcset=\"https:\/\/i0.wp.com\/aquienguanajuato.com\/wp-content\/uploads\/2025\/02\/Dip-Rolando-Alcantar-scaled.jpeg?resize=800%2C533&amp;ssl=1 800w, https:\/\/i0.wp.com\/aquienguanajuato.com\/wp-content\/uploads\/2025\/02\/Dip-Rolando-Alcantar-scaled.jpeg?resize=1024%2C683&amp;ssl=1 1024w, https:\/\/i0.wp.com\/aquienguanajuato.com\/wp-content\/uploads\/2025\/02\/Dip-Rolando-Alcantar-scaled.jpeg?resize=768%2C512&amp;ssl=1 768w, https:\/\/i0.wp.com\/aquienguanajuato.com\/wp-content\/uploads\/2025\/02\/Dip-Rolando-Alcantar-scaled.jpeg?resize=1536%2C1024&amp;ssl=1 1536w, https:\/\/i0.wp.com\/aquienguanajuato.com\/wp-content\/uploads\/2025\/02\/Dip-Rolando-Alcantar-scaled.jpeg?resize=2048%2C1366&amp;ssl=1 2048w, https:\/\/i0.wp.com\/aquienguanajuato.com\/wp-content\/uploads\/2025\/02\/Dip-Rolando-Alcantar-scaled.jpeg?resize=375%2C250&amp;ssl=1 375w, https:\/\/i0.wp.com\/aquienguanajuato.com\/wp-content\/uploads\/2025\/02\/Dip-Rolando-Alcantar-scaled.jpeg?w=2530&amp;ssl=1 2530w\" sizes=\"(max-width: 800px) 100vw, 800px\" data-recalc-dims=\"1\" \/><\/p>\n<p><span data-contrast=\"auto\">\u00a0<\/span><span data-contrast=\"auto\">Por su parte, el congresista Rolando Fortino Alc\u00e1ntar Rojas indic\u00f3 que estaban en un proceso en el que todos deber\u00eda compartir el anhelo por un Guanajuato pr\u00f3spero; donde las familias vivan con tranquilidad, d\u00f3nde ni\u00f1as y ni\u00f1os tengan oportunidad y d\u00f3nde el acceso a la justicia no sea un privilegio sino un derecho.<\/span><\/p>\n<p><span data-contrast=\"auto\">Apunt\u00f3 que era el momento de tomar una decisi\u00f3n que marcar\u00e1 el rumbo de la Entidad por lo que pidi\u00f3 a sus hom\u00f3logos no rehuir, a decidir y a asumir la responsabilidad y las consecuencias de sus decisiones porque este ser\u00eda un voto para el futuro y la construcci\u00f3n de la procuraci\u00f3n de justicia.<\/span><\/p>\n<p><span data-contrast=\"auto\">Alc\u00e1ntar Rojas detall\u00f3 el proceso que se llev\u00f3 a cabo para llegar al dictamen que hoy se discute y c\u00f3mo la poblaci\u00f3n tuvo los canales para participar, por lo que invit\u00f3 a sus compa\u00f1eros y compa\u00f1eras a construir juntos una aut\u00e9ntica procuraci\u00f3n de justicia para la Entidad; a fortalecer las instituciones, a garantizar una estrategia integral basada en inteligencia tecnolog\u00eda y el trabajo coordinado.<\/span><\/p>\n<p><span data-contrast=\"auto\">En su participaci\u00f3n en contra, la legisladora Hades Berenice Aguilar Castillo se\u00f1al\u00f3 el proceso como una simulaci\u00f3n y lo calific\u00f3 como lamentable al querer minimizar la situaci\u00f3n que enfrenta la Entidad en materia de inseguridad y mencionar que se seguir\u00e1 la misma l\u00ednea del anterior fiscal.<\/span><\/p>\n<p><span data-contrast=\"auto\">Finalmente, cuestion\u00f3 si se podr\u00e1 romper el legado del exfiscal con los mismos usos y costumbres de corrupci\u00f3n y violencia que est\u00e1n acostumbrados; sin una verdadera transformaci\u00f3n de fondo desde adentro y con estrategias de la fiscal\u00eda, lo que va a generar que todo siga siendo la simulaci\u00f3n que hasta ahorita existe.<\/span><\/p>\n<p><span data-contrast=\"auto\">En su intervenci\u00f3n, el diputado Sergio Contreras Guerrero indic\u00f3 que en la Entidad se tiene registrado que el 35.33% de las carpetas de investigaci\u00f3n se determinaron como archivo temporal; mientras que el 58% de las carpetas de investigaci\u00f3n se resolvieron en un no ejercicio de la acci\u00f3n penal adem\u00e1s de que el porcentaje en la Entidad fue del 2.35%, lo que deja ver la problem\u00e1tica que existe en la Fiscal\u00eda General del Estado de Guanajuato.<\/span><\/p>\n<p><span data-contrast=\"auto\">Asimismo expres\u00f3 que en coincidencia con otras personas legisladoras se encontr\u00f3 en un perfil algunos requisitos favorables para el cargo, donde resalta que la propuesta por su parte fue encontrar un funcionario federal que no diera continuidad al proceso anterior de la Fiscal\u00eda del Estado; por la misma cuesti\u00f3n se lograr\u00eda una excelente vinculaci\u00f3n con las autoridades involucradas, as\u00ed como que no existen sentencias sobre la persona que optaron por postular.<\/span><\/p>\n<p><span data-contrast=\"auto\">El diputado David Mart\u00ednez Mendiz\u00e1bal manifest\u00f3 que ante la situaci\u00f3n que se vive en el Pa\u00eds, la decisi\u00f3n que se iba a tomar era sumamente relevante; que se tomaron con gran seriedad el nombramiento de la nueva persona que ser\u00e1 titular de la Fiscal\u00eda del Estado de Guanajuato, a la vez que tuvo contacto con muchas ciudadanas y ciudadanos.<\/span><\/p>\n<p><span data-contrast=\"auto\">Apunt\u00f3 que el avalar la lista original de las nueve personas, lo que se aprob\u00f3 fue que cumplen los m\u00ednimos requisitos formales requeridos; pero que eso, no implicaba que dejar\u00edan de analizar las implicaciones \u00e9tico &#8211; pol\u00edticas de la terna final.<\/span><\/p>\n<p><span data-contrast=\"auto\">Para concluir, se dirigi\u00f3 a la poblaci\u00f3n en general y a quienes han sido v\u00edctimas de alg\u00fan delito al se\u00f1alar que est\u00e1n a favor de cambios radicales y una real y efectiva procuraci\u00f3n de justicia; razones por las cuales, votar\u00edan en contra de la terna por amor a Guanajuato y por \u00e9tica.<\/span><\/p>\n<p><span data-contrast=\"auto\">Al participar, el legislador Alejandro Arias \u00c1vila precis\u00f3 que estaban ante el dictamen de que los aspirantes propuestos en la terna cumpl\u00edan con los requisitos legales y constitucionales para que cualquiera de los tres que obtenga la votaci\u00f3n requerida sea el nuevo fiscal del Estado de Guanajuato; que si no eran capaces de materializar esa potestad le estar\u00e1n fallando a los guanajuatenses, ya que quedar\u00eda en manos de la gobernadora del Estado la decisi\u00f3n final.<\/span><\/p>\n<p><span data-contrast=\"auto\">Argument\u00f3 que de ser as\u00ed, ser\u00eda un terrible fracaso de esta Legislatura por lo que deb\u00edan tomar una decisi\u00f3n y asumir sus consecuencias. Precis\u00f3 que este proceso era de gran trascendencia, que fue trasparente y p\u00fablico; en el que todas las fuerzas pol\u00edticas representadas en Congreso tuvieron voz y voto por lo que debe reconocerse no solo como un hecho hist\u00f3rico sino tambi\u00e9n como ejemplar que como todo, es perfectible.<\/span><\/p>\n<p><span data-contrast=\"auto\">Finalmente por su parte, indic\u00f3 que estaban a favor del dictamen en el que se avala la idoneidad del cumplimiento legal y constitucional de quienes aspiraban a ser nombrados fiscal general del estado de Guanajuato.<\/span><\/p>\n<p><span data-contrast=\"auto\">En rectificaci\u00f3n de hechos, el diputado Antonio Chaurand Sorzano dijo no estar de acuerdo con aceptar imposiciones; mismas que desde donde sea que vengan no favorezcan al Estado y a la procuraci\u00f3n de justicia, junto a que este derecho no debe ser un privilegio. Agreg\u00f3 que los argumentos en el proceso han sido escasos, por lo que invit\u00f3 a reflexionar sobre el hecho de la designaci\u00f3n de la nueva persona titular de la Fiscal\u00eda General del Estado de Guanajuato y se seleccione con conciencia y libertad para lograr un avance sustantivo en la paz y la seguridad de la Entidad.<\/span><\/p>\n<p><img decoding=\"async\" class=\"alignnone size-medium wp-image-3476\" src=\"https:\/\/i0.wp.com\/aquienguanajuato.com\/wp-content\/uploads\/2025\/02\/Sesion-2.jpeg?resize=800%2C533&#038;ssl=1\" alt=\"\" width=\"800\" height=\"533\" srcset=\"https:\/\/i0.wp.com\/aquienguanajuato.com\/wp-content\/uploads\/2025\/02\/Sesion-2-scaled.jpeg?resize=800%2C533&amp;ssl=1 800w, https:\/\/i0.wp.com\/aquienguanajuato.com\/wp-content\/uploads\/2025\/02\/Sesion-2-scaled.jpeg?resize=1024%2C683&amp;ssl=1 1024w, https:\/\/i0.wp.com\/aquienguanajuato.com\/wp-content\/uploads\/2025\/02\/Sesion-2-scaled.jpeg?resize=768%2C512&amp;ssl=1 768w, https:\/\/i0.wp.com\/aquienguanajuato.com\/wp-content\/uploads\/2025\/02\/Sesion-2-scaled.jpeg?resize=1536%2C1024&amp;ssl=1 1536w, https:\/\/i0.wp.com\/aquienguanajuato.com\/wp-content\/uploads\/2025\/02\/Sesion-2-scaled.jpeg?resize=2048%2C1366&amp;ssl=1 2048w, https:\/\/i0.wp.com\/aquienguanajuato.com\/wp-content\/uploads\/2025\/02\/Sesion-2-scaled.jpeg?resize=375%2C250&amp;ssl=1 375w, https:\/\/i0.wp.com\/aquienguanajuato.com\/wp-content\/uploads\/2025\/02\/Sesion-2-scaled.jpeg?w=2530&amp;ssl=1 2530w\" sizes=\"(max-width: 800px) 100vw, 800px\" data-recalc-dims=\"1\" \/><\/p>\n<p><span data-contrast=\"auto\">Luego de las argumentaciones citadas, el dictamen fue aprobado con 25 votos a favor y 11 en contra. Al ser sometida a votaci\u00f3n la terna se registraron 23 votos para Gerardo V\u00e1zquez Alatriste, 1 voto para Zuc\u00e9 Anastacia Hern\u00e1ndez Mart\u00ednez y 1 voto para Israel Aguado Silva, as\u00ed como 11 abstenciones.<\/span><\/p>\n<p><span data-contrast=\"auto\">Con base en el art\u00edculo 195 de la Ley Org\u00e1nica del Poder Legislativo del Estado se precis\u00f3 que trat\u00e1ndose de elecci\u00f3n por c\u00e9dula, si ninguna de las personas propuestas como candidatas obtuvieren la mayor\u00eda de votos se repetir\u00e1 la elecci\u00f3n entre quienes hayan alcanzado mayor n\u00famero quedando electa en el segundo escrutinio la que reuniere la mayor\u00eda.<\/span><\/p>\n<p><span data-contrast=\"auto\">Si hubiere igualdad de sufragios en dos o m\u00e1s personas candidatas, entre \u00e9stas se har\u00e1 la elecci\u00f3n; pero habiendo al mismo tiempo otra persona candidata que haya obtenido mayor n\u00famero de votos que aquellas, se le tendr\u00e1 por primera competidora y la segunda se sacar\u00e1 por votaci\u00f3n de entre las primeras. Repetida la votaci\u00f3n quedar\u00e1 electa la persona candidata que obtenga mayor\u00eda de votos y resultando empate entre personas candidatas, se decidir\u00e1 mediante sorteo quien deba resultar electa.<\/span><\/p>\n<p><span data-contrast=\"auto\">En ese sentido, se sometieron a votaci\u00f3n los nombres de Zuc\u00e9 Anastacia Hern\u00e1ndez Mart\u00ednez e Israel Aguado Silva, quienes obtuvieron 4 votos y 21 votos, respectivamente; as\u00ed como 11 abstenciones.<\/span><\/p>\n<p><span data-contrast=\"auto\">Finalmente se votaron los nombres de Gerardo V\u00e1zquez Alatriste e Israel Aguado Silva, quienes obtuvieron 25 votos y 0 votos respectivamente as\u00ed como 10 abstenciones; de tal forma que para concluir la sesi\u00f3n, se le tomo protesta a V\u00e1zquez Alatriste para el cargo de fiscal general del Estado de Guanajuato para el peri\u00f3do comprendido entre los a\u00f1os 2025 &#8211; 2032.<\/span><\/p>\n<p><img loading=\"lazy\" decoding=\"async\" class=\"alignnone size-medium wp-image-3475\" src=\"https:\/\/i0.wp.com\/aquienguanajuato.com\/wp-content\/uploads\/2025\/02\/Sesion-3.jpeg?resize=800%2C533&#038;ssl=1\" alt=\"\" width=\"800\" height=\"533\" srcset=\"https:\/\/i0.wp.com\/aquienguanajuato.com\/wp-content\/uploads\/2025\/02\/Sesion-3-scaled.jpeg?resize=800%2C533&amp;ssl=1 800w, https:\/\/i0.wp.com\/aquienguanajuato.com\/wp-content\/uploads\/2025\/02\/Sesion-3-scaled.jpeg?resize=1024%2C683&amp;ssl=1 1024w, https:\/\/i0.wp.com\/aquienguanajuato.com\/wp-content\/uploads\/2025\/02\/Sesion-3-scaled.jpeg?resize=768%2C512&amp;ssl=1 768w, https:\/\/i0.wp.com\/aquienguanajuato.com\/wp-content\/uploads\/2025\/02\/Sesion-3-scaled.jpeg?resize=1536%2C1024&amp;ssl=1 1536w, https:\/\/i0.wp.com\/aquienguanajuato.com\/wp-content\/uploads\/2025\/02\/Sesion-3-scaled.jpeg?resize=2048%2C1366&amp;ssl=1 2048w, https:\/\/i0.wp.com\/aquienguanajuato.com\/wp-content\/uploads\/2025\/02\/Sesion-3-scaled.jpeg?resize=375%2C250&amp;ssl=1 375w, https:\/\/i0.wp.com\/aquienguanajuato.com\/wp-content\/uploads\/2025\/02\/Sesion-3-scaled.jpeg?w=2530&amp;ssl=1 2530w\" sizes=\"(max-width: 800px) 100vw, 800px\" data-recalc-dims=\"1\" \/><\/p>\n","protected":false},"excerpt":{"rendered":"<p> &hellip;<\/p>\n","protected":false},"author":7,"featured_media":3474,"comment_status":"open","ping_status":"open","sticky":false,"template":"","format":"standard","meta":{"_jetpack_memberships_contains_paid_content":false,"footnotes":""},"categories":[179],"tags":[],"class_list":["post-3473","post","type-post","status-publish","format-standard","has-post-thumbnail","hentry","category-estado"],"jetpack_sharing_enabled":true,"jetpack_featured_media_url":"https:\/\/i0.wp.com\/aquienguanajuato.com\/wp-content\/uploads\/2025\/02\/slide_WhatsApp_Image_2025-02-03_at_2.41.35_PM.jpeg?fit=520%2C323&ssl=1","jetpack-related-posts":[],"_links":{"self":[{"href":"https:\/\/aquienguanajuato.com\/index.php?rest_route=\/wp\/v2\/posts\/3473","targetHints":{"allow":["GET"]}}],"collection":[{"href":"https:\/\/aquienguanajuato.com\/index.php?rest_route=\/wp\/v2\/posts"}],"about":[{"href":"https:\/\/aquienguanajuato.com\/index.php?rest_route=\/wp\/v2\/types\/post"}],"author":[{"embeddable":true,"href":"https:\/\/aquienguanajuato.com\/index.php?rest_route=\/wp\/v2\/users\/7"}],"replies":[{"embeddable":true,"href":"https:\/\/aquienguanajuato.com\/index.php?rest_route=%2Fwp%2Fv2%2Fcomments&post=3473"}],"version-history":[{"count":1,"href":"https:\/\/aquienguanajuato.com\/index.php?rest_route=\/wp\/v2\/posts\/3473\/revisions"}],"predecessor-version":[{"id":3479,"href":"https:\/\/aquienguanajuato.com\/index.php?rest_route=\/wp\/v2\/posts\/3473\/revisions\/3479"}],"wp:featuredmedia":[{"embeddable":true,"href":"https:\/\/aquienguanajuato.com\/index.php?rest_route=\/wp\/v2\/media\/3474"}],"wp:attachment":[{"href":"https:\/\/aquienguanajuato.com\/index.php?rest_route=%2Fwp%2Fv2%2Fmedia&parent=3473"}],"wp:term":[{"taxonomy":"category","embeddable":true,"href":"https:\/\/aquienguanajuato.com\/index.php?rest_route=%2Fwp%2Fv2%2Fcategories&post=3473"},{"taxonomy":"post_tag","embeddable":true,"href":"https:\/\/aquienguanajuato.com\/index.php?rest_route=%2Fwp%2Fv2%2Ftags&post=3473"}],"curies":[{"name":"wp","href":"https:\/\/api.w.org\/{rel}","templated":true}]}}