{"id":3450,"date":"2025-02-03T00:27:01","date_gmt":"2025-02-03T06:27:01","guid":{"rendered":"https:\/\/aquienguanajuato.com\/?p=3450"},"modified":"2025-02-03T00:27:01","modified_gmt":"2025-02-03T06:27:01","slug":"realizan-conversatorio-ieeg-fortaleciendo-nuestra-democracia-con-personas-electas-por-acciones-afirmativas","status":"publish","type":"post","link":"https:\/\/aquienguanajuato.com\/?p=3450","title":{"rendered":"Realizan conversatorio \u201cIEEG fortaleciendo nuestra democracia\u201d con personas electas por acciones afirmativas"},"content":{"rendered":"<p><img fetchpriority=\"high\" decoding=\"async\" class=\"alignnone size-medium wp-image-3453\" src=\"https:\/\/i0.wp.com\/aquienguanajuato.com\/wp-content\/uploads\/2025\/02\/6-7.jpg?resize=800%2C532&#038;ssl=1\" alt=\"\" width=\"800\" height=\"532\" srcset=\"https:\/\/i0.wp.com\/aquienguanajuato.com\/wp-content\/uploads\/2025\/02\/6-7.jpg?resize=800%2C532&amp;ssl=1 800w, https:\/\/i0.wp.com\/aquienguanajuato.com\/wp-content\/uploads\/2025\/02\/6-7.jpg?resize=1024%2C682&amp;ssl=1 1024w, https:\/\/i0.wp.com\/aquienguanajuato.com\/wp-content\/uploads\/2025\/02\/6-7.jpg?resize=768%2C511&amp;ssl=1 768w, https:\/\/i0.wp.com\/aquienguanajuato.com\/wp-content\/uploads\/2025\/02\/6-7.jpg?resize=1536%2C1022&amp;ssl=1 1536w, https:\/\/i0.wp.com\/aquienguanajuato.com\/wp-content\/uploads\/2025\/02\/6-7.jpg?resize=376%2C250&amp;ssl=1 376w, https:\/\/i0.wp.com\/aquienguanajuato.com\/wp-content\/uploads\/2025\/02\/6-7.jpg?w=2048&amp;ssl=1 2048w\" sizes=\"(max-width: 800px) 100vw, 800px\" data-recalc-dims=\"1\" \/><\/p>\n<p><span data-contrast=\"auto\">En el marco de la conmemoraci\u00f3n por sus 30 a\u00f1os de existencia, el Instituto Electoral del Estado de Guanajuato (IEEG) realiz\u00f3 el Conversatorio con personas electas por acciones afirmativas: \u201cIEEG fortaleciendo nuestra democracia\u201d, ello el pasado 29 de enero.<\/span><\/p>\n<p><span data-contrast=\"auto\">El objetivo del conversatorio llevado a cabo en Guanajuato capital en el edificio sede del Congreso local fue generar un espacio de di\u00e1logo, reflexi\u00f3n e intercambio de experiencias; esto enfocado en el an\u00e1lisis de los avances y desaf\u00edos en la normativa, para promover la igualdad y la inclusi\u00f3n de grupos hist\u00f3ricamente discriminados.<\/span><\/p>\n<p><img decoding=\"async\" class=\"alignnone size-medium wp-image-3454\" src=\"https:\/\/i0.wp.com\/aquienguanajuato.com\/wp-content\/uploads\/2025\/02\/3-13.jpg?resize=800%2C532&#038;ssl=1\" alt=\"\" width=\"800\" height=\"532\" srcset=\"https:\/\/i0.wp.com\/aquienguanajuato.com\/wp-content\/uploads\/2025\/02\/3-13.jpg?resize=800%2C532&amp;ssl=1 800w, https:\/\/i0.wp.com\/aquienguanajuato.com\/wp-content\/uploads\/2025\/02\/3-13.jpg?resize=1024%2C682&amp;ssl=1 1024w, https:\/\/i0.wp.com\/aquienguanajuato.com\/wp-content\/uploads\/2025\/02\/3-13.jpg?resize=768%2C511&amp;ssl=1 768w, https:\/\/i0.wp.com\/aquienguanajuato.com\/wp-content\/uploads\/2025\/02\/3-13.jpg?resize=1536%2C1022&amp;ssl=1 1536w, https:\/\/i0.wp.com\/aquienguanajuato.com\/wp-content\/uploads\/2025\/02\/3-13.jpg?resize=376%2C250&amp;ssl=1 376w, https:\/\/i0.wp.com\/aquienguanajuato.com\/wp-content\/uploads\/2025\/02\/3-13.jpg?w=2048&amp;ssl=1 2048w\" sizes=\"(max-width: 800px) 100vw, 800px\" data-recalc-dims=\"1\" \/><\/p>\n<p><span data-contrast=\"auto\">Por el IEEG estuvieron presentes la consejera presidenta Brenda Canchola Elizarraraz, la consejera electoral Blanca Marcela Aboytes Vega, la secretaria ejecutiva Indira Rodr\u00edguez Ram\u00edrez; as\u00ed como diputaciones locales, representantes de partidos pol\u00edticos, de organizaciones de la sociedad civil, de organismos aut\u00f3nomos y personal del Instituto.<\/span><\/p>\n<p><span data-contrast=\"auto\">El consejero electoral Gustavo Hern\u00e1ndez Mart\u00ednez particip\u00f3 como moderador del conversatorio en tanto que fungieron como panelistas diputaciones locales ind\u00edgenas, migrantes, de personas con discapacidad y de la diversidad sexual que integran la 66 Legislatura del Congreso del Estado de Guanajuato; mismas\u00a0que resultaron electas por medio de las acciones afirmativas emitidas por el IEEG, en el pasado Proceso Electoral Local Ordinario 2023 &#8211; 2024.<\/span><\/p>\n<p><span data-contrast=\"auto\">En tanto que el diputado local del Partido Acci\u00f3n Nacional por el distrito 8 Juan Carlos Romero Hicks quien tuvo una intervenci\u00f3n especial, comparti\u00f3 una cronolog\u00eda de la historia del IEEG donde destac\u00f3 la labor realizada para garantizar la democracia en el Estado; ello a trav\u00e9s de la organizaci\u00f3n de elecciones, el registro de partidos pol\u00edticos, la cultura c\u00edvica, la transparencia y rendici\u00f3n de cuentas a la vez de acciones afirmativas.<\/span><\/p>\n<p><img decoding=\"async\" class=\"alignnone size-medium wp-image-3455\" src=\"https:\/\/i0.wp.com\/aquienguanajuato.com\/wp-content\/uploads\/2025\/02\/5-10.jpg?resize=800%2C532&#038;ssl=1\" alt=\"\" width=\"800\" height=\"532\" srcset=\"https:\/\/i0.wp.com\/aquienguanajuato.com\/wp-content\/uploads\/2025\/02\/5-10.jpg?resize=800%2C532&amp;ssl=1 800w, https:\/\/i0.wp.com\/aquienguanajuato.com\/wp-content\/uploads\/2025\/02\/5-10.jpg?resize=1024%2C682&amp;ssl=1 1024w, https:\/\/i0.wp.com\/aquienguanajuato.com\/wp-content\/uploads\/2025\/02\/5-10.jpg?resize=768%2C511&amp;ssl=1 768w, https:\/\/i0.wp.com\/aquienguanajuato.com\/wp-content\/uploads\/2025\/02\/5-10.jpg?resize=1536%2C1022&amp;ssl=1 1536w, https:\/\/i0.wp.com\/aquienguanajuato.com\/wp-content\/uploads\/2025\/02\/5-10.jpg?resize=376%2C250&amp;ssl=1 376w, https:\/\/i0.wp.com\/aquienguanajuato.com\/wp-content\/uploads\/2025\/02\/5-10.jpg?w=2048&amp;ssl=1 2048w\" sizes=\"(max-width: 800px) 100vw, 800px\" data-recalc-dims=\"1\" \/><\/p>\n<p><span data-contrast=\"auto\">La legisladora local ind\u00edgena Pl\u00e1sida Calzada Vel\u00e1zquez, reconoci\u00f3 el trabajo del IEEG y expres\u00f3 que las acciones afirmativas son un gran paso en el Estado de Guanajuato; empero se debe legislar desde Congreso local, para obtener una mayor participaci\u00f3n de personas pertenecientes a grupos hist\u00f3ricamente discriminados.<\/span><\/p>\n<p><span data-contrast=\"auto\">Yesenia Rojas Cervantes legisladora local del PAN por el principio de representaci\u00f3n proporcional, resalt\u00f3 la importancia del conversatorio y de seguir en la defensa de los derechos de las personas migrantes; entre ellos los pol\u00edtico &#8211; electorales, para una mayor representaci\u00f3n de este grupo.<\/span><\/p>\n<p><img loading=\"lazy\" decoding=\"async\" class=\"alignnone size-medium wp-image-3458\" src=\"https:\/\/i0.wp.com\/aquienguanajuato.com\/wp-content\/uploads\/2025\/02\/7-6.jpg?resize=800%2C532&#038;ssl=1\" alt=\"\" width=\"800\" height=\"532\" srcset=\"https:\/\/i0.wp.com\/aquienguanajuato.com\/wp-content\/uploads\/2025\/02\/7-6.jpg?resize=800%2C532&amp;ssl=1 800w, https:\/\/i0.wp.com\/aquienguanajuato.com\/wp-content\/uploads\/2025\/02\/7-6.jpg?resize=1024%2C682&amp;ssl=1 1024w, https:\/\/i0.wp.com\/aquienguanajuato.com\/wp-content\/uploads\/2025\/02\/7-6.jpg?resize=768%2C511&amp;ssl=1 768w, https:\/\/i0.wp.com\/aquienguanajuato.com\/wp-content\/uploads\/2025\/02\/7-6.jpg?resize=1536%2C1022&amp;ssl=1 1536w, https:\/\/i0.wp.com\/aquienguanajuato.com\/wp-content\/uploads\/2025\/02\/7-6.jpg?resize=376%2C250&amp;ssl=1 376w, https:\/\/i0.wp.com\/aquienguanajuato.com\/wp-content\/uploads\/2025\/02\/7-6.jpg?w=2048&amp;ssl=1 2048w\" sizes=\"(max-width: 800px) 100vw, 800px\" data-recalc-dims=\"1\" \/><\/p>\n<p><span data-contrast=\"auto\">Por su parte Jes\u00fas Hern\u00e1ndez Hern\u00e1ndez quien es diputado local del PAN por el principio de representaci\u00f3n proporcional, felicit\u00f3 al IEEG por su profesionalismo a lo largo de 30 a\u00f1os para llevar a cabo elecciones confiables; a su vez coment\u00f3 que gracias a la implementaci\u00f3n de las acciones afirmativas, es que hoy puede representar a las personas con discapacidad en el Congreso del Estado.<\/span><\/p>\n<p><img loading=\"lazy\" decoding=\"async\" class=\"alignnone size-medium wp-image-3457\" src=\"https:\/\/i0.wp.com\/aquienguanajuato.com\/wp-content\/uploads\/2025\/02\/8-6.jpg?resize=800%2C532&#038;ssl=1\" alt=\"\" width=\"800\" height=\"532\" srcset=\"https:\/\/i0.wp.com\/aquienguanajuato.com\/wp-content\/uploads\/2025\/02\/8-6.jpg?resize=800%2C532&amp;ssl=1 800w, https:\/\/i0.wp.com\/aquienguanajuato.com\/wp-content\/uploads\/2025\/02\/8-6.jpg?resize=1024%2C682&amp;ssl=1 1024w, https:\/\/i0.wp.com\/aquienguanajuato.com\/wp-content\/uploads\/2025\/02\/8-6.jpg?resize=768%2C511&amp;ssl=1 768w, https:\/\/i0.wp.com\/aquienguanajuato.com\/wp-content\/uploads\/2025\/02\/8-6.jpg?resize=1536%2C1022&amp;ssl=1 1536w, https:\/\/i0.wp.com\/aquienguanajuato.com\/wp-content\/uploads\/2025\/02\/8-6.jpg?resize=376%2C250&amp;ssl=1 376w, https:\/\/i0.wp.com\/aquienguanajuato.com\/wp-content\/uploads\/2025\/02\/8-6.jpg?w=2048&amp;ssl=1 2048w\" sizes=\"(max-width: 800px) 100vw, 800px\" data-recalc-dims=\"1\" \/><\/p>\n<p><span data-contrast=\"auto\">En su momento la congresista\u00a0local del Movimiento para la Regeneraci\u00f3n Nacional por el distrito 22 Mar\u00eda Eugenia Garc\u00eda Oliveros, agradeci\u00f3 al Instituto por abrir la puerta a trav\u00e9s de la emisi\u00f3n de acciones afirmativas para ser la voz de muchas personas que pertenecen a grupos hist\u00f3ricamente discriminado; por quienes afirm\u00f3, seguir\u00e1n trabajando.<\/span><\/p>\n<p><span data-contrast=\"none\">Aldo Iv\u00e1n M\u00e1rquez Becerra diputado local PAN por el distrito 5, subray\u00f3 que gracias a las acciones afirmativas se tiene una Legislatura hist\u00f3rica del Congreso del Estado al contar con representaci\u00f3n de diversos grupos hist\u00f3ricamente discriminados.<\/span><\/p>\n<p><img loading=\"lazy\" decoding=\"async\" class=\"alignnone size-medium wp-image-3456\" src=\"https:\/\/i0.wp.com\/aquienguanajuato.com\/wp-content\/uploads\/2025\/02\/9-2.jpg?resize=800%2C532&#038;ssl=1\" alt=\"\" width=\"800\" height=\"532\" srcset=\"https:\/\/i0.wp.com\/aquienguanajuato.com\/wp-content\/uploads\/2025\/02\/9-2.jpg?resize=800%2C532&amp;ssl=1 800w, https:\/\/i0.wp.com\/aquienguanajuato.com\/wp-content\/uploads\/2025\/02\/9-2.jpg?resize=1024%2C682&amp;ssl=1 1024w, https:\/\/i0.wp.com\/aquienguanajuato.com\/wp-content\/uploads\/2025\/02\/9-2.jpg?resize=768%2C511&amp;ssl=1 768w, https:\/\/i0.wp.com\/aquienguanajuato.com\/wp-content\/uploads\/2025\/02\/9-2.jpg?resize=1536%2C1022&amp;ssl=1 1536w, https:\/\/i0.wp.com\/aquienguanajuato.com\/wp-content\/uploads\/2025\/02\/9-2.jpg?resize=376%2C250&amp;ssl=1 376w, https:\/\/i0.wp.com\/aquienguanajuato.com\/wp-content\/uploads\/2025\/02\/9-2.jpg?w=2048&amp;ssl=1 2048w\" sizes=\"(max-width: 800px) 100vw, 800px\" data-recalc-dims=\"1\" \/><\/p>\n","protected":false},"excerpt":{"rendered":"<p> &hellip;<\/p>\n","protected":false},"author":7,"featured_media":3451,"comment_status":"open","ping_status":"open","sticky":false,"template":"","format":"standard","meta":{"_jetpack_memberships_contains_paid_content":false,"footnotes":""},"categories":[179],"tags":[],"class_list":["post-3450","post","type-post","status-publish","format-standard","has-post-thumbnail","hentry","category-estado"],"jetpack_sharing_enabled":true,"jetpack_featured_media_url":"https:\/\/i0.wp.com\/aquienguanajuato.com\/wp-content\/uploads\/2025\/02\/4-14.jpg?fit=2048%2C1363&ssl=1","jetpack-related-posts":[],"_links":{"self":[{"href":"https:\/\/aquienguanajuato.com\/index.php?rest_route=\/wp\/v2\/posts\/3450","targetHints":{"allow":["GET"]}}],"collection":[{"href":"https:\/\/aquienguanajuato.com\/index.php?rest_route=\/wp\/v2\/posts"}],"about":[{"href":"https:\/\/aquienguanajuato.com\/index.php?rest_route=\/wp\/v2\/types\/post"}],"author":[{"embeddable":true,"href":"https:\/\/aquienguanajuato.com\/index.php?rest_route=\/wp\/v2\/users\/7"}],"replies":[{"embeddable":true,"href":"https:\/\/aquienguanajuato.com\/index.php?rest_route=%2Fwp%2Fv2%2Fcomments&post=3450"}],"version-history":[{"count":1,"href":"https:\/\/aquienguanajuato.com\/index.php?rest_route=\/wp\/v2\/posts\/3450\/revisions"}],"predecessor-version":[{"id":3460,"href":"https:\/\/aquienguanajuato.com\/index.php?rest_route=\/wp\/v2\/posts\/3450\/revisions\/3460"}],"wp:featuredmedia":[{"embeddable":true,"href":"https:\/\/aquienguanajuato.com\/index.php?rest_route=\/wp\/v2\/media\/3451"}],"wp:attachment":[{"href":"https:\/\/aquienguanajuato.com\/index.php?rest_route=%2Fwp%2Fv2%2Fmedia&parent=3450"}],"wp:term":[{"taxonomy":"category","embeddable":true,"href":"https:\/\/aquienguanajuato.com\/index.php?rest_route=%2Fwp%2Fv2%2Fcategories&post=3450"},{"taxonomy":"post_tag","embeddable":true,"href":"https:\/\/aquienguanajuato.com\/index.php?rest_route=%2Fwp%2Fv2%2Ftags&post=3450"}],"curies":[{"name":"wp","href":"https:\/\/api.w.org\/{rel}","templated":true}]}}