{"id":3439,"date":"2025-01-29T23:13:11","date_gmt":"2025-01-30T05:13:11","guid":{"rendered":"https:\/\/aquienguanajuato.com\/?p=3439"},"modified":"2025-01-29T23:13:29","modified_gmt":"2025-01-30T05:13:29","slug":"entrevista-comision-de-justicia-del-congreso-local-a-aspirantes-a-ocupar-titularidad-de-la-fiscalia-general-del-estado-de-guanajuato","status":"publish","type":"post","link":"https:\/\/aquienguanajuato.com\/?p=3439","title":{"rendered":"Entrevista Comisi\u00f3n de Justicia del Congreso local a aspirantes a ocupar titularidad de la Fiscal\u00eda General del Estado de Guanajuato\u00a0"},"content":{"rendered":"<p><span data-contrast=\"auto\">Las personas aspirantes a ocupar la titularidad de la Fiscal\u00eda General del Estado de Guanajuato, fueron entrevistadas por las y los integrantes de la Comisi\u00f3n de Justicia de la 66 legislatura del Congreso local el pasado 28 de enero; en tanto que el orden de participaci\u00f3n fue decidido por insaculaci\u00f3n, el cual qued\u00f3 de la siguiente manera: Gerardo V\u00e1zquez Alatriste, Zuc\u00e9 Anastacia Hern\u00e1ndez Mart\u00ednez e Israel Aguado Silva.<\/span><\/p>\n<p><img fetchpriority=\"high\" decoding=\"async\" class=\"alignnone size-full wp-image-3443\" src=\"https:\/\/i0.wp.com\/aquienguanajuato.com\/wp-content\/uploads\/2025\/01\/pop_IMG_2784.jpg?resize=800%2C533&#038;ssl=1\" alt=\"\" width=\"800\" height=\"533\" srcset=\"https:\/\/i0.wp.com\/aquienguanajuato.com\/wp-content\/uploads\/2025\/01\/pop_IMG_2784.jpg?w=800&amp;ssl=1 800w, https:\/\/i0.wp.com\/aquienguanajuato.com\/wp-content\/uploads\/2025\/01\/pop_IMG_2784.jpg?resize=768%2C512&amp;ssl=1 768w, https:\/\/i0.wp.com\/aquienguanajuato.com\/wp-content\/uploads\/2025\/01\/pop_IMG_2784.jpg?resize=375%2C250&amp;ssl=1 375w\" sizes=\"(max-width: 800px) 100vw, 800px\" data-recalc-dims=\"1\" \/><\/p>\n<p><span data-contrast=\"auto\">Gerardo V\u00e1zquez Alatriste coment\u00f3 que cuenta con 38 a\u00f1os de ejercicio profesional, b\u00e1sicamente en la actividad ministerial; que ha laborado en distintos estados, siempre contra la adversidad; que no puede concebirse una procuraci\u00f3n de justicia alejada del reclamo social, que lo primero que se debe atender es a la v\u00edctima y sus necesidades; a su vez dijo que trabajar\u00eda en ligar a la federaci\u00f3n con la Entidad, a lo que llam\u00f3 cohesi\u00f3n regional.<\/span><\/p>\n<p><img decoding=\"async\" class=\"alignnone size-full wp-image-3445\" src=\"https:\/\/i0.wp.com\/aquienguanajuato.com\/wp-content\/uploads\/2025\/01\/pop_IMG_3127.jpg?resize=800%2C533&#038;ssl=1\" alt=\"\" width=\"800\" height=\"533\" srcset=\"https:\/\/i0.wp.com\/aquienguanajuato.com\/wp-content\/uploads\/2025\/01\/pop_IMG_3127.jpg?w=800&amp;ssl=1 800w, https:\/\/i0.wp.com\/aquienguanajuato.com\/wp-content\/uploads\/2025\/01\/pop_IMG_3127.jpg?resize=768%2C512&amp;ssl=1 768w, https:\/\/i0.wp.com\/aquienguanajuato.com\/wp-content\/uploads\/2025\/01\/pop_IMG_3127.jpg?resize=375%2C250&amp;ssl=1 375w\" sizes=\"(max-width: 800px) 100vw, 800px\" data-recalc-dims=\"1\" \/><\/p>\n<p><span data-contrast=\"auto\">La segunda en ser entrevistada fue Zuc\u00e9 Anastacia Hern\u00e1ndez Mart\u00ednez quien refrend\u00f3 su compromiso con las v\u00edctimas, la justicia y el Estado de Derecho; a su vez, indic\u00f3 que era momento de escribir una nueva historia en la que las mujeres tienen una gran tarea. A su vez se compromete con estar cercana a la gente y que su gesti\u00f3n se basar\u00eda en la innovaci\u00f3n, la transparencia, la rendici\u00f3n de cuentas, as\u00ed como la transversalizaci\u00f3n de los derechos humanos en los procesos de investigaci\u00f3n y una fiscal\u00eda autocr\u00edtica.<\/span><\/p>\n<p><img decoding=\"async\" class=\"alignnone size-full wp-image-3442\" src=\"https:\/\/i0.wp.com\/aquienguanajuato.com\/wp-content\/uploads\/2025\/01\/pop_IMG_3000.jpg?resize=800%2C588&#038;ssl=1\" alt=\"\" width=\"800\" height=\"588\" srcset=\"https:\/\/i0.wp.com\/aquienguanajuato.com\/wp-content\/uploads\/2025\/01\/pop_IMG_3000.jpg?w=800&amp;ssl=1 800w, https:\/\/i0.wp.com\/aquienguanajuato.com\/wp-content\/uploads\/2025\/01\/pop_IMG_3000.jpg?resize=768%2C564&amp;ssl=1 768w, https:\/\/i0.wp.com\/aquienguanajuato.com\/wp-content\/uploads\/2025\/01\/pop_IMG_3000.jpg?resize=340%2C250&amp;ssl=1 340w\" sizes=\"(max-width: 800px) 100vw, 800px\" data-recalc-dims=\"1\" \/><\/p>\n<p><span data-contrast=\"auto\">Finalmente se sostuvo un di\u00e1logo con Israel Aguado Silva, quien manifest\u00f3 que la procuraci\u00f3n de justicia debe cambiar; que se pide una fiscal\u00eda m\u00e1s colaborativa, m\u00e1s eficiente, m\u00e1s emp\u00e1tica y colaborativa. Habl\u00f3 de su labor como fiscal regional, de los resultados obtenidos estando \u00e9l al frente; tambi\u00e9n, de la importancia de alinear la pol\u00edtica criminal en la Entidad; impulsar la localizaci\u00f3n de personas y la identificaci\u00f3n de cuerpos; la capacitaci\u00f3n del personal y el uso adecuado de las tecnolog\u00edas.<\/span><\/p>\n<p><span data-contrast=\"auto\">Al concluir las intervenciones, la diputada Mar\u00eda Eugenia Garc\u00eda Oliveros coment\u00f3 que si bien se est\u00e1 trabajando en un sistema in\u00e9dito para la elecci\u00f3n del fiscal el proceso se vio afectado; ello al no tomar en cuenta la participaci\u00f3n civil organizada con la presentaci\u00f3n de propuestas surgidas, de ah\u00ed lo que le resta credibilidad. Enfatiz\u00f3 que para la renovaci\u00f3n de este se presentaron varias propuestas por parte del grupo parlamentario de Morena, las cuales no fueron consideradas en la terna y que \u00e9sta se aleja de lo que promueve el gobierno del Estado en cuanto a paridad. Tambi\u00e9n se refiri\u00f3 al perfil del V\u00e1zquez Alatriste que es se\u00f1alado como una acci\u00f3n irregular, por lo que solicit\u00f3 se elaborara un dictamen en sentido negativo.<\/span><\/p>\n<p><span data-contrast=\"auto\">Por su parte, la legisladora Susana Berm\u00fadez Cano enfatiz\u00f3 que lo que les corresponde es analizar los requisitos de elegibilidad \u00fanicamente; por lo que propuso se hiciera un dictamen en sentido positivo, atendiendo la normatividad y lo se\u00f1alado en la Constituci\u00f3n Pol\u00edtica local.<\/span><\/p>\n<p><span data-contrast=\"auto\">La propuesta de la diputada Garc\u00eda Oliveros no fue aprobada, mientras que la de su hom\u00f3loga Berm\u00fadez Cano fue aceptada.<\/span><\/p>\n<p><img loading=\"lazy\" decoding=\"async\" class=\"alignnone size-full wp-image-3440\" src=\"https:\/\/i0.wp.com\/aquienguanajuato.com\/wp-content\/uploads\/2025\/01\/pop_IMG_2800.jpg?resize=800%2C533&#038;ssl=1\" alt=\"\" width=\"800\" height=\"533\" srcset=\"https:\/\/i0.wp.com\/aquienguanajuato.com\/wp-content\/uploads\/2025\/01\/pop_IMG_2800.jpg?w=800&amp;ssl=1 800w, https:\/\/i0.wp.com\/aquienguanajuato.com\/wp-content\/uploads\/2025\/01\/pop_IMG_2800.jpg?resize=768%2C512&amp;ssl=1 768w, https:\/\/i0.wp.com\/aquienguanajuato.com\/wp-content\/uploads\/2025\/01\/pop_IMG_2800.jpg?resize=375%2C250&amp;ssl=1 375w\" sizes=\"(max-width: 800px) 100vw, 800px\" data-recalc-dims=\"1\" \/><\/p>\n<p><span data-contrast=\"auto\">En la sesi\u00f3n estuvieron presentes las legisladoras Mar\u00eda Eugenia Garc\u00eda Oliveros (presidenta de la Comisi\u00f3n citada), Susana Berm\u00fadez Cano, Karol Jared Gonz\u00e1lez M\u00e1rquez y Ruth Noem\u00ed Tiscare\u00f1o Agoitia, as\u00ed como el diputado Rolando Fortino Alc\u00e1ntar Rojas. <\/span><span data-contrast=\"auto\">Asimismo los acompa\u00f1aron las diputadas y los diputados Alejandro Arias \u00c1vila, Carolina Le\u00f3n Medina, Carlos Abraham Ramos Sotomayor, Sergio Alejandro Contreras Guerrero, Rodrigo Gonz\u00e1lez Zaragoza, Sandra Alicia Pedroza Orozco, V\u00edctor Manuel Zanella Huerta, Juan Carlos Romero Hicks, David Mart\u00ednez Mendiz\u00e1bal, Jorge Arturo Espadas Galv\u00e1n, Jos\u00e9 Erandi Berm\u00fadez M\u00e9ndez, Mar\u00eda del Pilar G\u00f3mez Enr\u00edquez, Aldo Iv\u00e1n M\u00e1rquez Becerra, Roberto Carlos Ter\u00e1n Ramos, Pl\u00e1sida Calzada Vel\u00e1zquez, Estela Dami\u00e1n Alfaro y Ernesto Mill\u00e1n Soberanes.<\/span><\/p>\n","protected":false},"excerpt":{"rendered":"<p> &hellip;<\/p>\n","protected":false},"author":7,"featured_media":3441,"comment_status":"open","ping_status":"open","sticky":false,"template":"","format":"standard","meta":{"_jetpack_memberships_contains_paid_content":false,"footnotes":""},"categories":[179],"tags":[],"class_list":["post-3439","post","type-post","status-publish","format-standard","has-post-thumbnail","hentry","category-estado"],"jetpack_sharing_enabled":true,"jetpack_featured_media_url":"https:\/\/i0.wp.com\/aquienguanajuato.com\/wp-content\/uploads\/2025\/01\/pop_IMG_2808.jpg?fit=800%2C533&ssl=1","jetpack-related-posts":[],"_links":{"self":[{"href":"https:\/\/aquienguanajuato.com\/index.php?rest_route=\/wp\/v2\/posts\/3439","targetHints":{"allow":["GET"]}}],"collection":[{"href":"https:\/\/aquienguanajuato.com\/index.php?rest_route=\/wp\/v2\/posts"}],"about":[{"href":"https:\/\/aquienguanajuato.com\/index.php?rest_route=\/wp\/v2\/types\/post"}],"author":[{"embeddable":true,"href":"https:\/\/aquienguanajuato.com\/index.php?rest_route=\/wp\/v2\/users\/7"}],"replies":[{"embeddable":true,"href":"https:\/\/aquienguanajuato.com\/index.php?rest_route=%2Fwp%2Fv2%2Fcomments&post=3439"}],"version-history":[{"count":2,"href":"https:\/\/aquienguanajuato.com\/index.php?rest_route=\/wp\/v2\/posts\/3439\/revisions"}],"predecessor-version":[{"id":3448,"href":"https:\/\/aquienguanajuato.com\/index.php?rest_route=\/wp\/v2\/posts\/3439\/revisions\/3448"}],"wp:featuredmedia":[{"embeddable":true,"href":"https:\/\/aquienguanajuato.com\/index.php?rest_route=\/wp\/v2\/media\/3441"}],"wp:attachment":[{"href":"https:\/\/aquienguanajuato.com\/index.php?rest_route=%2Fwp%2Fv2%2Fmedia&parent=3439"}],"wp:term":[{"taxonomy":"category","embeddable":true,"href":"https:\/\/aquienguanajuato.com\/index.php?rest_route=%2Fwp%2Fv2%2Fcategories&post=3439"},{"taxonomy":"post_tag","embeddable":true,"href":"https:\/\/aquienguanajuato.com\/index.php?rest_route=%2Fwp%2Fv2%2Ftags&post=3439"}],"curies":[{"name":"wp","href":"https:\/\/api.w.org\/{rel}","templated":true}]}}