{"id":3419,"date":"2025-01-24T00:32:52","date_gmt":"2025-01-24T06:32:52","guid":{"rendered":"https:\/\/aquienguanajuato.com\/?p=3419"},"modified":"2025-01-24T00:32:52","modified_gmt":"2025-01-24T06:32:52","slug":"acuerdan-fechas-de-entrevistas-a-postulantes-para-ocupar-la-titularidad-de-la-prodheg","status":"publish","type":"post","link":"https:\/\/aquienguanajuato.com\/?p=3419","title":{"rendered":"Acuerdan fechas de entrevistas a postulantes para ocupar la titularidad de la Prodheg"},"content":{"rendered":"<p><span data-contrast=\"auto\">En sesi\u00f3n de la Comisi\u00f3n de Derechos Humanos y Atenci\u00f3n a Grupos vulnerables de la LXVI Legislatura del Congreso del Estado de Guanajuato, el pasado 17 de enero dio cuenta con los expedientes de las personas postuladas para ocupar la titularidad de la Procuradur\u00eda de los Derechos Humanos del Estado de Guanajuato (Prodheg); tambi\u00e9n se acordaron las fechas, as\u00ed como la mec\u00e1nica de las entrevistas.<\/span><\/p>\n<p><img fetchpriority=\"high\" decoding=\"async\" class=\"size-full wp-image-3424\" style=\"font-weight: bold;text-align: center\" src=\"https:\/\/i0.wp.com\/aquienguanajuato.com\/wp-content\/uploads\/2025\/01\/pop_IMG_2168.jpg?resize=800%2C414&#038;ssl=1\" alt=\"\" width=\"800\" height=\"414\" srcset=\"https:\/\/i0.wp.com\/aquienguanajuato.com\/wp-content\/uploads\/2025\/01\/pop_IMG_2168.jpg?w=800&amp;ssl=1 800w, https:\/\/i0.wp.com\/aquienguanajuato.com\/wp-content\/uploads\/2025\/01\/pop_IMG_2168.jpg?resize=768%2C397&amp;ssl=1 768w, https:\/\/i0.wp.com\/aquienguanajuato.com\/wp-content\/uploads\/2025\/01\/pop_IMG_2168.jpg?resize=483%2C250&amp;ssl=1 483w\" sizes=\"(max-width: 800px) 100vw, 800px\" data-recalc-dims=\"1\" \/><\/p>\n<p><span data-contrast=\"auto\">Asimismo, mediante mecanismo de insaculaci\u00f3n se obtuvo el orden en que ser\u00e1n entrevistadas las personas aspirantes al citado cargo el cual qued\u00f3 de la siguiente manera: Isis Nevai Albarr\u00e1n Garc\u00eda, Margarita L\u00f3pez Maciel, Diana Hern\u00e1ndez Mej\u00eda, Sergio Gustavo Barqu\u00edn Carmona, Karla Alejandra Esc\u00e1rcega Robledo, Ana Wendy Mu\u00f1oz G\u00f3mez, Efra\u00edn Alcal\u00e1 Ch\u00e1vez, Sergio Jaime Rochin del Rinc\u00f3n, V\u00edctor Aguirre Armenta, Sandra Liliana Prieto de Le\u00f3n, Mar\u00eda Elisa Jaime Rangel, Georgina Vargas Vera, Mar\u00eda de los \u00c1ngeles M\u00e1rquez Carri\u00f3n, Karla Gabriela Alcaraz Olvera y Eliseo Hern\u00e1ndez Campos.<\/span><\/p>\n<p><span data-contrast=\"auto\">En su intervenci\u00f3n el congresista Jes\u00fas Hern\u00e1ndez Hern\u00e1ndez coment\u00f3 que este proceso refleja el compromiso con la ciudadan\u00eda porque la persona que asuma la titularidad de la Prodheg tendr\u00e1 el firme compromiso con la gente de velar, garantizar y promover los derechos humanos; en tanto que en ese sentido, agradeci\u00f3 la participaci\u00f3n de la poblaci\u00f3n en este proceso y reconoci\u00f3 que los trabajos son muestra del di\u00e1logo y de la importancia que tiene este organismo para la Entidad.<\/span><\/p>\n<p><span data-contrast=\"auto\">Por su parte, el diputado Jos\u00e9 Salvador Tovar Vargas indic\u00f3 que ese d\u00eda se daba un paso importante en el proceso de designaci\u00f3n del titular de la Prodheg ; a su vez solicit\u00f3 se modificar\u00e1 que las entrevistas se hicieran el 23 y 24 de enero de 2025 a partir de la 10:00 horas, lo cual se acept\u00f3.<\/span><\/p>\n<p><span data-contrast=\"auto\">En tanto que la legisladora Ana Mar\u00eda Esquivel Arrona, celebr\u00f3 que el proceso haya sido de las y los guanajuatenses; asimismo destac\u00f3 que la convocatoria contempl\u00f3 a las asociaciones de la sociedad civil y a la poblaci\u00f3n en general, subrayando que en este proceso tan importante se le apost\u00f3 a la transparencia. A\u00f1adi\u00f3 que con la finalidad de desahogar las entrevistas cada aspirante disponga de 10 minutos para una disertaci\u00f3n inicial donde exponga su compromiso, visi\u00f3n y sobre todo su enfoque para garantizar los derechos de todas las personas.<\/span><\/p>\n<p><img decoding=\"async\" class=\"alignnone size-medium wp-image-3425\" src=\"https:\/\/i0.wp.com\/aquienguanajuato.com\/wp-content\/uploads\/2025\/01\/IMG_2169.png?resize=800%2C413&#038;ssl=1\" alt=\"\" width=\"800\" height=\"413\" srcset=\"https:\/\/i0.wp.com\/aquienguanajuato.com\/wp-content\/uploads\/2025\/01\/IMG_2169.png?resize=800%2C413&amp;ssl=1 800w, https:\/\/i0.wp.com\/aquienguanajuato.com\/wp-content\/uploads\/2025\/01\/IMG_2169.png?resize=1024%2C529&amp;ssl=1 1024w, https:\/\/i0.wp.com\/aquienguanajuato.com\/wp-content\/uploads\/2025\/01\/IMG_2169.png?resize=768%2C397&amp;ssl=1 768w, https:\/\/i0.wp.com\/aquienguanajuato.com\/wp-content\/uploads\/2025\/01\/IMG_2169.png?resize=484%2C250&amp;ssl=1 484w, https:\/\/i0.wp.com\/aquienguanajuato.com\/wp-content\/uploads\/2025\/01\/IMG_2169.png?w=1130&amp;ssl=1 1130w\" sizes=\"(max-width: 800px) 100vw, 800px\" data-recalc-dims=\"1\" \/><\/p>\n<p><span data-contrast=\"auto\">Estuvieron presentes en dicha sesi\u00f3n las legisladoras Pl\u00e1sida Calzada Vel\u00e1zquez -presidenta de la Comisi\u00f3n citada-, Ana Mar\u00eda Esquivel Arrona y Miriam Reyes Carmona as\u00ed como los diputados Jes\u00fas Hern\u00e1ndez Hern\u00e1ndez y Jos\u00e9 Salvador Tovar Vargas; asimismo, los acompa\u00f1aron la legisladora Estela Dami\u00e1n Alfaro y el diputado Roberto Carlos Ter\u00e1n Ramos.<\/span><\/p>\n","protected":false},"excerpt":{"rendered":"<p> &hellip;<\/p>\n","protected":false},"author":7,"featured_media":3420,"comment_status":"open","ping_status":"open","sticky":false,"template":"","format":"standard","meta":{"_jetpack_memberships_contains_paid_content":false,"footnotes":""},"categories":[179],"tags":[],"class_list":["post-3419","post","type-post","status-publish","format-standard","has-post-thumbnail","hentry","category-estado"],"jetpack_sharing_enabled":true,"jetpack_featured_media_url":"https:\/\/i0.wp.com\/aquienguanajuato.com\/wp-content\/uploads\/2025\/01\/pop_IMG_2210.jpg?fit=800%2C533&ssl=1","jetpack-related-posts":[],"_links":{"self":[{"href":"https:\/\/aquienguanajuato.com\/index.php?rest_route=\/wp\/v2\/posts\/3419","targetHints":{"allow":["GET"]}}],"collection":[{"href":"https:\/\/aquienguanajuato.com\/index.php?rest_route=\/wp\/v2\/posts"}],"about":[{"href":"https:\/\/aquienguanajuato.com\/index.php?rest_route=\/wp\/v2\/types\/post"}],"author":[{"embeddable":true,"href":"https:\/\/aquienguanajuato.com\/index.php?rest_route=\/wp\/v2\/users\/7"}],"replies":[{"embeddable":true,"href":"https:\/\/aquienguanajuato.com\/index.php?rest_route=%2Fwp%2Fv2%2Fcomments&post=3419"}],"version-history":[{"count":1,"href":"https:\/\/aquienguanajuato.com\/index.php?rest_route=\/wp\/v2\/posts\/3419\/revisions"}],"predecessor-version":[{"id":3426,"href":"https:\/\/aquienguanajuato.com\/index.php?rest_route=\/wp\/v2\/posts\/3419\/revisions\/3426"}],"wp:featuredmedia":[{"embeddable":true,"href":"https:\/\/aquienguanajuato.com\/index.php?rest_route=\/wp\/v2\/media\/3420"}],"wp:attachment":[{"href":"https:\/\/aquienguanajuato.com\/index.php?rest_route=%2Fwp%2Fv2%2Fmedia&parent=3419"}],"wp:term":[{"taxonomy":"category","embeddable":true,"href":"https:\/\/aquienguanajuato.com\/index.php?rest_route=%2Fwp%2Fv2%2Fcategories&post=3419"},{"taxonomy":"post_tag","embeddable":true,"href":"https:\/\/aquienguanajuato.com\/index.php?rest_route=%2Fwp%2Fv2%2Ftags&post=3419"}],"curies":[{"name":"wp","href":"https:\/\/api.w.org\/{rel}","templated":true}]}}