{"id":3400,"date":"2025-01-22T23:30:20","date_gmt":"2025-01-23T05:30:20","guid":{"rendered":"https:\/\/aquienguanajuato.com\/?p=3400"},"modified":"2025-01-22T23:50:36","modified_gmt":"2025-01-23T05:50:36","slug":"realiza-ieeg-panel-voces-de-cambios-mujeres-al-frente","status":"publish","type":"post","link":"https:\/\/aquienguanajuato.com\/?p=3400","title":{"rendered":"Realiza IEEG panel &#8221; Voces de cambios, mujeres al frente&#8221;"},"content":{"rendered":"<p><img fetchpriority=\"high\" decoding=\"async\" class=\"alignnone size-medium wp-image-3411\" src=\"https:\/\/i0.wp.com\/aquienguanajuato.com\/wp-content\/uploads\/2025\/01\/3-10.jpg?resize=800%2C532&#038;ssl=1\" alt=\"\" width=\"800\" height=\"532\" srcset=\"https:\/\/i0.wp.com\/aquienguanajuato.com\/wp-content\/uploads\/2025\/01\/3-10.jpg?resize=800%2C532&amp;ssl=1 800w, https:\/\/i0.wp.com\/aquienguanajuato.com\/wp-content\/uploads\/2025\/01\/3-10.jpg?resize=1024%2C682&amp;ssl=1 1024w, https:\/\/i0.wp.com\/aquienguanajuato.com\/wp-content\/uploads\/2025\/01\/3-10.jpg?resize=768%2C511&amp;ssl=1 768w, https:\/\/i0.wp.com\/aquienguanajuato.com\/wp-content\/uploads\/2025\/01\/3-10.jpg?resize=1536%2C1022&amp;ssl=1 1536w, https:\/\/i0.wp.com\/aquienguanajuato.com\/wp-content\/uploads\/2025\/01\/3-10.jpg?resize=376%2C250&amp;ssl=1 376w, https:\/\/i0.wp.com\/aquienguanajuato.com\/wp-content\/uploads\/2025\/01\/3-10.jpg?w=2048&amp;ssl=1 2048w\" sizes=\"(max-width: 800px) 100vw, 800px\" data-recalc-dims=\"1\" \/><\/p>\n<p><span data-contrast=\"auto\">Con el objetivo de visibilizar y reconocer la incansable lucha del g\u00e9nero femenino en su camino hacia la ocupaci\u00f3n de puestos estrat\u00e9gicos en la toma de decisiones del \u00e1mbito p\u00fablico, el Instituto Electoral del Estado de Guanajuato (IEEG) realiz\u00f3 el Panel: &#8220;Voces de cambios, mujeres al frente&#8221;; ello, como parte de sus actividades en el marco de la conmemoraci\u00f3n de los 30 a\u00f1os del Instituto en menci\u00f3n como organismo electoral estatal aut\u00f3nomo.<\/span><\/p>\n<p><span data-contrast=\"auto\">Dicho panel se llev\u00f3 a cabo alrededor del mediod\u00eda del pasado viernes 17 de enero, en el Sal\u00f3n <\/span><i><span data-contrast=\"auto\">Josefa Ortiz Gir\u00f3n <\/span><\/i><span data-contrast=\"auto\">del <\/span><span data-contrast=\"auto\">edificio central del Instituto el cual se ubica\u00a0en Guanajuato capital; mismo en el que participaron mujeres destacadas y reconocidas en el \u00e1mbito pol\u00edtico de nuestro Pa\u00eds como lo son: Beatriz Paredes Rangel quien es pol\u00edtica, diplom\u00e1tica y soci\u00f3loga; Eufrosina Cruz Mendoza, que actualmente se desempe\u00f1a como activista; Patricia Mercado Castro, diputada federal y Virginia Marie Maga\u00f1a Fonseca, senadora de la Rep\u00fablica quienes fueron las panelistas. Como moderadora fungi\u00f3 Ivabelle Arroyo Ulloa, destacada analista pol\u00edtica.<\/span><\/p>\n<p><img decoding=\"async\" class=\"alignnone size-medium wp-image-3404\" src=\"https:\/\/i0.wp.com\/aquienguanajuato.com\/wp-content\/uploads\/2025\/01\/2-13.jpg?resize=800%2C532&#038;ssl=1\" alt=\"\" width=\"800\" height=\"532\" srcset=\"https:\/\/i0.wp.com\/aquienguanajuato.com\/wp-content\/uploads\/2025\/01\/2-13.jpg?resize=800%2C532&amp;ssl=1 800w, https:\/\/i0.wp.com\/aquienguanajuato.com\/wp-content\/uploads\/2025\/01\/2-13.jpg?resize=1024%2C682&amp;ssl=1 1024w, https:\/\/i0.wp.com\/aquienguanajuato.com\/wp-content\/uploads\/2025\/01\/2-13.jpg?resize=768%2C511&amp;ssl=1 768w, https:\/\/i0.wp.com\/aquienguanajuato.com\/wp-content\/uploads\/2025\/01\/2-13.jpg?resize=1536%2C1022&amp;ssl=1 1536w, https:\/\/i0.wp.com\/aquienguanajuato.com\/wp-content\/uploads\/2025\/01\/2-13.jpg?resize=376%2C250&amp;ssl=1 376w, https:\/\/i0.wp.com\/aquienguanajuato.com\/wp-content\/uploads\/2025\/01\/2-13.jpg?w=2048&amp;ssl=1 2048w\" sizes=\"(max-width: 800px) 100vw, 800px\" data-recalc-dims=\"1\" \/><\/p>\n<p><span data-contrast=\"auto\">Al hacer uso de la voz, la consejera presidenta del IEEG Brenda Canchola Elizarraraz\u00a0expres\u00f3: \u201cEstas historias nos ayudan a ser conscientes del papel que han jugado las mujeres en el espacio p\u00fablico y sobre todo reflexionar sobre el papel que de aqu\u00ed en adelante debemos tomar y las acciones que nos corresponden hacer\u201d.<\/span><\/p>\n<p><img decoding=\"async\" class=\"alignnone size-medium wp-image-3413\" src=\"https:\/\/i0.wp.com\/aquienguanajuato.com\/wp-content\/uploads\/2025\/01\/4-11.jpg?resize=800%2C532&#038;ssl=1\" alt=\"\" width=\"800\" height=\"532\" srcset=\"https:\/\/i0.wp.com\/aquienguanajuato.com\/wp-content\/uploads\/2025\/01\/4-11.jpg?resize=800%2C532&amp;ssl=1 800w, https:\/\/i0.wp.com\/aquienguanajuato.com\/wp-content\/uploads\/2025\/01\/4-11.jpg?resize=1024%2C682&amp;ssl=1 1024w, https:\/\/i0.wp.com\/aquienguanajuato.com\/wp-content\/uploads\/2025\/01\/4-11.jpg?resize=768%2C511&amp;ssl=1 768w, https:\/\/i0.wp.com\/aquienguanajuato.com\/wp-content\/uploads\/2025\/01\/4-11.jpg?resize=1536%2C1022&amp;ssl=1 1536w, https:\/\/i0.wp.com\/aquienguanajuato.com\/wp-content\/uploads\/2025\/01\/4-11.jpg?resize=376%2C250&amp;ssl=1 376w, https:\/\/i0.wp.com\/aquienguanajuato.com\/wp-content\/uploads\/2025\/01\/4-11.jpg?w=2048&amp;ssl=1 2048w\" sizes=\"(max-width: 800px) 100vw, 800px\" data-recalc-dims=\"1\" \/><\/p>\n<p><span data-contrast=\"auto\">Ya durante el panel Beatriz Paredes quiern particip\u00f3 v\u00eda remota, expres\u00f3: \u201cNuestro enorme desaf\u00edo es genuinamente ser distintas y no reproducir los intereses creados y de las formaciones que nos llevaron al poder sin tener un enfoque de g\u00e9nero en nuestros programas p\u00fablicos.<\/span><\/p>\n<p><img loading=\"lazy\" decoding=\"async\" class=\"alignnone size-medium wp-image-3412\" src=\"https:\/\/i0.wp.com\/aquienguanajuato.com\/wp-content\/uploads\/2025\/01\/5-8.jpg?resize=800%2C532&#038;ssl=1\" alt=\"\" width=\"800\" height=\"532\" srcset=\"https:\/\/i0.wp.com\/aquienguanajuato.com\/wp-content\/uploads\/2025\/01\/5-8.jpg?resize=800%2C532&amp;ssl=1 800w, https:\/\/i0.wp.com\/aquienguanajuato.com\/wp-content\/uploads\/2025\/01\/5-8.jpg?resize=1024%2C682&amp;ssl=1 1024w, https:\/\/i0.wp.com\/aquienguanajuato.com\/wp-content\/uploads\/2025\/01\/5-8.jpg?resize=768%2C511&amp;ssl=1 768w, https:\/\/i0.wp.com\/aquienguanajuato.com\/wp-content\/uploads\/2025\/01\/5-8.jpg?resize=1536%2C1022&amp;ssl=1 1536w, https:\/\/i0.wp.com\/aquienguanajuato.com\/wp-content\/uploads\/2025\/01\/5-8.jpg?resize=376%2C250&amp;ssl=1 376w, https:\/\/i0.wp.com\/aquienguanajuato.com\/wp-content\/uploads\/2025\/01\/5-8.jpg?w=2048&amp;ssl=1 2048w\" sizes=\"(max-width: 800px) 100vw, 800px\" data-recalc-dims=\"1\" \/><\/p>\n<p><span data-contrast=\"auto\">\u00a0<\/span> <span data-contrast=\"auto\">Por su parte: Eufrosina Cruz\u00a0coment\u00f3:\u00a0\u201cEn esta lucha entend\u00ed que lo que no se est\u00e1 en las leyes, lo que nos grita y lo que no se exige no existe; hay que alzar la voz, para que juntas construyamos esas agendas pendientes\u201d.<\/span><\/p>\n<p><img loading=\"lazy\" decoding=\"async\" class=\"alignnone size-medium wp-image-3410\" src=\"https:\/\/i0.wp.com\/aquienguanajuato.com\/wp-content\/uploads\/2025\/01\/6-6.jpg?resize=800%2C532&#038;ssl=1\" alt=\"\" width=\"800\" height=\"532\" srcset=\"https:\/\/i0.wp.com\/aquienguanajuato.com\/wp-content\/uploads\/2025\/01\/6-6.jpg?resize=800%2C532&amp;ssl=1 800w, https:\/\/i0.wp.com\/aquienguanajuato.com\/wp-content\/uploads\/2025\/01\/6-6.jpg?resize=1024%2C682&amp;ssl=1 1024w, https:\/\/i0.wp.com\/aquienguanajuato.com\/wp-content\/uploads\/2025\/01\/6-6.jpg?resize=768%2C511&amp;ssl=1 768w, https:\/\/i0.wp.com\/aquienguanajuato.com\/wp-content\/uploads\/2025\/01\/6-6.jpg?resize=1536%2C1022&amp;ssl=1 1536w, https:\/\/i0.wp.com\/aquienguanajuato.com\/wp-content\/uploads\/2025\/01\/6-6.jpg?resize=376%2C250&amp;ssl=1 376w, https:\/\/i0.wp.com\/aquienguanajuato.com\/wp-content\/uploads\/2025\/01\/6-6.jpg?w=2048&amp;ssl=1 2048w\" sizes=\"(max-width: 800px) 100vw, 800px\" data-recalc-dims=\"1\" \/><\/p>\n<p><span data-contrast=\"auto\">\u00a0<\/span> <span data-contrast=\"auto\">En su momento, Patricia Mercado expuso:\u00a0\u201cQuienes llegamos a los espacios de toma de decisi\u00f3n, necesitamos generar confianza y credibilidad en las mujeres y recobrar la confianza de la ciudadan\u00eda\u201d.<\/span><\/p>\n<p><img loading=\"lazy\" decoding=\"async\" class=\"alignnone size-medium wp-image-3409\" src=\"https:\/\/i0.wp.com\/aquienguanajuato.com\/wp-content\/uploads\/2025\/01\/7-3.jpg?resize=800%2C532&#038;ssl=1\" alt=\"\" width=\"800\" height=\"532\" srcset=\"https:\/\/i0.wp.com\/aquienguanajuato.com\/wp-content\/uploads\/2025\/01\/7-3.jpg?resize=800%2C532&amp;ssl=1 800w, https:\/\/i0.wp.com\/aquienguanajuato.com\/wp-content\/uploads\/2025\/01\/7-3.jpg?resize=1024%2C682&amp;ssl=1 1024w, https:\/\/i0.wp.com\/aquienguanajuato.com\/wp-content\/uploads\/2025\/01\/7-3.jpg?resize=768%2C511&amp;ssl=1 768w, https:\/\/i0.wp.com\/aquienguanajuato.com\/wp-content\/uploads\/2025\/01\/7-3.jpg?resize=1536%2C1022&amp;ssl=1 1536w, https:\/\/i0.wp.com\/aquienguanajuato.com\/wp-content\/uploads\/2025\/01\/7-3.jpg?resize=376%2C250&amp;ssl=1 376w, https:\/\/i0.wp.com\/aquienguanajuato.com\/wp-content\/uploads\/2025\/01\/7-3.jpg?w=2048&amp;ssl=1 2048w\" sizes=\"(max-width: 800px) 100vw, 800px\" data-recalc-dims=\"1\" \/><\/p>\n<p><span data-contrast=\"auto\">Virginia Maga\u00f1a, dijo: \u201cLos desaf\u00edos est\u00e1n en la igualdad sustantiva, que esa igualdad se represente en nuestra vida cotidiana; debemos garantizar una vida libre de violencia para nosotras, las mujeres\u201d.<\/span><\/p>\n<p><img loading=\"lazy\" decoding=\"async\" class=\"alignnone size-medium wp-image-3416\" src=\"https:\/\/i0.wp.com\/aquienguanajuato.com\/wp-content\/uploads\/2025\/01\/1-11.jpg?resize=800%2C532&#038;ssl=1\" alt=\"\" width=\"800\" height=\"532\" srcset=\"https:\/\/i0.wp.com\/aquienguanajuato.com\/wp-content\/uploads\/2025\/01\/1-11.jpg?resize=800%2C532&amp;ssl=1 800w, https:\/\/i0.wp.com\/aquienguanajuato.com\/wp-content\/uploads\/2025\/01\/1-11.jpg?resize=1024%2C682&amp;ssl=1 1024w, https:\/\/i0.wp.com\/aquienguanajuato.com\/wp-content\/uploads\/2025\/01\/1-11.jpg?resize=768%2C511&amp;ssl=1 768w, https:\/\/i0.wp.com\/aquienguanajuato.com\/wp-content\/uploads\/2025\/01\/1-11.jpg?resize=1536%2C1022&amp;ssl=1 1536w, https:\/\/i0.wp.com\/aquienguanajuato.com\/wp-content\/uploads\/2025\/01\/1-11.jpg?resize=376%2C250&amp;ssl=1 376w, https:\/\/i0.wp.com\/aquienguanajuato.com\/wp-content\/uploads\/2025\/01\/1-11.jpg?w=2048&amp;ssl=1 2048w\" sizes=\"(max-width: 800px) 100vw, 800px\" data-recalc-dims=\"1\" \/><\/p>\n<p><span data-contrast=\"auto\">Por parte del IEEG presenciaron el panel\u00a0las consejeras electorales\u00a0Mar\u00eda Concepci\u00f3n Esther Aboites S\u00e1mano y Blanca Marcela Aboytes Vega, as\u00ed como el consejero electoral Eduardo Joaqu\u00edn del Arco Borja a la vez de su secretaria ejecutiva Indira Rodr\u00edguez Ram\u00edrez; tambi\u00e9n acudieron representantes de partidos pol\u00edticos, de instituciones educativas, de organizaciones de la sociedad civil, personal del Instituto y ciudadan\u00eda en general.<\/span><\/p>\n<p><img loading=\"lazy\" decoding=\"async\" class=\"alignnone size-medium wp-image-3406\" src=\"https:\/\/i0.wp.com\/aquienguanajuato.com\/wp-content\/uploads\/2025\/01\/7-4.jpg?resize=800%2C532&#038;ssl=1\" alt=\"\" width=\"800\" height=\"532\" srcset=\"https:\/\/i0.wp.com\/aquienguanajuato.com\/wp-content\/uploads\/2025\/01\/7-4.jpg?resize=800%2C532&amp;ssl=1 800w, https:\/\/i0.wp.com\/aquienguanajuato.com\/wp-content\/uploads\/2025\/01\/7-4.jpg?resize=1024%2C682&amp;ssl=1 1024w, https:\/\/i0.wp.com\/aquienguanajuato.com\/wp-content\/uploads\/2025\/01\/7-4.jpg?resize=768%2C511&amp;ssl=1 768w, https:\/\/i0.wp.com\/aquienguanajuato.com\/wp-content\/uploads\/2025\/01\/7-4.jpg?resize=1536%2C1022&amp;ssl=1 1536w, https:\/\/i0.wp.com\/aquienguanajuato.com\/wp-content\/uploads\/2025\/01\/7-4.jpg?resize=376%2C250&amp;ssl=1 376w, https:\/\/i0.wp.com\/aquienguanajuato.com\/wp-content\/uploads\/2025\/01\/7-4.jpg?w=2048&amp;ssl=1 2048w\" sizes=\"(max-width: 800px) 100vw, 800px\" data-recalc-dims=\"1\" \/><\/p>\n<p><span data-contrast=\"auto\">Finalmente es de hacer menci\u00f3n que el anterior 15 de enero enseguida del acto conmemorativo por el aniversario citado,\u00a0se llev\u00f3 a cabo la conferencia: \u201cMujeres en la pol\u00edtica.<\/span><i><span data-contrast=\"auto\"> Un camino hacia la igualdad<\/span><\/i><span data-contrast=\"auto\">\u201d impartida por Leticia Bonifaz Alfonzo, acad\u00e9mica reconocida por su trabajo a favor de los derechos humanos y la igualdad de g\u00e9nero.<\/span><\/p>\n<p><img loading=\"lazy\" decoding=\"async\" class=\"alignnone size-medium wp-image-3405\" src=\"https:\/\/i0.wp.com\/aquienguanajuato.com\/wp-content\/uploads\/2025\/01\/8-3.jpeg?resize=800%2C532&#038;ssl=1\" alt=\"\" width=\"800\" height=\"532\" srcset=\"https:\/\/i0.wp.com\/aquienguanajuato.com\/wp-content\/uploads\/2025\/01\/8-3.jpeg?resize=800%2C532&amp;ssl=1 800w, https:\/\/i0.wp.com\/aquienguanajuato.com\/wp-content\/uploads\/2025\/01\/8-3.jpeg?resize=1024%2C681&amp;ssl=1 1024w, https:\/\/i0.wp.com\/aquienguanajuato.com\/wp-content\/uploads\/2025\/01\/8-3.jpeg?resize=768%2C511&amp;ssl=1 768w, https:\/\/i0.wp.com\/aquienguanajuato.com\/wp-content\/uploads\/2025\/01\/8-3.jpeg?resize=1536%2C1021&amp;ssl=1 1536w, https:\/\/i0.wp.com\/aquienguanajuato.com\/wp-content\/uploads\/2025\/01\/8-3.jpeg?resize=376%2C250&amp;ssl=1 376w, https:\/\/i0.wp.com\/aquienguanajuato.com\/wp-content\/uploads\/2025\/01\/8-3.jpeg?w=1600&amp;ssl=1 1600w\" sizes=\"(max-width: 800px) 100vw, 800px\" data-recalc-dims=\"1\" \/><\/p>\n<p><span data-contrast=\"auto\">La segunda conferencia de ese mi\u00e9rcoles fue: \u201cReflexiones de la democracia y acciones afirmativas desde la perspectiva de las autoridades jurisdiccionales\u201d, \u00e9sta a cargo de Sergio Arturo Guerrero Olvera, magistrado presidente de la Sala Regional Guadalajara del Tribunal Electoral del Poder Judicial de la Federaci\u00f3n.<\/span><\/p>\n<p><span data-contrast=\"auto\">El IEEG continuar\u00e1 con la conmemoraci\u00f3n de sus 30 a\u00f1os de existencia, en tanto que las actividades al respecto se pueden consultar en sus redes sociales institucionales.<\/span><\/p>\n","protected":false},"excerpt":{"rendered":"<p> &hellip;<\/p>\n","protected":false},"author":7,"featured_media":3407,"comment_status":"open","ping_status":"open","sticky":false,"template":"","format":"standard","meta":{"_jetpack_memberships_contains_paid_content":false,"footnotes":""},"categories":[179],"tags":[],"class_list":["post-3400","post","type-post","status-publish","format-standard","has-post-thumbnail","hentry","category-estado"],"jetpack_sharing_enabled":true,"jetpack_featured_media_url":"https:\/\/i0.wp.com\/aquienguanajuato.com\/wp-content\/uploads\/2025\/01\/9-1.jpg?fit=2048%2C1363&ssl=1","jetpack-related-posts":[],"_links":{"self":[{"href":"https:\/\/aquienguanajuato.com\/index.php?rest_route=\/wp\/v2\/posts\/3400","targetHints":{"allow":["GET"]}}],"collection":[{"href":"https:\/\/aquienguanajuato.com\/index.php?rest_route=\/wp\/v2\/posts"}],"about":[{"href":"https:\/\/aquienguanajuato.com\/index.php?rest_route=\/wp\/v2\/types\/post"}],"author":[{"embeddable":true,"href":"https:\/\/aquienguanajuato.com\/index.php?rest_route=\/wp\/v2\/users\/7"}],"replies":[{"embeddable":true,"href":"https:\/\/aquienguanajuato.com\/index.php?rest_route=%2Fwp%2Fv2%2Fcomments&post=3400"}],"version-history":[{"count":4,"href":"https:\/\/aquienguanajuato.com\/index.php?rest_route=\/wp\/v2\/posts\/3400\/revisions"}],"predecessor-version":[{"id":3418,"href":"https:\/\/aquienguanajuato.com\/index.php?rest_route=\/wp\/v2\/posts\/3400\/revisions\/3418"}],"wp:featuredmedia":[{"embeddable":true,"href":"https:\/\/aquienguanajuato.com\/index.php?rest_route=\/wp\/v2\/media\/3407"}],"wp:attachment":[{"href":"https:\/\/aquienguanajuato.com\/index.php?rest_route=%2Fwp%2Fv2%2Fmedia&parent=3400"}],"wp:term":[{"taxonomy":"category","embeddable":true,"href":"https:\/\/aquienguanajuato.com\/index.php?rest_route=%2Fwp%2Fv2%2Fcategories&post=3400"},{"taxonomy":"post_tag","embeddable":true,"href":"https:\/\/aquienguanajuato.com\/index.php?rest_route=%2Fwp%2Fv2%2Ftags&post=3400"}],"curies":[{"name":"wp","href":"https:\/\/api.w.org\/{rel}","templated":true}]}}