{"id":3391,"date":"2025-01-18T23:20:44","date_gmt":"2025-01-19T05:20:44","guid":{"rendered":"https:\/\/aquienguanajuato.com\/?p=3391"},"modified":"2025-01-18T23:20:44","modified_gmt":"2025-01-19T05:20:44","slug":"tiene-congreso-del-estado-stand-en-la-feria-de-leon-2025","status":"publish","type":"post","link":"https:\/\/aquienguanajuato.com\/?p=3391","title":{"rendered":"Tiene Congreso del Estado stand en la Feria de Le\u00f3n 2025\u00a0"},"content":{"rendered":"<p><span data-contrast=\"auto\">La 66 Legislatura del Congreso del Estado de Guanajuato amplia sus actividades al hacer presencia\u00a0en la edici\u00f3n 2025 de la Feria Estatal de Le\u00f3n,\u00a0ello al contar dicha\u00a0casa legislativa con un stand en el \u00e1rea del Poliforum desde el pasado 10 de enero.<\/span><\/p>\n<p><img fetchpriority=\"high\" decoding=\"async\" class=\"alignnone size-full wp-image-3395\" src=\"https:\/\/i0.wp.com\/aquienguanajuato.com\/wp-content\/uploads\/2025\/01\/pop_WhatsApp-Image-2025-01-10-at-13.04.08-1.jpeg?resize=800%2C518&#038;ssl=1\" alt=\"\" width=\"800\" height=\"518\" srcset=\"https:\/\/i0.wp.com\/aquienguanajuato.com\/wp-content\/uploads\/2025\/01\/pop_WhatsApp-Image-2025-01-10-at-13.04.08-1.jpeg?w=800&amp;ssl=1 800w, https:\/\/i0.wp.com\/aquienguanajuato.com\/wp-content\/uploads\/2025\/01\/pop_WhatsApp-Image-2025-01-10-at-13.04.08-1.jpeg?resize=768%2C497&amp;ssl=1 768w, https:\/\/i0.wp.com\/aquienguanajuato.com\/wp-content\/uploads\/2025\/01\/pop_WhatsApp-Image-2025-01-10-at-13.04.08-1.jpeg?resize=386%2C250&amp;ssl=1 386w\" sizes=\"(max-width: 800px) 100vw, 800px\" data-recalc-dims=\"1\" \/><\/p>\n<p><span data-contrast=\"auto\">Como parte de la magia y diversi\u00f3n de las leonesas fiestas de enero, destaca la participaci\u00f3n de <\/span><i><span data-contrast=\"auto\">Parlito<\/span><\/i>:<span data-contrast=\"auto\">\u00a0un simp\u00e1tico robot virtual quien acompa\u00f1ar\u00e1 a los participantes en la din\u00e1mica que se realizan en el stand mediante una traves\u00eda a trav\u00e9s del tiempo para conocer m\u00e1s a\u00a0diputadas, diputados locales a la vez de aspectos generales del Congreso de nuestra Entidad federativa.<\/span><\/p>\n<p><span data-contrast=\"auto\">En tanto que abordo de una nave viajar\u00e1n a la \u00e9poca en la que se instal\u00f3 la Excelent\u00edsima Diputaci\u00f3n Provincial de Guanajuato, conocer los Poderes que conforman el Estado; tambi\u00e9n fechas importantes, como la fundaci\u00f3n de la Ciudad de Le\u00f3n y hasta el a\u00f1o en que por primera vez una mujer fue electa para el cargo de diputada local.<img decoding=\"async\" class=\"alignnone size-full wp-image-3393\" src=\"https:\/\/i0.wp.com\/aquienguanajuato.com\/wp-content\/uploads\/2025\/01\/pop_WhatsApp-Image-2025-01-10-at-13.04.09.jpeg?resize=800%2C534&#038;ssl=1\" alt=\"\" width=\"800\" height=\"534\" srcset=\"https:\/\/i0.wp.com\/aquienguanajuato.com\/wp-content\/uploads\/2025\/01\/pop_WhatsApp-Image-2025-01-10-at-13.04.09.jpeg?w=800&amp;ssl=1 800w, https:\/\/i0.wp.com\/aquienguanajuato.com\/wp-content\/uploads\/2025\/01\/pop_WhatsApp-Image-2025-01-10-at-13.04.09.jpeg?resize=768%2C513&amp;ssl=1 768w, https:\/\/i0.wp.com\/aquienguanajuato.com\/wp-content\/uploads\/2025\/01\/pop_WhatsApp-Image-2025-01-10-at-13.04.09.jpeg?resize=375%2C250&amp;ssl=1 375w\" sizes=\"(max-width: 800px) 100vw, 800px\" data-recalc-dims=\"1\" \/><\/span><\/p>\n<p><span data-contrast=\"auto\">As\u00ed, para obtener uno de los obsequios que el Poder Legislativo de Guanajuato tiene para los visitantes a su stand hay que acudir a la zona B1 en el pasillo principal del Poliforum; mismo que permanecer\u00e1 ah\u00ed hasta el pr\u00f3ximo 5 de febrero, justo cuando acabar\u00e1 la <em>#FEL25<\/em>.<\/span><\/p>\n<p><span data-contrast=\"auto\">A la inauguraci\u00f3n del stand acudi\u00f3 la presidenta del Congreso del Estado Mar\u00eda del Pilar G\u00f3mez Enr\u00edquez y la legisladora Karol Jared Gonz\u00e1lez M\u00e1rquez junto con los diputados Jorge Arturo Espadas Galv\u00e1n, Rolando Fortino Alcantar Rojas, Aldo Iv\u00e1n M\u00e1rquez Becerra, Jes\u00fas Hern\u00e1ndez Hern\u00e1ndez, David Mart\u00ednez Mendiz\u00e1bal, Ernesto Mill\u00e1n Soberanes y Antonio Chaurand Sorzano; quienes a su vez fueron acompa\u00f1ados por la gobernadora guanajuatense Libia Dennise Garc\u00eda Mu\u00f1oz Ledo, la alcaldesa de Le\u00f3n Alejandra Guti\u00e9rrez Campos; Manolo Jim\u00e9nez Salinas gobernador de Coahuila, Estado Invitado a la Feria en menci\u00f3n y David Novoa Toscano, presidente del Patronato de la FEL as\u00ed como tambi\u00e9n por diversos funcionarios p\u00fablicos tanto estatales como municipales;\u00a0<\/span><\/p>\n<p><img decoding=\"async\" class=\"alignnone size-full wp-image-3396\" src=\"https:\/\/i0.wp.com\/aquienguanajuato.com\/wp-content\/uploads\/2025\/01\/pop_WhatsApp-Image-2025-01-10-at-13.04.09-1.jpeg?resize=800%2C561&#038;ssl=1\" alt=\"\" width=\"800\" height=\"561\" srcset=\"https:\/\/i0.wp.com\/aquienguanajuato.com\/wp-content\/uploads\/2025\/01\/pop_WhatsApp-Image-2025-01-10-at-13.04.09-1.jpeg?w=800&amp;ssl=1 800w, https:\/\/i0.wp.com\/aquienguanajuato.com\/wp-content\/uploads\/2025\/01\/pop_WhatsApp-Image-2025-01-10-at-13.04.09-1.jpeg?resize=768%2C539&amp;ssl=1 768w, https:\/\/i0.wp.com\/aquienguanajuato.com\/wp-content\/uploads\/2025\/01\/pop_WhatsApp-Image-2025-01-10-at-13.04.09-1.jpeg?resize=357%2C250&amp;ssl=1 357w\" sizes=\"(max-width: 800px) 100vw, 800px\" data-recalc-dims=\"1\" \/><\/p>\n","protected":false},"excerpt":{"rendered":"<p> &hellip;<\/p>\n","protected":false},"author":7,"featured_media":3392,"comment_status":"open","ping_status":"open","sticky":false,"template":"","format":"standard","meta":{"_jetpack_memberships_contains_paid_content":false,"footnotes":""},"categories":[11],"tags":[],"class_list":["post-3391","post","type-post","status-publish","format-standard","has-post-thumbnail","hentry","category-eventos"],"jetpack_sharing_enabled":true,"jetpack_featured_media_url":"https:\/\/i0.wp.com\/aquienguanajuato.com\/wp-content\/uploads\/2025\/01\/pop_WhatsApp-Image-2025-01-10-at-13.06.26-3.jpeg?fit=800%2C565&ssl=1","jetpack-related-posts":[],"_links":{"self":[{"href":"https:\/\/aquienguanajuato.com\/index.php?rest_route=\/wp\/v2\/posts\/3391","targetHints":{"allow":["GET"]}}],"collection":[{"href":"https:\/\/aquienguanajuato.com\/index.php?rest_route=\/wp\/v2\/posts"}],"about":[{"href":"https:\/\/aquienguanajuato.com\/index.php?rest_route=\/wp\/v2\/types\/post"}],"author":[{"embeddable":true,"href":"https:\/\/aquienguanajuato.com\/index.php?rest_route=\/wp\/v2\/users\/7"}],"replies":[{"embeddable":true,"href":"https:\/\/aquienguanajuato.com\/index.php?rest_route=%2Fwp%2Fv2%2Fcomments&post=3391"}],"version-history":[{"count":1,"href":"https:\/\/aquienguanajuato.com\/index.php?rest_route=\/wp\/v2\/posts\/3391\/revisions"}],"predecessor-version":[{"id":3397,"href":"https:\/\/aquienguanajuato.com\/index.php?rest_route=\/wp\/v2\/posts\/3391\/revisions\/3397"}],"wp:featuredmedia":[{"embeddable":true,"href":"https:\/\/aquienguanajuato.com\/index.php?rest_route=\/wp\/v2\/media\/3392"}],"wp:attachment":[{"href":"https:\/\/aquienguanajuato.com\/index.php?rest_route=%2Fwp%2Fv2%2Fmedia&parent=3391"}],"wp:term":[{"taxonomy":"category","embeddable":true,"href":"https:\/\/aquienguanajuato.com\/index.php?rest_route=%2Fwp%2Fv2%2Fcategories&post=3391"},{"taxonomy":"post_tag","embeddable":true,"href":"https:\/\/aquienguanajuato.com\/index.php?rest_route=%2Fwp%2Fv2%2Ftags&post=3391"}],"curies":[{"name":"wp","href":"https:\/\/api.w.org\/{rel}","templated":true}]}}