{"id":3340,"date":"2025-01-06T12:28:10","date_gmt":"2025-01-06T18:28:10","guid":{"rendered":"https:\/\/aquienguanajuato.com\/?p=3340"},"modified":"2025-01-06T12:32:34","modified_gmt":"2025-01-06T18:32:34","slug":"definen-fechas-para-proceso-de-designacion-de-la-persona-titular-de-la-fiscalia-general-del-estado-de-guanajuato","status":"publish","type":"post","link":"https:\/\/aquienguanajuato.com\/?p=3340","title":{"rendered":"Definen fechas para proceso de designaci\u00f3n de la persona titular de la Fiscal\u00eda General del Estado de Guanajuato"},"content":{"rendered":"<p><img fetchpriority=\"high\" decoding=\"async\" class=\"alignnone size-medium wp-image-3342\" src=\"https:\/\/i0.wp.com\/aquienguanajuato.com\/wp-content\/uploads\/2025\/01\/logoLegislatura.png?resize=800%2C218&#038;ssl=1\" alt=\"\" width=\"800\" height=\"218\" srcset=\"https:\/\/i0.wp.com\/aquienguanajuato.com\/wp-content\/uploads\/2025\/01\/logoLegislatura.png?resize=800%2C218&amp;ssl=1 800w, https:\/\/i0.wp.com\/aquienguanajuato.com\/wp-content\/uploads\/2025\/01\/logoLegislatura.png?resize=1024%2C279&amp;ssl=1 1024w, https:\/\/i0.wp.com\/aquienguanajuato.com\/wp-content\/uploads\/2025\/01\/logoLegislatura.png?resize=768%2C210&amp;ssl=1 768w, https:\/\/i0.wp.com\/aquienguanajuato.com\/wp-content\/uploads\/2025\/01\/logoLegislatura.png?resize=507%2C138&amp;ssl=1 507w, https:\/\/i0.wp.com\/aquienguanajuato.com\/wp-content\/uploads\/2025\/01\/logoLegislatura.png?w=1103&amp;ssl=1 1103w\" sizes=\"(max-width: 800px) 100vw, 800px\" data-recalc-dims=\"1\" \/><\/p>\n<p><span data-contrast=\"auto\">Las diputadas y los diputados integrantes de la Junta de Gobierno y Coordinaci\u00f3n Pol\u00edtica de la LXVI Legislatura del Congreso local, dieron comienzo el pasado primero de enero de 2025 a la ruta de trabajo para el nombramiento de la nueva persona titular de la Fiscal\u00eda General del Estado de Guanajuato con la definici\u00f3n y anuncio de fechas importantes para el proceso de designaci\u00f3n.<\/span><\/p>\n<p><span data-contrast=\"auto\">El 8 de enero se volver\u00e1 a reunir dicha Junta para que cada representaci\u00f3n parlamentaria presente el o los perfiles que considere adecuados, para cubrir la titularidad de la Fiscal\u00eda estatal.<\/span><\/p>\n<p><span data-contrast=\"auto\">El d\u00eda 13 del mismo mes se llevar\u00eda a cabo una reuni\u00f3n para determinar el listado de las personas candidatas y posteriormente, el 14 de enero se contempla una sesi\u00f3n de la Diputaci\u00f3n Permanente para convocar a un periodo extraordinario con una sesi\u00f3n de Plano el 15 de enero; sesi\u00f3n en que se someter\u00e1 a votaci\u00f3n y aprobaci\u00f3n en su caso, la lista de por lo menos 5 personas candidatas que se enviar\u00e1 a la Gobernadora de nuestra Entidad Libia Dennise Garc\u00eda Mu\u00f1oz Ledo.<\/span><\/p>\n<p><span data-contrast=\"auto\">Del 16 al 25 de enero, la titular del Poder Ejecutivo elegir\u00e1 una terna de la lista que se le presente la cual deber\u00e1 enviar de nueva cuenta al Congreso del Estado de Guanajuato; en tanto que una vez recibida dicha terna, el Congreso contar\u00e1 con 10 d\u00edas para que la Diputaci\u00f3n Permanente la turne a la Comisi\u00f3n de Justicia y que \u00e9sta la radique a la vez que acuerde la metodolog\u00eda de competencias para\u00a0hacer su dictamen.<\/span><\/p>\n<p><span data-contrast=\"auto\">En ese mismo plazo la Diputaci\u00f3n Permanente convocar\u00e1 a otro periodo extraordinario de sesiones, para que a m\u00e1s tardar el 3 de febrero se cuente con la resoluci\u00f3n final sobre qui\u00e9n ser\u00e1 la persona titular de la Fiscal\u00eda General del Estado de Guanajuato.<\/span><\/p>\n<p><span data-contrast=\"auto\">Cabe destacar que todas las fechas mencionadas son con car\u00e1cter tentativo, por lo que podr\u00edan surgir modificaciones a raz\u00f3n de adecuaciones en dicho proceso.<\/span><\/p>\n<p><img decoding=\"async\" class=\"alignnone size-full wp-image-3343\" src=\"https:\/\/i0.wp.com\/aquienguanajuato.com\/wp-content\/uploads\/2025\/01\/pop_IMG_1869.jpg?resize=800%2C533&#038;ssl=1\" alt=\"\" width=\"800\" height=\"533\" srcset=\"https:\/\/i0.wp.com\/aquienguanajuato.com\/wp-content\/uploads\/2025\/01\/pop_IMG_1869.jpg?w=800&amp;ssl=1 800w, https:\/\/i0.wp.com\/aquienguanajuato.com\/wp-content\/uploads\/2025\/01\/pop_IMG_1869.jpg?resize=768%2C512&amp;ssl=1 768w, https:\/\/i0.wp.com\/aquienguanajuato.com\/wp-content\/uploads\/2025\/01\/pop_IMG_1869.jpg?resize=375%2C250&amp;ssl=1 375w\" sizes=\"(max-width: 800px) 100vw, 800px\" data-recalc-dims=\"1\" \/><\/p>\n<p><span data-contrast=\"auto\">En la sesi\u00f3n estuvieron presentes las legisladoras Mar\u00eda del Pilar G\u00f3mez Enr\u00edquez, Presidenta del Congreso local y Carolina Le\u00f3n Medina; as\u00ed como los diputados Jorge Arturo Espadas Galv\u00e1n, David Mart\u00ednez Mendiz\u00e1bal, Alejandro Arias \u00c1vila, Sergio Alejandro Contreras Guerrero y Rodrigo Gonz\u00e1lez Zaragoza.<\/span><\/p>\n","protected":false},"excerpt":{"rendered":"<p> &hellip;<\/p>\n","protected":false},"author":7,"featured_media":3341,"comment_status":"open","ping_status":"open","sticky":false,"template":"","format":"standard","meta":{"_jetpack_memberships_contains_paid_content":false,"footnotes":""},"categories":[179],"tags":[],"class_list":["post-3340","post","type-post","status-publish","format-standard","has-post-thumbnail","hentry","category-estado"],"jetpack_sharing_enabled":true,"jetpack_featured_media_url":"https:\/\/i0.wp.com\/aquienguanajuato.com\/wp-content\/uploads\/2025\/01\/pop_IMG_1851.jpg?fit=800%2C533&ssl=1","jetpack-related-posts":[],"_links":{"self":[{"href":"https:\/\/aquienguanajuato.com\/index.php?rest_route=\/wp\/v2\/posts\/3340","targetHints":{"allow":["GET"]}}],"collection":[{"href":"https:\/\/aquienguanajuato.com\/index.php?rest_route=\/wp\/v2\/posts"}],"about":[{"href":"https:\/\/aquienguanajuato.com\/index.php?rest_route=\/wp\/v2\/types\/post"}],"author":[{"embeddable":true,"href":"https:\/\/aquienguanajuato.com\/index.php?rest_route=\/wp\/v2\/users\/7"}],"replies":[{"embeddable":true,"href":"https:\/\/aquienguanajuato.com\/index.php?rest_route=%2Fwp%2Fv2%2Fcomments&post=3340"}],"version-history":[{"count":3,"href":"https:\/\/aquienguanajuato.com\/index.php?rest_route=\/wp\/v2\/posts\/3340\/revisions"}],"predecessor-version":[{"id":3346,"href":"https:\/\/aquienguanajuato.com\/index.php?rest_route=\/wp\/v2\/posts\/3340\/revisions\/3346"}],"wp:featuredmedia":[{"embeddable":true,"href":"https:\/\/aquienguanajuato.com\/index.php?rest_route=\/wp\/v2\/media\/3341"}],"wp:attachment":[{"href":"https:\/\/aquienguanajuato.com\/index.php?rest_route=%2Fwp%2Fv2%2Fmedia&parent=3340"}],"wp:term":[{"taxonomy":"category","embeddable":true,"href":"https:\/\/aquienguanajuato.com\/index.php?rest_route=%2Fwp%2Fv2%2Fcategories&post=3340"},{"taxonomy":"post_tag","embeddable":true,"href":"https:\/\/aquienguanajuato.com\/index.php?rest_route=%2Fwp%2Fv2%2Ftags&post=3340"}],"curies":[{"name":"wp","href":"https:\/\/api.w.org\/{rel}","templated":true}]}}