{"id":3314,"date":"2024-12-19T13:07:10","date_gmt":"2024-12-19T19:07:10","guid":{"rendered":"https:\/\/aquienguanajuato.com\/?p=3314"},"modified":"2024-12-19T13:13:49","modified_gmt":"2024-12-19T19:13:49","slug":"otorgan-reconocimiento-postumo-por-su-destacada-labor-al-periodista-tono-rocha","status":"publish","type":"post","link":"https:\/\/aquienguanajuato.com\/?p=3314","title":{"rendered":"Otorgan reconocimiento p\u00f3stumo por su destacada labor al\u00a0periodista To\u00f1o Rocha"},"content":{"rendered":"<p><img fetchpriority=\"high\" decoding=\"async\" class=\"alignnone size-full wp-image-3323\" src=\"https:\/\/i0.wp.com\/aquienguanajuato.com\/wp-content\/uploads\/2024\/12\/pop_IMG_0563.jpg?resize=800%2C533&#038;ssl=1\" alt=\"\" width=\"800\" height=\"533\" srcset=\"https:\/\/i0.wp.com\/aquienguanajuato.com\/wp-content\/uploads\/2024\/12\/pop_IMG_0563.jpg?w=800&amp;ssl=1 800w, https:\/\/i0.wp.com\/aquienguanajuato.com\/wp-content\/uploads\/2024\/12\/pop_IMG_0563.jpg?resize=768%2C512&amp;ssl=1 768w, https:\/\/i0.wp.com\/aquienguanajuato.com\/wp-content\/uploads\/2024\/12\/pop_IMG_0563.jpg?resize=375%2C250&amp;ssl=1 375w\" sizes=\"(max-width: 800px) 100vw, 800px\" data-recalc-dims=\"1\" \/><\/p>\n<p><span data-contrast=\"auto\">La ma\u00f1ana del pasado 17 de diciembre mediante\u00a0sesi\u00f3n solemne en la antigua sede del Poder Legislativo del Estado de Guanajuato ubicada en el centro hist\u00f3rico de la capital de la Entidad, el Pleno del Congreso local otorg\u00f3 un reconocimiento especial <\/span><i><span data-contrast=\"auto\">post mortem<\/span><\/i><span data-contrast=\"auto\"> al ciudadano Francisco Antonio Rocha Pedrajo; ello, por su destacada labor en el \u00e1mbito del periodismo guanajuatense.<img decoding=\"async\" class=\"alignnone size-full wp-image-3324\" src=\"https:\/\/i0.wp.com\/aquienguanajuato.com\/wp-content\/uploads\/2024\/12\/pop_IMG_0629.jpg?resize=800%2C533&#038;ssl=1\" alt=\"\" width=\"800\" height=\"533\" srcset=\"https:\/\/i0.wp.com\/aquienguanajuato.com\/wp-content\/uploads\/2024\/12\/pop_IMG_0629.jpg?w=800&amp;ssl=1 800w, https:\/\/i0.wp.com\/aquienguanajuato.com\/wp-content\/uploads\/2024\/12\/pop_IMG_0629.jpg?resize=768%2C512&amp;ssl=1 768w, https:\/\/i0.wp.com\/aquienguanajuato.com\/wp-content\/uploads\/2024\/12\/pop_IMG_0629.jpg?resize=375%2C250&amp;ssl=1 375w\" sizes=\"(max-width: 800px) 100vw, 800px\" data-recalc-dims=\"1\" \/><\/span><\/p>\n<p><span data-contrast=\"auto\"> Rosal\u00eda Pedraza Llamas quien fuese esposa del estimado periodista, recibi\u00f3 de manos del presidente del Congreso y de la gobernadora del Estado dicho\u00a0reconocimiento; enseguida emiti\u00f3 un emotivo mensaje sobre la vida y la trayectoria laboral de To\u00f1o Rocha, donde destac\u00f3 su gratitud por Guanajuato. Tierra que dijo, lo adopt\u00f3 y \u00e9l se dec\u00eda guanajuatense por elecci\u00f3n; as\u00ed como la valiosa oportunidad que tuvo de desempe\u00f1arse en lo que m\u00e1s le gustaba: la radio.<\/span><\/p>\n<p><img decoding=\"async\" class=\"alignnone size-full wp-image-3318\" src=\"https:\/\/i0.wp.com\/aquienguanajuato.com\/wp-content\/uploads\/2024\/12\/pop_6H9A2407.jpg?resize=800%2C534&#038;ssl=1\" alt=\"\" width=\"800\" height=\"534\" srcset=\"https:\/\/i0.wp.com\/aquienguanajuato.com\/wp-content\/uploads\/2024\/12\/pop_6H9A2407.jpg?w=800&amp;ssl=1 800w, https:\/\/i0.wp.com\/aquienguanajuato.com\/wp-content\/uploads\/2024\/12\/pop_6H9A2407.jpg?resize=768%2C513&amp;ssl=1 768w, https:\/\/i0.wp.com\/aquienguanajuato.com\/wp-content\/uploads\/2024\/12\/pop_6H9A2407.jpg?resize=375%2C250&amp;ssl=1 375w\" sizes=\"(max-width: 800px) 100vw, 800px\" data-recalc-dims=\"1\" \/><\/p>\n<p><span data-contrast=\"auto\">En su mensaje el consejero del Poder Judicial del Estado de Guanajuato Eduardo L\u00f3pez Mares quien acudi\u00f3 al acto en representaci\u00f3n del presidente del Supremo Tribunal de Justicia local H\u00e9ctor Tinajero Mu\u00f1oz, se\u00f1al\u00f3 que hoy se reconoc\u00eda a uno de los pioneros de la defensa del libre pensamiento; a una persona que luch\u00f3 por decir a su manera lo que pensaba y cre\u00eda; a un profesionista de la comunicaci\u00f3n que siempre estuvo actualizado en cada uno de los temas, sociales, pol\u00edticos y culturales.\u00a0<\/span><span data-contrast=\"auto\">Agreg\u00f3 que To\u00f1o Rocha destac\u00f3 por su cr\u00edtica en la pol\u00edtica, convirti\u00e9ndose en un referente para el periodismo radiof\u00f3nico en la Entidad; as\u00ed ,concluy\u00f3, que extra\u00f1ar\u00e1n su objetividad y echar\u00e1n de menos su gran sentido de responsabilidad y esp\u00edritu de servicio para la sociedad.<\/span><\/p>\n<p><img loading=\"lazy\" decoding=\"async\" class=\"alignnone size-full wp-image-3322\" src=\"https:\/\/i0.wp.com\/aquienguanajuato.com\/wp-content\/uploads\/2024\/12\/pop_6H9A2449.jpg?resize=800%2C534&#038;ssl=1\" alt=\"\" width=\"800\" height=\"534\" srcset=\"https:\/\/i0.wp.com\/aquienguanajuato.com\/wp-content\/uploads\/2024\/12\/pop_6H9A2449.jpg?w=800&amp;ssl=1 800w, https:\/\/i0.wp.com\/aquienguanajuato.com\/wp-content\/uploads\/2024\/12\/pop_6H9A2449.jpg?resize=768%2C513&amp;ssl=1 768w, https:\/\/i0.wp.com\/aquienguanajuato.com\/wp-content\/uploads\/2024\/12\/pop_6H9A2449.jpg?resize=375%2C250&amp;ssl=1 375w\" sizes=\"(max-width: 800px) 100vw, 800px\" data-recalc-dims=\"1\" \/><\/p>\n<p><span data-contrast=\"auto\">En su momento la gobernadora Libia Dennise Garc\u00eda Mu\u00f1oz Ledo, manifest\u00f3 que era un reconocimiento a su gran trayectoria profesional; pero tambi\u00e9n al legado que sembr\u00f3 entre todos, porque su trabajo fue una clara muestra de que cuando se ama lo que se hace se realiza con pasi\u00f3n y se logra ser referente. La mandataria, puntualiz\u00f3 que se desempe\u00f1\u00f3 durante m\u00e1s de 40 a\u00f1os en un ejercicio period\u00edstico que siempre fue profesional y \u00e9tico; nunca complaciente, siempre cuestionando; anteponiendo sus convicciones y su visi\u00f3n y eso, era lo que hac\u00eda grande la labor que \u00e9l desempe\u00f1aba.<\/span><\/p>\n<p><span data-contrast=\"auto\">Garc\u00eda Mu\u00f1oz Ledo remarc\u00f3 que To\u00f1o Rocha se gan\u00f3 su lugar a pulso, demostrando de lo que estaba hecho y que era un hombre siempre con una inteligencia y con una claridad que los hac\u00eda reflexionar sobre los temas de actualidad; subray\u00f3 que todos deb\u00edan tener la certeza de que fue una vida bien vivida, que deja huella y un legado indeleble en la sociedad guanajuatense; \u201cHombres como \u00e9l no se entierran, se siembran en nuestro suelo para que su legado florezca y permanezca por siempre con nosotros. <\/span>Con su partida el pasado 17 de noviembre del presente a\u00f1o, Guanajuato pierde una voz cr\u00edtica pero su influencia y legado seguir\u00e1n inspirando a futuras generaciones de comunicadores&#8221; concluy\u00f3 la titular del Poder Ejecutivo guanajuatense<span data-contrast=\"auto\">.<\/span><\/p>\n<p><img loading=\"lazy\" decoding=\"async\" class=\"alignnone size-full wp-image-3327\" src=\"https:\/\/i0.wp.com\/aquienguanajuato.com\/wp-content\/uploads\/2024\/12\/pop_IMG_0722.jpg?resize=800%2C533&#038;ssl=1\" alt=\"\" width=\"800\" height=\"533\" srcset=\"https:\/\/i0.wp.com\/aquienguanajuato.com\/wp-content\/uploads\/2024\/12\/pop_IMG_0722.jpg?w=800&amp;ssl=1 800w, https:\/\/i0.wp.com\/aquienguanajuato.com\/wp-content\/uploads\/2024\/12\/pop_IMG_0722.jpg?resize=768%2C512&amp;ssl=1 768w, https:\/\/i0.wp.com\/aquienguanajuato.com\/wp-content\/uploads\/2024\/12\/pop_IMG_0722.jpg?resize=375%2C250&amp;ssl=1 375w\" sizes=\"(max-width: 800px) 100vw, 800px\" data-recalc-dims=\"1\" \/><\/p>\n<p><span data-contrast=\"auto\">Por su parte, el presidente del Congreso del Estado Rolando Fortino Alc\u00e1ntar Rojas, habl\u00f3 sobre la trayectoria en el \u00e1mbito de la comunicaci\u00f3n de Antonio Rocha Pedrajo; entonces apunt\u00f3 que este reconocimiento que de forma consensada y de com\u00fan acuerdo los integrantes de la 66\u00aa Legislatura\u00a0local le otorgaban era por su destacada labor como periodista, profesi\u00f3n desde la cual contribuy\u00f3 a la sociedad y a la democracia de Guanajuato. Record\u00f3 que hace 12 a\u00f1os justo el 8 de agosto de 2012, la entonces LXVI Legislatura le otorg\u00f3 el Premio Estatal del Periodismo en la categor\u00eda de Trayectoria profesional: \u201cHoy a trav\u00e9s de este acto solemne ratificamos nuestro aprecio y admiraci\u00f3n a un periodista profesional, \u00e9tico y veraz\u201d enfatiz\u00f3.<\/span><\/p>\n<p><span data-contrast=\"auto\">El legislador\u00a0Alcantar Rojas mencion\u00f3 que valoraban esa responsabilidad social y de servicio a la comunidad desde el micr\u00f3fono, desde la c\u00e1mara, desde la pluma y la c\u00e1tedra; asimismo, agradeci\u00f3 su objetividad en la informaci\u00f3n de los hechos: \u201cTo\u00f1o Rocha, fuiste una persona que busc\u00f3 la verdad y se expres\u00f3 con objetividad de modo continuo y responsable; ofreciendo a la ciudadan\u00eda, informaci\u00f3n necesaria para que siempre estuviera bien informada. Sin duda alguna, disfrutaste de tu vocaci\u00f3n; contribuiste a la libertad de expresi\u00f3n abriendo canales de comunicaci\u00f3n a todos los actores de la vida social y aportaste tu granito de arena en la consolidaci\u00f3n de un Guanajuato donde todos tuvieran voz\u201d remarc\u00f3 el legislador.<\/span><\/p>\n<p><img loading=\"lazy\" decoding=\"async\" class=\"alignnone size-full wp-image-3319\" src=\"https:\/\/i0.wp.com\/aquienguanajuato.com\/wp-content\/uploads\/2024\/12\/pop_6H9A2190.jpg?resize=800%2C534&#038;ssl=1\" alt=\"\" width=\"800\" height=\"534\" srcset=\"https:\/\/i0.wp.com\/aquienguanajuato.com\/wp-content\/uploads\/2024\/12\/pop_6H9A2190.jpg?w=800&amp;ssl=1 800w, https:\/\/i0.wp.com\/aquienguanajuato.com\/wp-content\/uploads\/2024\/12\/pop_6H9A2190.jpg?resize=768%2C513&amp;ssl=1 768w, https:\/\/i0.wp.com\/aquienguanajuato.com\/wp-content\/uploads\/2024\/12\/pop_6H9A2190.jpg?resize=375%2C250&amp;ssl=1 375w\" sizes=\"(max-width: 800px) 100vw, 800px\" data-recalc-dims=\"1\" \/><\/p>\n<p>Originario de San Luis Potos\u00ed, Francisco Antonio Rocha Pedrajo conocido cari\u00f1osamente como To\u00f1o Rocha fue una de las voces m\u00e1s destacadas del periodismo en Guanajuato; quien<span data-contrast=\"auto\">\u00a0<\/span>egres\u00f3 de la Licenciatura en Periodismo y Ciencias de la Comunicaci\u00f3n Colectiva de la Universidad del Baj\u00edo, inici\u00f3 su trayectoria profesional en 1981 y dedic\u00f3 m\u00e1s de 40 a\u00f1os de su vida a informar de manera cr\u00edtica y honesta a la sociedad guanajuatense. Estuvo al frente de Antena Radio, Buenos D\u00edas Le\u00f3n y La Poderosa XRPL adem\u00e1s de que durante 10 a\u00f1os dirigi\u00f3 los espacios informativos de Noticieros en L\u00ednea; su \u00e9tica profesional y valent\u00eda para cuestionar el poder, lo convirtieron en una figura\u00a0 clave para la defensa de la libertad de expresi\u00f3n en el todo Guanajuato.<\/p>\n<p><img loading=\"lazy\" decoding=\"async\" class=\"alignnone size-full wp-image-3317\" src=\"https:\/\/i0.wp.com\/aquienguanajuato.com\/wp-content\/uploads\/2024\/12\/pop_IMG_0570.jpg?resize=800%2C533&#038;ssl=1\" alt=\"\" width=\"800\" height=\"533\" srcset=\"https:\/\/i0.wp.com\/aquienguanajuato.com\/wp-content\/uploads\/2024\/12\/pop_IMG_0570.jpg?w=800&amp;ssl=1 800w, https:\/\/i0.wp.com\/aquienguanajuato.com\/wp-content\/uploads\/2024\/12\/pop_IMG_0570.jpg?resize=768%2C512&amp;ssl=1 768w, https:\/\/i0.wp.com\/aquienguanajuato.com\/wp-content\/uploads\/2024\/12\/pop_IMG_0570.jpg?resize=375%2C250&amp;ssl=1 375w\" sizes=\"(max-width: 800px) 100vw, 800px\" data-recalc-dims=\"1\" \/><\/p>\n<p><span data-contrast=\"auto\">Finalmente, es de anotarse que en la sesi\u00f3n citada estuvieron presentes autoridades municipales y estatales; as\u00ed como familiares, amigos y colegas del reconocido Francisco Antonio Rocha Pedrajo.<\/span><\/p>\n","protected":false},"excerpt":{"rendered":"<p> &hellip;<\/p>\n","protected":false},"author":7,"featured_media":3325,"comment_status":"open","ping_status":"open","sticky":false,"template":"","format":"standard","meta":{"_jetpack_memberships_contains_paid_content":false,"footnotes":""},"categories":[179],"tags":[],"class_list":["post-3314","post","type-post","status-publish","format-standard","has-post-thumbnail","hentry","category-estado"],"jetpack_sharing_enabled":true,"jetpack_featured_media_url":"https:\/\/i0.wp.com\/aquienguanajuato.com\/wp-content\/uploads\/2024\/12\/pop_IMG_0599.jpg?fit=800%2C533&ssl=1","jetpack-related-posts":[],"_links":{"self":[{"href":"https:\/\/aquienguanajuato.com\/index.php?rest_route=\/wp\/v2\/posts\/3314","targetHints":{"allow":["GET"]}}],"collection":[{"href":"https:\/\/aquienguanajuato.com\/index.php?rest_route=\/wp\/v2\/posts"}],"about":[{"href":"https:\/\/aquienguanajuato.com\/index.php?rest_route=\/wp\/v2\/types\/post"}],"author":[{"embeddable":true,"href":"https:\/\/aquienguanajuato.com\/index.php?rest_route=\/wp\/v2\/users\/7"}],"replies":[{"embeddable":true,"href":"https:\/\/aquienguanajuato.com\/index.php?rest_route=%2Fwp%2Fv2%2Fcomments&post=3314"}],"version-history":[{"count":4,"href":"https:\/\/aquienguanajuato.com\/index.php?rest_route=\/wp\/v2\/posts\/3314\/revisions"}],"predecessor-version":[{"id":3331,"href":"https:\/\/aquienguanajuato.com\/index.php?rest_route=\/wp\/v2\/posts\/3314\/revisions\/3331"}],"wp:featuredmedia":[{"embeddable":true,"href":"https:\/\/aquienguanajuato.com\/index.php?rest_route=\/wp\/v2\/media\/3325"}],"wp:attachment":[{"href":"https:\/\/aquienguanajuato.com\/index.php?rest_route=%2Fwp%2Fv2%2Fmedia&parent=3314"}],"wp:term":[{"taxonomy":"category","embeddable":true,"href":"https:\/\/aquienguanajuato.com\/index.php?rest_route=%2Fwp%2Fv2%2Fcategories&post=3314"},{"taxonomy":"post_tag","embeddable":true,"href":"https:\/\/aquienguanajuato.com\/index.php?rest_route=%2Fwp%2Fv2%2Ftags&post=3314"}],"curies":[{"name":"wp","href":"https:\/\/api.w.org\/{rel}","templated":true}]}}