{"id":3280,"date":"2024-12-10T01:17:51","date_gmt":"2024-12-10T07:17:51","guid":{"rendered":"https:\/\/aquienguanajuato.com\/?p=3280"},"modified":"2024-12-10T12:01:59","modified_gmt":"2024-12-10T18:01:59","slug":"tendra-primeras-actuaciones-voces-infantiles-del-miq-el-14-y-15-de-diciembre","status":"publish","type":"post","link":"https:\/\/aquienguanajuato.com\/?p=3280","title":{"rendered":"Tendr\u00e1 primeras actuaciones Voces Infantiles del MIQ el 14 y 15 de diciembre"},"content":{"rendered":"<p><img fetchpriority=\"high\" decoding=\"async\" class=\"alignnone size-medium wp-image-3284\" src=\"https:\/\/i0.wp.com\/aquienguanajuato.com\/wp-content\/uploads\/2024\/12\/rueda-de-prensa-voces-infantiles-2.jpeg?resize=800%2C600&#038;ssl=1\" alt=\"\" width=\"800\" height=\"600\" srcset=\"https:\/\/i0.wp.com\/aquienguanajuato.com\/wp-content\/uploads\/2024\/12\/rueda-de-prensa-voces-infantiles-2.jpeg?resize=800%2C600&amp;ssl=1 800w, https:\/\/i0.wp.com\/aquienguanajuato.com\/wp-content\/uploads\/2024\/12\/rueda-de-prensa-voces-infantiles-2.jpeg?resize=1024%2C768&amp;ssl=1 1024w, https:\/\/i0.wp.com\/aquienguanajuato.com\/wp-content\/uploads\/2024\/12\/rueda-de-prensa-voces-infantiles-2.jpeg?resize=768%2C576&amp;ssl=1 768w, https:\/\/i0.wp.com\/aquienguanajuato.com\/wp-content\/uploads\/2024\/12\/rueda-de-prensa-voces-infantiles-2.jpeg?resize=1536%2C1152&amp;ssl=1 1536w, https:\/\/i0.wp.com\/aquienguanajuato.com\/wp-content\/uploads\/2024\/12\/rueda-de-prensa-voces-infantiles-2.jpeg?resize=333%2C250&amp;ssl=1 333w, https:\/\/i0.wp.com\/aquienguanajuato.com\/wp-content\/uploads\/2024\/12\/rueda-de-prensa-voces-infantiles-2.jpeg?w=1600&amp;ssl=1 1600w\" sizes=\"(max-width: 800px) 100vw, 800px\" data-recalc-dims=\"1\" \/><\/p>\n<p><span data-contrast=\"auto\">El nuevo proyecto musical del Museo Iconogr\u00e1fico del Quijote\u00a0que tiene por nombre Voces infantiles del MIQ, tendr\u00e1 sus primeras actuaciones el s\u00e1bado 14 y el domingo 15 de diciembre pr\u00f3ximos; coro conformado por 27 ni\u00f1as y ni\u00f1os de escuelas primarias p\u00fablicas del centro hist\u00f3rico de Guanajuato capital, el cual busca retomar la tradici\u00f3n de los coros infantes en M\u00e9xico y convertirse en una agrupaci\u00f3n emblem\u00e1tica de la ciudad.<\/span><\/p>\n<p><span data-contrast=\"auto\">De tal forma se brinda la oportunidad a las infancias guanajuate\u00f1as, de desarrollarse de manera art\u00edstica a trav\u00e9s del canto coral; esto en miras de convertirse en una agrupaci\u00f3n de prestigio y orgullo para\u00a0la ciudadan\u00eda local por el bienestar que propicia en las familias, el impulso de talentos y su calidad art\u00edstica.<\/span><\/p>\n<p><span data-contrast=\"auto\">Durante su presentaci\u00f3n en rueda de prensa, la coordinadora de proyectos culturales del MIQ Alejandra S\u00e1nchez explic\u00f3 el proceso para crear la agrupaci\u00f3n y la forma de trabajo que se viene realizando desde septiembre del presente a\u00f1o 2024 para celebrar sus conciertos debut los pr\u00f3ximos\u00a014 y 15 de diciembre a las 19:00 horas; ello con una programaci\u00f3n intitulada <\/span><i><span data-contrast=\"auto\">Nochebuena en la ca\u00f1ada<\/span><\/i><span data-contrast=\"auto\">, que se llevar\u00e1 a cabo en el <\/span><i><span data-contrast=\"auto\">Patio de las Esculturas <\/span><\/i><span data-contrast=\"auto\">del museo en menci\u00f3n.<\/span><\/p>\n<p><span data-contrast=\"auto\">De tal forma, coment\u00f3 que se visit\u00f3 a 800 infancias de entre 8 a 12 a\u00f1os en cuatro escuelas p\u00fablicas de la ciudad: Juan B. Diosdado, Benito Ju\u00e1rez, Mar\u00eda de Jes\u00fas L\u00f3pez y Aquiles Serd\u00e1n para escuchar sus voces. De entre ellos se invit\u00f3 a 200 ni\u00f1as y ni\u00f1os a una audici\u00f3n,\u00a0para finalmente seleccionar 27 infancias y entonces\u00a0conformar el coro; ni\u00f1os y ni\u00f1as que llevan 3 meses de preparaci\u00f3n con talleres de canto, a los que acuden de forma semanal.<\/span><\/p>\n<p><img decoding=\"async\" class=\"alignnone size-medium wp-image-3281\" src=\"https:\/\/i0.wp.com\/aquienguanajuato.com\/wp-content\/uploads\/2024\/12\/WhatsApp-Image-2024-12-03-at-16.59.24.jpeg?resize=600%2C800&#038;ssl=1\" alt=\"\" width=\"600\" height=\"800\" srcset=\"https:\/\/i0.wp.com\/aquienguanajuato.com\/wp-content\/uploads\/2024\/12\/WhatsApp-Image-2024-12-03-at-16.59.24.jpeg?resize=600%2C800&amp;ssl=1 600w, https:\/\/i0.wp.com\/aquienguanajuato.com\/wp-content\/uploads\/2024\/12\/WhatsApp-Image-2024-12-03-at-16.59.24.jpeg?resize=768%2C1024&amp;ssl=1 768w, https:\/\/i0.wp.com\/aquienguanajuato.com\/wp-content\/uploads\/2024\/12\/WhatsApp-Image-2024-12-03-at-16.59.24.jpeg?resize=1152%2C1536&amp;ssl=1 1152w, https:\/\/i0.wp.com\/aquienguanajuato.com\/wp-content\/uploads\/2024\/12\/WhatsApp-Image-2024-12-03-at-16.59.24.jpeg?resize=188%2C250&amp;ssl=1 188w, https:\/\/i0.wp.com\/aquienguanajuato.com\/wp-content\/uploads\/2024\/12\/WhatsApp-Image-2024-12-03-at-16.59.24.jpeg?w=1200&amp;ssl=1 1200w\" sizes=\"(max-width: 600px) 100vw, 600px\" data-recalc-dims=\"1\" \/><\/p>\n<p><span data-contrast=\"auto\">Por su parte Cristina Cendejas directora de Voces infantiles del MIQ, destac\u00f3 que el proceso selectivo del coro es permanente; esto ante el natural crecimiento de las infancias, sobre todo de los varones que experimentan cambio de voz. A\u00a0su vez se indic\u00f3 que continuar\u00e1n trabajando en conjunto como hasta ahora\u00a0con la Secretar\u00eda de Educaci\u00f3n estatal, para solicitar el ingreso a diferentes escuelas p\u00fablicas para realizar audiciones semestralmente.<\/span><\/p>\n<p><span data-contrast=\"auto\">Alejandra S\u00e1nchez mencion\u00f3 que se planea madurar el proyecto con giras, intercambios y colaboraciones con distintos m\u00fasicos y agrupaciones a nivel nacional; esto con orquestas, en el mismo museo y otros espacios: \u201cQueremos lograr que sea un proyecto emblem\u00e1tico del museo y de la ciudad\u201d, consider\u00f3.<\/span><\/p>\n<p><span data-contrast=\"auto\">Al hacer uso de la voz el compositor y coordinador de los proyectos musicales del MIQ Carlos Vidaurri, destac\u00f3 la tradici\u00f3n de los coros infantiles en nuestro Pa\u00eds y Latinoam\u00e9rica que lamentablemente en los a\u00f1os 60s del siglo pasado se perdi\u00f3 en M\u00e9xico: \u201cEl momento coral fue espectacular en los a\u00f1os 30s. Varios compositores mexicanos como Domingo Lovato, Guillermo Pinto Reyes, Felipe Ledezma, una lista grande de compositores escribieron para coros de ni\u00f1os y muchos de ellos fueron ni\u00f1os cantores\u201d; esto, en alusi\u00f3n a los afamados Ni\u00f1os Cantores de Morelia.<\/span><\/p>\n<p><span data-contrast=\"auto\">Puntualiz\u00f3 que uno de los objetivos del coro es retomar esa gran tradici\u00f3n: \u201cPorque aparte de acercar a las infancias al arte, es muy necesario contar con estas agrupaciones ya que muchas \u00f3peras requieren ni\u00f1os\u201d.<\/span><span data-ccp-props=\"{&quot;335551550&quot;:6,&quot;335551620&quot;:6,&quot;335559731&quot;:708}\">\u00a0<\/span><\/p>\n<p><span data-contrast=\"auto\">Al abundar acerca de los primeros conciertos de la agrupaci\u00f3n coral infantil del MIQ, dijo que contar\u00e1 con un repertorio de compositores mexicanos; tambi\u00e9n con el estreno de una obra por encargo titulada \u201cEn espera de Don Quijote\u201d,\u00a0escrita esta por Luc\u00eda Noriega con m\u00fasica compuesta por Carlos Vidaurri.<img decoding=\"async\" class=\"alignnone size-medium wp-image-3287\" src=\"https:\/\/i0.wp.com\/aquienguanajuato.com\/wp-content\/uploads\/2024\/12\/WhatsApp-Image-2024-12-10-at-09.51.44.jpeg?resize=800%2C532&#038;ssl=1\" alt=\"\" width=\"800\" height=\"532\" srcset=\"https:\/\/i0.wp.com\/aquienguanajuato.com\/wp-content\/uploads\/2024\/12\/WhatsApp-Image-2024-12-10-at-09.51.44.jpeg?resize=800%2C532&amp;ssl=1 800w, https:\/\/i0.wp.com\/aquienguanajuato.com\/wp-content\/uploads\/2024\/12\/WhatsApp-Image-2024-12-10-at-09.51.44.jpeg?resize=1024%2C681&amp;ssl=1 1024w, https:\/\/i0.wp.com\/aquienguanajuato.com\/wp-content\/uploads\/2024\/12\/WhatsApp-Image-2024-12-10-at-09.51.44.jpeg?resize=768%2C511&amp;ssl=1 768w, https:\/\/i0.wp.com\/aquienguanajuato.com\/wp-content\/uploads\/2024\/12\/WhatsApp-Image-2024-12-10-at-09.51.44.jpeg?resize=376%2C250&amp;ssl=1 376w, https:\/\/i0.wp.com\/aquienguanajuato.com\/wp-content\/uploads\/2024\/12\/WhatsApp-Image-2024-12-10-at-09.51.44.jpeg?w=1503&amp;ssl=1 1503w\" sizes=\"(max-width: 800px) 100vw, 800px\" data-recalc-dims=\"1\" \/><\/span><\/p>\n<p><span data-contrast=\"auto\">\u201cSe abordar\u00e1 un repertorio con \u00e9nfasis en compositores mexicanos, incluso se har\u00e1n encargos de composiciones espec\u00edficas para el coro de Voces Infantiles del MIQ y as\u00ed\u00a0crear un repertorio distintivo de esta agrupaci\u00f3n\u201d planteo el compositor; asimismo destac\u00f3 que dicha pieza se presentar\u00e1 como n\u00famero musical donde ser\u00e1 solista la mezzosoprano Amelia Sierra con Jacobo Cerda al piano y m\u00fasicos invitados, que a la vez tendr\u00e1 t\u00edteres\u00a0manipulados por <\/span><i><span data-contrast=\"auto\">Ludus Teatro<\/span><\/i> que codirige Katty Amador quien .tambi\u00e9n coordina el Centro Cultural y de Lectura Infantil del MIQ <em>La Manchita<\/em>.<\/p>\n<p><span data-contrast=\"auto\">Finalmente, es de anotarse que la entrada a ambos d\u00edas de las primeras presentaciones ser\u00e1 gratuitita; esto mediante boletos de cortes\u00eda que se podr\u00e1n adquirir a partir del 10 de diciembre en la taquilla del museo citado de martes a domingo de las 12:00 a las 19:00 horas en tanto que el s\u00e1bado de las 9:30 a las 19:00 horas siendo de hacer menci\u00f3n que el cupo es limitado, por lo cual se entregar\u00e1n dos cortes\u00edas por persona.<\/span><\/p>\n<p><img loading=\"lazy\" decoding=\"async\" class=\"alignnone size-full wp-image-3288\" src=\"https:\/\/i0.wp.com\/aquienguanajuato.com\/wp-content\/uploads\/2024\/12\/WhatsApp-Image-2024-12-10-at-11.06.04.jpeg?resize=320%2C240&#038;ssl=1\" alt=\"\" width=\"320\" height=\"240\" data-recalc-dims=\"1\" \/><\/p>\n","protected":false},"excerpt":{"rendered":"<p> &hellip;<\/p>\n","protected":false},"author":7,"featured_media":3283,"comment_status":"open","ping_status":"open","sticky":false,"template":"","format":"standard","meta":{"_jetpack_memberships_contains_paid_content":false,"footnotes":""},"categories":[26],"tags":[],"class_list":["post-3280","post","type-post","status-publish","format-standard","has-post-thumbnail","hentry","category-cultura"],"jetpack_sharing_enabled":true,"jetpack_featured_media_url":"https:\/\/i0.wp.com\/aquienguanajuato.com\/wp-content\/uploads\/2024\/12\/REDES-VOCES-INFANTILES_1080x1350-px-scaled.jpg?fit=2048%2C2560&ssl=1","jetpack-related-posts":[],"_links":{"self":[{"href":"https:\/\/aquienguanajuato.com\/index.php?rest_route=\/wp\/v2\/posts\/3280","targetHints":{"allow":["GET"]}}],"collection":[{"href":"https:\/\/aquienguanajuato.com\/index.php?rest_route=\/wp\/v2\/posts"}],"about":[{"href":"https:\/\/aquienguanajuato.com\/index.php?rest_route=\/wp\/v2\/types\/post"}],"author":[{"embeddable":true,"href":"https:\/\/aquienguanajuato.com\/index.php?rest_route=\/wp\/v2\/users\/7"}],"replies":[{"embeddable":true,"href":"https:\/\/aquienguanajuato.com\/index.php?rest_route=%2Fwp%2Fv2%2Fcomments&post=3280"}],"version-history":[{"count":3,"href":"https:\/\/aquienguanajuato.com\/index.php?rest_route=\/wp\/v2\/posts\/3280\/revisions"}],"predecessor-version":[{"id":3289,"href":"https:\/\/aquienguanajuato.com\/index.php?rest_route=\/wp\/v2\/posts\/3280\/revisions\/3289"}],"wp:featuredmedia":[{"embeddable":true,"href":"https:\/\/aquienguanajuato.com\/index.php?rest_route=\/wp\/v2\/media\/3283"}],"wp:attachment":[{"href":"https:\/\/aquienguanajuato.com\/index.php?rest_route=%2Fwp%2Fv2%2Fmedia&parent=3280"}],"wp:term":[{"taxonomy":"category","embeddable":true,"href":"https:\/\/aquienguanajuato.com\/index.php?rest_route=%2Fwp%2Fv2%2Fcategories&post=3280"},{"taxonomy":"post_tag","embeddable":true,"href":"https:\/\/aquienguanajuato.com\/index.php?rest_route=%2Fwp%2Fv2%2Ftags&post=3280"}],"curies":[{"name":"wp","href":"https:\/\/api.w.org\/{rel}","templated":true}]}}