{"id":3180,"date":"2024-11-05T13:08:35","date_gmt":"2024-11-05T19:08:35","guid":{"rendered":"https:\/\/aquienguanajuato.com\/?p=3180"},"modified":"2024-11-05T13:09:53","modified_gmt":"2024-11-05T19:09:53","slug":"cumple-miq-37-anos-bajo-el-lema-suena-como-el-quijote-vivelo-en-guanajuato","status":"publish","type":"post","link":"https:\/\/aquienguanajuato.com\/?p=3180","title":{"rendered":"Cumple MIQ 37 a\u00f1os bajo el lema \u201cSue\u00f1a como el Quijote, v\u00edvelo en Guanajuato\u201d"},"content":{"rendered":"<p>El Museo Iconogr\u00e1fico del Quijote (MIQ) cumple 37 a\u00f1os y bajo el lema \u201cSue\u00f1a como el Quijote, v\u00edvelo en Guanajuato\u201d el museo retoma la vida y obra de su fundador: Eulalio Ferrer a quien la literatura cambio su vida, dirigi\u00f3 sus sue\u00f1os y sin saberlo el rumbo de Guanajuato, para mostrar el poder de transformar vidas de la literatura y el arte.<\/p>\n<p><img fetchpriority=\"high\" decoding=\"async\" class=\"alignnone size-medium wp-image-3185\" src=\"https:\/\/i0.wp.com\/aquienguanajuato.com\/wp-content\/uploads\/2024\/11\/MIQ-37-anos-12.jpeg?resize=800%2C446&#038;ssl=1\" alt=\"\" width=\"800\" height=\"446\" srcset=\"https:\/\/i0.wp.com\/aquienguanajuato.com\/wp-content\/uploads\/2024\/11\/MIQ-37-anos-12.jpeg?resize=800%2C446&amp;ssl=1 800w, https:\/\/i0.wp.com\/aquienguanajuato.com\/wp-content\/uploads\/2024\/11\/MIQ-37-anos-12.jpeg?resize=1024%2C571&amp;ssl=1 1024w, https:\/\/i0.wp.com\/aquienguanajuato.com\/wp-content\/uploads\/2024\/11\/MIQ-37-anos-12.jpeg?resize=768%2C428&amp;ssl=1 768w, https:\/\/i0.wp.com\/aquienguanajuato.com\/wp-content\/uploads\/2024\/11\/MIQ-37-anos-12.jpeg?resize=1536%2C856&amp;ssl=1 1536w, https:\/\/i0.wp.com\/aquienguanajuato.com\/wp-content\/uploads\/2024\/11\/MIQ-37-anos-12.jpeg?resize=448%2C250&amp;ssl=1 448w, https:\/\/i0.wp.com\/aquienguanajuato.com\/wp-content\/uploads\/2024\/11\/MIQ-37-anos-12.jpeg?w=1600&amp;ssl=1 1600w\" sizes=\"(max-width: 800px) 100vw, 800px\" data-recalc-dims=\"1\" \/><\/p>\n<p>Durante su exilio en la Guerra Civil Espa\u00f1ola mientras estaba con su familia recluido en un campo de concentraci\u00f3n en Francia, don Eulalio intercambi\u00f3 con un soldado una cajetilla de cigarros por un libro en miniatura de la novela &#8220;El Ingenioso Hidalgo <em>Don Quijote de la Mancha<\/em>&#8221; del insigne lierato hispano Miguel de Cerevantes Saavedra.<\/p>\n<p>A\u00f1os despu\u00e9s lleg\u00f3 a M\u00e9xico en un barco de migrantes espa\u00f1oles refugiados donde guiado por los ideales y valores de &#8220;El Quijote&#8221; y &#8220;Sancho Panza&#8221; trabaj\u00f3 como periodista, logr\u00f3 ser empresario, publicista y gran mecenas que incentiv\u00f3 el arte y la cultura de M\u00e9xico.<\/p>\n<p><img decoding=\"async\" class=\"alignnone size-medium wp-image-3183\" src=\"https:\/\/i0.wp.com\/aquienguanajuato.com\/wp-content\/uploads\/2024\/11\/MIQ-37-anos-8.jpeg?resize=800%2C564&#038;ssl=1\" alt=\"\" width=\"800\" height=\"564\" srcset=\"https:\/\/i0.wp.com\/aquienguanajuato.com\/wp-content\/uploads\/2024\/11\/MIQ-37-anos-8.jpeg?resize=800%2C564&amp;ssl=1 800w, https:\/\/i0.wp.com\/aquienguanajuato.com\/wp-content\/uploads\/2024\/11\/MIQ-37-anos-8.jpeg?resize=1024%2C721&amp;ssl=1 1024w, https:\/\/i0.wp.com\/aquienguanajuato.com\/wp-content\/uploads\/2024\/11\/MIQ-37-anos-8.jpeg?resize=768%2C541&amp;ssl=1 768w, https:\/\/i0.wp.com\/aquienguanajuato.com\/wp-content\/uploads\/2024\/11\/MIQ-37-anos-8.jpeg?resize=1536%2C1082&amp;ssl=1 1536w, https:\/\/i0.wp.com\/aquienguanajuato.com\/wp-content\/uploads\/2024\/11\/MIQ-37-anos-8.jpeg?resize=355%2C250&amp;ssl=1 355w, https:\/\/i0.wp.com\/aquienguanajuato.com\/wp-content\/uploads\/2024\/11\/MIQ-37-anos-8.jpeg?w=1600&amp;ssl=1 1600w\" sizes=\"(max-width: 800px) 100vw, 800px\" data-recalc-dims=\"1\" \/><\/p>\n<p>Colabor\u00f3 con personajes como Cantinflas, Jos\u00e9 Alfredo Jim\u00e9nez, Lola Beltr\u00e1n, Agust\u00edn Lara; escritores y pintores como Octavio Paz, Carlos Fuentes, Jos\u00e9 Ch\u00e1vez Morado, Olga Costa, Gabriel Flores, Ra\u00fal Anguiano, Pedro Coronel -entre muchos otros- influyendo en la cultura e identidad mexicana de la segunda mitad del siglo XX.<\/p>\n<p>Su trabajo como comunicador logr\u00f3 tal impacto que obtuvo grandes condecoraciones como la Gran Cruz de la Orden al M\u00e9rito Civil y Gran Cruz de la Orden de Isabel la Cat\u00f3lica; la Medalla de Plata de Santander y la Medalla de Oro de la ciudad de Alcal\u00e1 de Henares; asimismo, el doctorado honoris causa por la Universidad Complutense de Madrid y la Universidad de Cantabria.<\/p>\n<p><img decoding=\"async\" class=\"alignnone size-medium wp-image-3187\" src=\"https:\/\/i0.wp.com\/aquienguanajuato.com\/wp-content\/uploads\/2024\/11\/MIQ-37-anos-11.jpeg?resize=616%2C800&#038;ssl=1\" alt=\"\" width=\"616\" height=\"800\" srcset=\"https:\/\/i0.wp.com\/aquienguanajuato.com\/wp-content\/uploads\/2024\/11\/MIQ-37-anos-11.jpeg?resize=616%2C800&amp;ssl=1 616w, https:\/\/i0.wp.com\/aquienguanajuato.com\/wp-content\/uploads\/2024\/11\/MIQ-37-anos-11.jpeg?resize=788%2C1024&amp;ssl=1 788w, https:\/\/i0.wp.com\/aquienguanajuato.com\/wp-content\/uploads\/2024\/11\/MIQ-37-anos-11.jpeg?resize=768%2C997&amp;ssl=1 768w, https:\/\/i0.wp.com\/aquienguanajuato.com\/wp-content\/uploads\/2024\/11\/MIQ-37-anos-11.jpeg?resize=1183%2C1536&amp;ssl=1 1183w, https:\/\/i0.wp.com\/aquienguanajuato.com\/wp-content\/uploads\/2024\/11\/MIQ-37-anos-11.jpeg?resize=193%2C250&amp;ssl=1 193w, https:\/\/i0.wp.com\/aquienguanajuato.com\/wp-content\/uploads\/2024\/11\/MIQ-37-anos-11.jpeg?w=1232&amp;ssl=1 1232w\" sizes=\"(max-width: 616px) 100vw, 616px\" data-recalc-dims=\"1\" \/><\/p>\n<p>Presidi\u00f3 la Red Cervantina Mundial y fue miembro de la Real Academia Espa\u00f1ola (RAE), la Academia Mexicana de la Lengua (AML) y de la Academia Norteamericana de la Lengua Espa\u00f1ola. Su enfoque en &#8216;Dotar de mexicanidad a la publicidad&#8217; logr\u00f3 que la RAE, reconociera el verbo \u2018cantinflear\u2019 como: \u201c<em>Hablar o actuar de forma disparatada e incongruente y sin decir nada con sustancia\u201d.<\/em><\/p>\n<p>Presidi\u00f3 y fue mecenas del Premio Men\u00e9ndez Pelayo, que ser\u00eda renombrado en su honor como Premio Internacional Eulalio Ferrer; dedicado \u00e9ste a destacar la labor literaria o cient\u00edfica, de las personalidades cuya obra tenga una repercusi\u00f3n y dimensi\u00f3n human\u00edstica. Tambi\u00e9n se hizo acreedor al Premio internacional de Relaciones Humanas de Francia.<\/p>\n<p><img loading=\"lazy\" decoding=\"async\" class=\"alignnone size-medium wp-image-3188\" src=\"https:\/\/i0.wp.com\/aquienguanajuato.com\/wp-content\/uploads\/2024\/11\/MIQ-37-anos-3.jpeg?resize=800%2C534&#038;ssl=1\" alt=\"\" width=\"800\" height=\"534\" srcset=\"https:\/\/i0.wp.com\/aquienguanajuato.com\/wp-content\/uploads\/2024\/11\/MIQ-37-anos-3.jpeg?resize=800%2C534&amp;ssl=1 800w, https:\/\/i0.wp.com\/aquienguanajuato.com\/wp-content\/uploads\/2024\/11\/MIQ-37-anos-3.jpeg?resize=1024%2C684&amp;ssl=1 1024w, https:\/\/i0.wp.com\/aquienguanajuato.com\/wp-content\/uploads\/2024\/11\/MIQ-37-anos-3.jpeg?resize=768%2C513&amp;ssl=1 768w, https:\/\/i0.wp.com\/aquienguanajuato.com\/wp-content\/uploads\/2024\/11\/MIQ-37-anos-3.jpeg?resize=1536%2C1025&amp;ssl=1 1536w, https:\/\/i0.wp.com\/aquienguanajuato.com\/wp-content\/uploads\/2024\/11\/MIQ-37-anos-3.jpeg?resize=375%2C250&amp;ssl=1 375w, https:\/\/i0.wp.com\/aquienguanajuato.com\/wp-content\/uploads\/2024\/11\/MIQ-37-anos-3.jpeg?w=1600&amp;ssl=1 1600w\" sizes=\"(max-width: 800px) 100vw, 800px\" data-recalc-dims=\"1\" \/><\/p>\n<p>Gracias a su pasi\u00f3n por <em>El Quijote<\/em> y la cercan\u00eda con el grupo de intelectuales, pol\u00edticos y artistas de la \u00e9poca le permiti\u00f3 crear una colecci\u00f3n de arte de m\u00e1s de 900 piezas;hoy, la m\u00e1s grande e impresionante inspirada en los personajes cervantinos.<\/p>\n<p>En agradecimiento a M\u00e9xico, decidi\u00f3 donarla a Guanajuato para crear el Museo Iconogr\u00e1fico del Quijote; ciudad que a trav\u00e9s de Enrique Ruelas, el Teatro Universitario de la Universidad de Guanajuato y el Festival Internacional Cervantino ten\u00edan las condiciones necesarias para crear este museo que en la actualidad es emblema de la Ciudad Capital Cervantina de Am\u00e9rica.<\/p>\n<p><img loading=\"lazy\" decoding=\"async\" class=\"alignnone size-medium wp-image-3186\" src=\"https:\/\/i0.wp.com\/aquienguanajuato.com\/wp-content\/uploads\/2024\/11\/MIQ-37-anos-6.jpeg?resize=800%2C532&#038;ssl=1\" alt=\"\" width=\"800\" height=\"532\" srcset=\"https:\/\/i0.wp.com\/aquienguanajuato.com\/wp-content\/uploads\/2024\/11\/MIQ-37-anos-6.jpeg?resize=800%2C532&amp;ssl=1 800w, https:\/\/i0.wp.com\/aquienguanajuato.com\/wp-content\/uploads\/2024\/11\/MIQ-37-anos-6.jpeg?resize=1024%2C681&amp;ssl=1 1024w, https:\/\/i0.wp.com\/aquienguanajuato.com\/wp-content\/uploads\/2024\/11\/MIQ-37-anos-6.jpeg?resize=768%2C511&amp;ssl=1 768w, https:\/\/i0.wp.com\/aquienguanajuato.com\/wp-content\/uploads\/2024\/11\/MIQ-37-anos-6.jpeg?resize=1536%2C1021&amp;ssl=1 1536w, https:\/\/i0.wp.com\/aquienguanajuato.com\/wp-content\/uploads\/2024\/11\/MIQ-37-anos-6.jpeg?resize=376%2C250&amp;ssl=1 376w, https:\/\/i0.wp.com\/aquienguanajuato.com\/wp-content\/uploads\/2024\/11\/MIQ-37-anos-6.jpeg?w=1600&amp;ssl=1 1600w\" sizes=\"(max-width: 800px) 100vw, 800px\" data-recalc-dims=\"1\" \/><\/p>\n<p>Fue as\u00ed como el 6 de noviembre del 1987 Eulalio Ferrer junto con el presidente de Espa\u00f1a, Felipe Gonz\u00e1lez y el presidente de M\u00e9xico, Miguel de la Madrid inauguraron el Museo Iconogr\u00e1fico del Quijote.<\/p>\n<p>Hoy a 37 a\u00f1os de su apertura ofrece una vasta cartelera de artes visuales, conciertos de m\u00fasica de c\u00e1mara y su propia agrupaci\u00f3n <em>Sinfonietta MIQ<\/em>; ciclos de cine, producciones editoriales y cuenta con el centro cultural infantil <em>La Manchita<\/em> y la Biblioteca Cervantina Eulalio Ferrer con m\u00e1s de 2 mil vol\u00famenes de ediciones antiguas y curiosas.<\/p>\n<p><img loading=\"lazy\" decoding=\"async\" class=\"alignnone size-medium wp-image-3181\" src=\"https:\/\/i0.wp.com\/aquienguanajuato.com\/wp-content\/uploads\/2024\/11\/MIQ-37-anos-10.jpeg?resize=800%2C534&#038;ssl=1\" alt=\"\" width=\"800\" height=\"534\" srcset=\"https:\/\/i0.wp.com\/aquienguanajuato.com\/wp-content\/uploads\/2024\/11\/MIQ-37-anos-10.jpeg?resize=800%2C534&amp;ssl=1 800w, https:\/\/i0.wp.com\/aquienguanajuato.com\/wp-content\/uploads\/2024\/11\/MIQ-37-anos-10.jpeg?resize=1024%2C684&amp;ssl=1 1024w, https:\/\/i0.wp.com\/aquienguanajuato.com\/wp-content\/uploads\/2024\/11\/MIQ-37-anos-10.jpeg?resize=768%2C513&amp;ssl=1 768w, https:\/\/i0.wp.com\/aquienguanajuato.com\/wp-content\/uploads\/2024\/11\/MIQ-37-anos-10.jpeg?resize=1536%2C1025&amp;ssl=1 1536w, https:\/\/i0.wp.com\/aquienguanajuato.com\/wp-content\/uploads\/2024\/11\/MIQ-37-anos-10.jpeg?resize=375%2C250&amp;ssl=1 375w, https:\/\/i0.wp.com\/aquienguanajuato.com\/wp-content\/uploads\/2024\/11\/MIQ-37-anos-10.jpeg?w=1600&amp;ssl=1 1600w\" sizes=\"(max-width: 800px) 100vw, 800px\" data-recalc-dims=\"1\" \/><\/p>\n<p>Pensar que un libro en miniatura cambiar\u00eda la historia de Guanajuato e incluso de M\u00e9xico parece algo propio de la imaginaci\u00f3n y no de la realidad, don Eulalio Ferrer guiado por los valores e ideales de Don Quijote logr\u00f3 concretar sue\u00f1os que para muchos parec\u00edan imposibles; incluso quiz\u00e1s para \u00e9l, estando encerrado en un campo de concentraci\u00f3n y despu\u00e9s de haber perdido todas sus pertenencias. Sin embargo, m\u00e1s de tres d\u00e9cadas despu\u00e9s el Museo Iconogr\u00e1fico del Quijote sigue emocionando, conmoviendo e inspirando a m\u00e1s de 30 mil personas de todo el mundo que cada a\u00f1o se benefician de sus actividades culturales.<\/p>\n<p>\u201cSo\u00f1ar como el Quijote\u201d ser\u00eda vivir como Miguel de Cervantes dijo: <em>\u201cLocura es olvidar los sue\u00f1os o puede ser demasiada cordura; pero la peor locura es ver la vida tal como es y no como deber\u00eda ser\u201d.<\/em><\/p>\n<p><img loading=\"lazy\" decoding=\"async\" class=\"alignnone size-medium wp-image-3184\" src=\"https:\/\/i0.wp.com\/aquienguanajuato.com\/wp-content\/uploads\/2024\/11\/MIQ-37-anos-7.jpeg?resize=800%2C533&#038;ssl=1\" alt=\"\" width=\"800\" height=\"533\" srcset=\"https:\/\/i0.wp.com\/aquienguanajuato.com\/wp-content\/uploads\/2024\/11\/MIQ-37-anos-7.jpeg?resize=800%2C533&amp;ssl=1 800w, https:\/\/i0.wp.com\/aquienguanajuato.com\/wp-content\/uploads\/2024\/11\/MIQ-37-anos-7.jpeg?resize=1024%2C682&amp;ssl=1 1024w, https:\/\/i0.wp.com\/aquienguanajuato.com\/wp-content\/uploads\/2024\/11\/MIQ-37-anos-7.jpeg?resize=768%2C512&amp;ssl=1 768w, https:\/\/i0.wp.com\/aquienguanajuato.com\/wp-content\/uploads\/2024\/11\/MIQ-37-anos-7.jpeg?resize=1536%2C1023&amp;ssl=1 1536w, https:\/\/i0.wp.com\/aquienguanajuato.com\/wp-content\/uploads\/2024\/11\/MIQ-37-anos-7.jpeg?resize=375%2C250&amp;ssl=1 375w, https:\/\/i0.wp.com\/aquienguanajuato.com\/wp-content\/uploads\/2024\/11\/MIQ-37-anos-7.jpeg?w=1600&amp;ssl=1 1600w\" sizes=\"(max-width: 800px) 100vw, 800px\" data-recalc-dims=\"1\" \/><\/p>\n<p>Finalmente se invita a conocer m\u00e1s sobre Eulalio Ferrer y el MIQ en el documental del \u201cMuseo Iconogr\u00e1fico del Quijote\u201d disponible en el canal de YouTube:\u00a0<a href=\"https:\/\/www.youtube.com\/watch?v=t9XMMFGwm7U&amp;t=786s\">https:\/\/www.youtube.com\/watch?v=t9XMMFGwm7U&amp;t=786s<\/a><\/p>\n","protected":false},"excerpt":{"rendered":"<p> &hellip;<\/p>\n","protected":false},"author":7,"featured_media":3182,"comment_status":"open","ping_status":"open","sticky":false,"template":"","format":"standard","meta":{"_jetpack_memberships_contains_paid_content":false,"footnotes":""},"categories":[26],"tags":[],"class_list":["post-3180","post","type-post","status-publish","format-standard","has-post-thumbnail","hentry","category-cultura"],"jetpack_sharing_enabled":true,"jetpack_featured_media_url":"https:\/\/i0.wp.com\/aquienguanajuato.com\/wp-content\/uploads\/2024\/11\/MIQ-37-anos-1.jpeg?fit=1024%2C684&ssl=1","jetpack-related-posts":[],"_links":{"self":[{"href":"https:\/\/aquienguanajuato.com\/index.php?rest_route=\/wp\/v2\/posts\/3180","targetHints":{"allow":["GET"]}}],"collection":[{"href":"https:\/\/aquienguanajuato.com\/index.php?rest_route=\/wp\/v2\/posts"}],"about":[{"href":"https:\/\/aquienguanajuato.com\/index.php?rest_route=\/wp\/v2\/types\/post"}],"author":[{"embeddable":true,"href":"https:\/\/aquienguanajuato.com\/index.php?rest_route=\/wp\/v2\/users\/7"}],"replies":[{"embeddable":true,"href":"https:\/\/aquienguanajuato.com\/index.php?rest_route=%2Fwp%2Fv2%2Fcomments&post=3180"}],"version-history":[{"count":1,"href":"https:\/\/aquienguanajuato.com\/index.php?rest_route=\/wp\/v2\/posts\/3180\/revisions"}],"predecessor-version":[{"id":3189,"href":"https:\/\/aquienguanajuato.com\/index.php?rest_route=\/wp\/v2\/posts\/3180\/revisions\/3189"}],"wp:featuredmedia":[{"embeddable":true,"href":"https:\/\/aquienguanajuato.com\/index.php?rest_route=\/wp\/v2\/media\/3182"}],"wp:attachment":[{"href":"https:\/\/aquienguanajuato.com\/index.php?rest_route=%2Fwp%2Fv2%2Fmedia&parent=3180"}],"wp:term":[{"taxonomy":"category","embeddable":true,"href":"https:\/\/aquienguanajuato.com\/index.php?rest_route=%2Fwp%2Fv2%2Fcategories&post=3180"},{"taxonomy":"post_tag","embeddable":true,"href":"https:\/\/aquienguanajuato.com\/index.php?rest_route=%2Fwp%2Fv2%2Ftags&post=3180"}],"curies":[{"name":"wp","href":"https:\/\/api.w.org\/{rel}","templated":true}]}}