{"id":3176,"date":"2024-11-02T13:33:14","date_gmt":"2024-11-02T19:33:14","guid":{"rendered":"https:\/\/aquienguanajuato.com\/?p=3176"},"modified":"2024-11-02T13:33:14","modified_gmt":"2024-11-02T19:33:14","slug":"presenta-compania-el-bailar-del-mio-cid-nxuni-en-el-teatro-juarez","status":"publish","type":"post","link":"https:\/\/aquienguanajuato.com\/?p=3176","title":{"rendered":"Presenta Compa\u00f1\u00eda El Bailar del Mio CID \u201cNxun\u00ed\u201d en el Teatro Ju\u00e1rez\u00a0"},"content":{"rendered":"<p><img fetchpriority=\"high\" decoding=\"async\" class=\"alignnone size-medium wp-image-3177\" src=\"https:\/\/i0.wp.com\/aquienguanajuato.com\/wp-content\/uploads\/2024\/11\/Nxuni-220228_BC58873.jpeg?resize=800%2C533&#038;ssl=1\" alt=\"\" width=\"800\" height=\"533\" srcset=\"https:\/\/i0.wp.com\/aquienguanajuato.com\/wp-content\/uploads\/2024\/11\/Nxuni-220228_BC58873.jpeg?resize=800%2C533&amp;ssl=1 800w, https:\/\/i0.wp.com\/aquienguanajuato.com\/wp-content\/uploads\/2024\/11\/Nxuni-220228_BC58873.jpeg?resize=768%2C512&amp;ssl=1 768w, https:\/\/i0.wp.com\/aquienguanajuato.com\/wp-content\/uploads\/2024\/11\/Nxuni-220228_BC58873.jpeg?resize=375%2C250&amp;ssl=1 375w, https:\/\/i0.wp.com\/aquienguanajuato.com\/wp-content\/uploads\/2024\/11\/Nxuni-220228_BC58873.jpeg?w=950&amp;ssl=1 950w\" sizes=\"(max-width: 800px) 100vw, 800px\" data-recalc-dims=\"1\" \/><\/p>\n<p><span data-contrast=\"auto\">Reuniendo diversas expresiones art\u00edsticas como circo, danza, teatro y m\u00fasica regional la Compa\u00f1\u00eda El Bailar del Mio Cid presenta\u00a0el 2 de noviembre \u201cNxun\u00ed\u201d;\u00a0mon\u00f3logo narrado por <\/span><i><span data-contrast=\"auto\">Tino<\/span><\/i><span data-contrast=\"auto\">, un joven arriero vestido de charro catr\u00edn que, en su necesidad de dar una mejor calidad de vida a su familia sale de su pueblo para encontrar mejores oportunidades de sustento.<\/span><span data-ccp-props=\"{&quot;134233117&quot;:false,&quot;134233118&quot;:false,&quot;201341983&quot;:0,&quot;335551550&quot;:6,&quot;335551620&quot;:6,&quot;335559738&quot;:0,&quot;335559739&quot;:160,&quot;335559740&quot;:257}\">\u00a0<\/span><\/p>\n<p><span data-contrast=\"auto\">La obra a presentarse \u00e9ste s\u00e1bado en punto de las 7;00 pm en el Teatro Ju\u00e1rez,<\/span><span data-contrast=\"auto\"> conjunta 20 actores y actrices en el escenario; obra de la cual, su director <\/span><span data-contrast=\"auto\">Mario Montesinos ha comentado:<\/span><\/p>\n<p><span data-contrast=\"auto\">\u201c<\/span><span data-contrast=\"auto\">Hace 7 a\u00f1os que lo hemos presentado con m\u00fasica y teatro fuera del Pa\u00eds, por fortuna en algunos festivales hemos tenido esa oportunidad pero tambi\u00e9n pensamos siempre al momento de empezar a escribir que debemos de tener como una identidad cultural que nos identifique como mexicanos y como guanajuatenses; por eso que el desarrollo de esta obra hemos de hacerlo as\u00ed que es lo que nos podr\u00eda identificar como mexicanos: obviamente el D\u00eda de muertos y utilizar este tipo de tem\u00e1ticas y obviamente nos hemos venido encontrando con una serie de imprevistos que ya ten\u00edamos contemplado\u201d.<\/span><\/p>\n<p><span data-contrast=\"auto\">Es de anotarse que la mayor\u00eda de los artistas que participan en <\/span><span data-contrast=\"none\">\u201cNxun\u00ed\u201d<\/span><span data-contrast=\"auto\">\u00a0son del Estado de Guanajuato de municipios como Celaya,\u00a0Le\u00f3n, Salamanca y Guanajuato capital; m\u00e1s algunos han emigrado de nuestra Entidad empero todos son mexicanos que vienen de Canc\u00fan, Morelia y Ciudad de M\u00e9xico.<\/span><\/p>\n<p><span data-contrast=\"auto\">Finalmente\u00a0destaca que El bailar del Mio Cid\u00a0que es un proyecto dirigido por Mario Montesinos,\u00a0surgi\u00f3 en marzo de 2011; ello con el objetivo de desarrollar, producir y promover expresiones art\u00edsticas que combinen las expresiones con la identidad cultural de nuestra regi\u00f3n. En tanto el grupo cuenta con presentaciones en Europa, Estados Unidos de \u00a0Am\u00e9rica y Am\u00e9rica Latina.<\/span><\/p>\n","protected":false},"excerpt":{"rendered":"<p> &hellip;<\/p>\n","protected":false},"author":7,"featured_media":3178,"comment_status":"open","ping_status":"open","sticky":false,"template":"","format":"standard","meta":{"_jetpack_memberships_contains_paid_content":false,"footnotes":""},"categories":[26],"tags":[],"class_list":["post-3176","post","type-post","status-publish","format-standard","has-post-thumbnail","hentry","category-cultura"],"jetpack_sharing_enabled":true,"jetpack_featured_media_url":"https:\/\/i0.wp.com\/aquienguanajuato.com\/wp-content\/uploads\/2024\/11\/Nxuni-220228_BC58394.jpeg?fit=948%2C633&ssl=1","jetpack-related-posts":[],"_links":{"self":[{"href":"https:\/\/aquienguanajuato.com\/index.php?rest_route=\/wp\/v2\/posts\/3176","targetHints":{"allow":["GET"]}}],"collection":[{"href":"https:\/\/aquienguanajuato.com\/index.php?rest_route=\/wp\/v2\/posts"}],"about":[{"href":"https:\/\/aquienguanajuato.com\/index.php?rest_route=\/wp\/v2\/types\/post"}],"author":[{"embeddable":true,"href":"https:\/\/aquienguanajuato.com\/index.php?rest_route=\/wp\/v2\/users\/7"}],"replies":[{"embeddable":true,"href":"https:\/\/aquienguanajuato.com\/index.php?rest_route=%2Fwp%2Fv2%2Fcomments&post=3176"}],"version-history":[{"count":1,"href":"https:\/\/aquienguanajuato.com\/index.php?rest_route=\/wp\/v2\/posts\/3176\/revisions"}],"predecessor-version":[{"id":3179,"href":"https:\/\/aquienguanajuato.com\/index.php?rest_route=\/wp\/v2\/posts\/3176\/revisions\/3179"}],"wp:featuredmedia":[{"embeddable":true,"href":"https:\/\/aquienguanajuato.com\/index.php?rest_route=\/wp\/v2\/media\/3178"}],"wp:attachment":[{"href":"https:\/\/aquienguanajuato.com\/index.php?rest_route=%2Fwp%2Fv2%2Fmedia&parent=3176"}],"wp:term":[{"taxonomy":"category","embeddable":true,"href":"https:\/\/aquienguanajuato.com\/index.php?rest_route=%2Fwp%2Fv2%2Fcategories&post=3176"},{"taxonomy":"post_tag","embeddable":true,"href":"https:\/\/aquienguanajuato.com\/index.php?rest_route=%2Fwp%2Fv2%2Ftags&post=3176"}],"curies":[{"name":"wp","href":"https:\/\/api.w.org\/{rel}","templated":true}]}}