{"id":3163,"date":"2024-11-01T09:54:07","date_gmt":"2024-11-01T15:54:07","guid":{"rendered":"https:\/\/aquienguanajuato.com\/?p=3163"},"modified":"2024-11-01T09:54:07","modified_gmt":"2024-11-01T15:54:07","slug":"traspasara-el-tapete-de-la-muerte-2024-fronteras-con-nuevas-colaboraciones-y-amplio-impacto-turistico","status":"publish","type":"post","link":"https:\/\/aquienguanajuato.com\/?p=3163","title":{"rendered":"Traspasar\u00e1 El Tapete de la Muerte 2024 fronteras con nuevas colaboraciones y amplio impacto tur\u00edstico"},"content":{"rendered":"<p><img fetchpriority=\"high\" decoding=\"async\" class=\"alignnone size-medium wp-image-3166\" src=\"https:\/\/i0.wp.com\/aquienguanajuato.com\/wp-content\/uploads\/2024\/11\/tapetes-2023-4.jpg?resize=533%2C800&#038;ssl=1\" alt=\"\" width=\"533\" height=\"800\" srcset=\"https:\/\/i0.wp.com\/aquienguanajuato.com\/wp-content\/uploads\/2024\/11\/tapetes-2023-4-scaled.jpg?resize=533%2C800&amp;ssl=1 533w, https:\/\/i0.wp.com\/aquienguanajuato.com\/wp-content\/uploads\/2024\/11\/tapetes-2023-4-scaled.jpg?resize=683%2C1024&amp;ssl=1 683w, https:\/\/i0.wp.com\/aquienguanajuato.com\/wp-content\/uploads\/2024\/11\/tapetes-2023-4-scaled.jpg?resize=768%2C1152&amp;ssl=1 768w, https:\/\/i0.wp.com\/aquienguanajuato.com\/wp-content\/uploads\/2024\/11\/tapetes-2023-4-scaled.jpg?resize=1024%2C1536&amp;ssl=1 1024w, https:\/\/i0.wp.com\/aquienguanajuato.com\/wp-content\/uploads\/2024\/11\/tapetes-2023-4-scaled.jpg?resize=1365%2C2048&amp;ssl=1 1365w, https:\/\/i0.wp.com\/aquienguanajuato.com\/wp-content\/uploads\/2024\/11\/tapetes-2023-4-scaled.jpg?resize=167%2C250&amp;ssl=1 167w, https:\/\/i0.wp.com\/aquienguanajuato.com\/wp-content\/uploads\/2024\/11\/tapetes-2023-4-scaled.jpg?w=1707&amp;ssl=1 1707w\" sizes=\"(max-width: 533px) 100vw, 533px\" data-recalc-dims=\"1\" \/><\/p>\n<p><span data-contrast=\"none\">Se anunciaron\u00a0los detalles m\u00e1s importantes de la XVII muestra internacional de arte ef\u00edmero \u201cEl Tapete de la Muerte\u201d a realizarse a lo largo de toda la jornada del 2 de noviembre de 2024 en el centro hist\u00f3rico de la ciudad de Guanajuato, magno evento que sigue consolid\u00e1ndose como una de las principales celebraciones del D\u00eda de Muertos tanto a nivel nacional como internacional por lo cual traspasar\u00e1 fronteras con nuevas colaboraciones y amplio impacto tur\u00edstico; as\u00ed durante la conferencia de prensa participaron organizadores del evento y destacados representantes de los sectores cultural, tur\u00edstico, empresarial de esta capital y por supuesto la <\/span><i><span data-contrast=\"none\">Catrina\u00a0guanajuatense<\/span><\/i><span data-contrast=\"none\">.<\/span><\/p>\n<p><span data-contrast=\"none\">Pedro Chac\u00f3n presidente de la asociaci\u00f3n civil\u00a0<\/span><i><span data-contrast=\"none\">Manos Unidas de Guanajuato<\/span><\/i><span data-contrast=\"none\">, subray\u00f3 la importancia que el evento ha adquirido a\u00f1o tras a\u00f1o, no solo en M\u00e9xico sino tambi\u00e9n en el \u00e1mbito internacional; en tanto agradeci\u00f3 el apoyo continuo de los empresarios guanajuatenses, quienes han sido clave para la organizaci\u00f3n de este festival que combina tradici\u00f3n y arte ef\u00edmero.<\/span><\/p>\n<p><img decoding=\"async\" class=\"alignnone size-medium wp-image-3170\" src=\"https:\/\/i0.wp.com\/aquienguanajuato.com\/wp-content\/uploads\/2024\/11\/Tapete-de-la-muerte-4.jpg?resize=800%2C533&#038;ssl=1\" alt=\"\" width=\"800\" height=\"533\" srcset=\"https:\/\/i0.wp.com\/aquienguanajuato.com\/wp-content\/uploads\/2024\/11\/Tapete-de-la-muerte-4.jpg?resize=800%2C533&amp;ssl=1 800w, https:\/\/i0.wp.com\/aquienguanajuato.com\/wp-content\/uploads\/2024\/11\/Tapete-de-la-muerte-4.jpg?resize=1024%2C682&amp;ssl=1 1024w, https:\/\/i0.wp.com\/aquienguanajuato.com\/wp-content\/uploads\/2024\/11\/Tapete-de-la-muerte-4.jpg?resize=768%2C512&amp;ssl=1 768w, https:\/\/i0.wp.com\/aquienguanajuato.com\/wp-content\/uploads\/2024\/11\/Tapete-de-la-muerte-4.jpg?resize=375%2C250&amp;ssl=1 375w, https:\/\/i0.wp.com\/aquienguanajuato.com\/wp-content\/uploads\/2024\/11\/Tapete-de-la-muerte-4.jpg?w=1280&amp;ssl=1 1280w\" sizes=\"(max-width: 800px) 100vw, 800px\" data-recalc-dims=\"1\" \/><\/p>\n<p><span data-contrast=\"none\">Por su parte Carlos Rend\u00f3n director de la Compa\u00f1\u00eda Regional de Danza de Guanajuato (<\/span><i><span data-contrast=\"none\">COREDA<\/span><\/i><span data-contrast=\"none\">), mostr\u00f3 su agradecimiento hacia\u00a0<\/span><i><span data-contrast=\"none\">Manos Unidas<\/span><\/i><span data-contrast=\"none\">\u00a0por confiarles nuevamente la ejecuci\u00f3n de \u201c<\/span><i><span data-contrast=\"none\">El<\/span><\/i><span data-contrast=\"none\">\u00a0<\/span><i><span data-contrast=\"none\">Retorno a Mictl\u00e1n\u201d; <\/span><\/i><span data-contrast=\"none\">asimismo devel\u00f3 que en esta edici\u00f3n 2024 el vestuario estar\u00e1 inspirado en el tradicional\u00a0<\/span><i><span data-contrast=\"none\">Viernes de Dolores<\/span><\/i><span data-contrast=\"none\"> de nuestra capital estatal.<\/span><span data-ccp-props=\"{&quot;134233117&quot;:false,&quot;134233118&quot;:false,&quot;201341983&quot;:0,&quot;335551550&quot;:6,&quot;335551620&quot;:6,&quot;335557856&quot;:16777215,&quot;335559731&quot;:708,&quot;335559738&quot;:0,&quot;335559739&quot;:160,&quot;335559740&quot;:276}\">\u00a0<\/span><\/p>\n<p><span data-contrast=\"none\">En su momento Ver\u00f3nica Chac\u00f3n coordinadora de eventos internacionales de la asociaci\u00f3n civil, revel\u00f3 que se espera la participaci\u00f3n de alrededor de 100 equipos se han inscrito para participar en el evento; ello con la destacada intervenci\u00f3n de delegaciones extranjeras provenientes de Corea, Estados Unidos de Am\u00e9rica, Catalu\u00f1a (Espa\u00f1a) y Guatemala. Adem\u00e1s, mencion\u00f3 la presencia de equipos de diversos estados de nuestro Pa\u00eds, como Guerrero, Michoac\u00e1n, Tlaxcala, Nayarit, Hidalgo y Nuevo Le\u00f3n; mientras que para este a\u00f1o comunidades guanajuatenses como El Tejab\u00e1n, La Trinidad, San Jos\u00e9 de Llanos, Santa Teresa y Puentecillas tambi\u00e9n estar\u00e1n representadas reafirmando con ello la importancia de la participaci\u00f3n local.<\/span><\/p>\n<p><img decoding=\"async\" class=\"alignnone size-medium wp-image-3172\" src=\"https:\/\/i0.wp.com\/aquienguanajuato.com\/wp-content\/uploads\/2024\/11\/Tapete-de-la-muerte-6.jpg?resize=436%2C800&#038;ssl=1\" alt=\"\" width=\"436\" height=\"800\" srcset=\"https:\/\/i0.wp.com\/aquienguanajuato.com\/wp-content\/uploads\/2024\/11\/Tapete-de-la-muerte-6.jpg?resize=436%2C800&amp;ssl=1 436w, https:\/\/i0.wp.com\/aquienguanajuato.com\/wp-content\/uploads\/2024\/11\/Tapete-de-la-muerte-6.jpg?resize=559%2C1024&amp;ssl=1 559w, https:\/\/i0.wp.com\/aquienguanajuato.com\/wp-content\/uploads\/2024\/11\/Tapete-de-la-muerte-6.jpg?resize=136%2C250&amp;ssl=1 136w, https:\/\/i0.wp.com\/aquienguanajuato.com\/wp-content\/uploads\/2024\/11\/Tapete-de-la-muerte-6.jpg?w=684&amp;ssl=1 684w\" sizes=\"(max-width: 436px) 100vw, 436px\" data-recalc-dims=\"1\" \/><\/p>\n<p><span data-contrast=\"none\">Uno de los puntos m\u00e1s emocionantes es la expansi\u00f3n del\u00a0<\/span><i><span data-contrast=\"none\">Tapete de la Muerte<\/span><\/i><span data-contrast=\"none\">\u00a0en su modalidad virtual, la cual\u00a0llegar\u00e1 hasta el Cementerio General de Tegucigalpa en Honduras; ah\u00ed se realizar\u00e1n dos obras alusivas al D\u00eda de Muertos acompa\u00f1adas por la Banda de los Supremos Poderes, como parte de la celebraci\u00f3n virtual en dicho Pa\u00eds centroamericano. Adicionalmente, se contar\u00e1 con la participaci\u00f3n remota de pa\u00edses como Brasil, Espa\u00f1a, Nicaragua, El Salvador y Paraguay as\u00ed como de varios estados de la Rep\u00fablica Mexicana. Entre los participantes locales, destac\u00f3 la incorporaci\u00f3n de alumnos de la Universidad SABES en todos sus campus del Estado.<\/span><span data-ccp-props=\"{&quot;134233117&quot;:false,&quot;134233118&quot;:false,&quot;201341983&quot;:0,&quot;335551550&quot;:6,&quot;335551620&quot;:6,&quot;335557856&quot;:16777215,&quot;335559731&quot;:708,&quot;335559738&quot;:0,&quot;335559739&quot;:160,&quot;335559740&quot;:276}\">\u00a0<\/span><\/p>\n<p><span data-contrast=\"none\">En el \u00e1mbito art\u00edstico Renata Chowell estudiante de la\u00a0Divisi\u00f3n de Arquitectura, Arte y Dise\u00f1o de la Universidad de Guanajuato mencion\u00f3 que este a\u00f1o se suman al evento con una exposici\u00f3n de 16 piezas de cartoner\u00eda denominados: <\/span><i><span data-contrast=\"none\">Gu\u00edas del m\u00e1s all\u00e1<\/span><\/i><span data-contrast=\"none\">, elaboradas por artistas locales como parte de la promoci\u00f3n y vinculaci\u00f3n con el talento emergente.<\/span><span data-ccp-props=\"{&quot;134233117&quot;:false,&quot;134233118&quot;:false,&quot;201341983&quot;:0,&quot;335551550&quot;:6,&quot;335551620&quot;:6,&quot;335557856&quot;:16777215,&quot;335559731&quot;:708,&quot;335559738&quot;:0,&quot;335559739&quot;:160,&quot;335559740&quot;:276}\"><img loading=\"lazy\" decoding=\"async\" class=\"alignnone size-medium wp-image-3168\" src=\"https:\/\/i0.wp.com\/aquienguanajuato.com\/wp-content\/uploads\/2024\/11\/Tapete-de-la-muerte-8.jpg?resize=800%2C533&#038;ssl=1\" alt=\"\" width=\"800\" height=\"533\" srcset=\"https:\/\/i0.wp.com\/aquienguanajuato.com\/wp-content\/uploads\/2024\/11\/Tapete-de-la-muerte-8-scaled.jpg?resize=800%2C533&amp;ssl=1 800w, https:\/\/i0.wp.com\/aquienguanajuato.com\/wp-content\/uploads\/2024\/11\/Tapete-de-la-muerte-8-scaled.jpg?resize=1024%2C683&amp;ssl=1 1024w, https:\/\/i0.wp.com\/aquienguanajuato.com\/wp-content\/uploads\/2024\/11\/Tapete-de-la-muerte-8-scaled.jpg?resize=768%2C512&amp;ssl=1 768w, https:\/\/i0.wp.com\/aquienguanajuato.com\/wp-content\/uploads\/2024\/11\/Tapete-de-la-muerte-8-scaled.jpg?resize=1536%2C1024&amp;ssl=1 1536w, https:\/\/i0.wp.com\/aquienguanajuato.com\/wp-content\/uploads\/2024\/11\/Tapete-de-la-muerte-8-scaled.jpg?resize=2048%2C1365&amp;ssl=1 2048w, https:\/\/i0.wp.com\/aquienguanajuato.com\/wp-content\/uploads\/2024\/11\/Tapete-de-la-muerte-8-scaled.jpg?resize=375%2C250&amp;ssl=1 375w, https:\/\/i0.wp.com\/aquienguanajuato.com\/wp-content\/uploads\/2024\/11\/Tapete-de-la-muerte-8-scaled.jpg?w=2530&amp;ssl=1 2530w\" sizes=\"(max-width: 800px) 100vw, 800px\" data-recalc-dims=\"1\" \/><\/span><\/p>\n<p><span data-contrast=\"none\">Finalmente Ana Cecilia Gonz\u00e1lez de Silva directora de promoci\u00f3n tur\u00edstica municipal, resalt\u00f3 la importancia de preservar y promover estas tradiciones al tiempo que reconoci\u00f3 el papel de\u00a0<\/span><i><span data-contrast=\"none\">Manos Unidas<\/span><\/i><span data-contrast=\"none\">\u00a0en el impulso econ\u00f3mico de la ciudad; de tal forma se espera que el evento genere una derrama econ\u00f3mica de 195 millones de pesos con la llegada de m\u00e1s de 145 mil visitantes y una ocupaci\u00f3n hotelera del 100%, posicionando nuevamente a Guanajuato capital como uno de los destinos tur\u00edsticos m\u00e1s importantes durante la celebraci\u00f3n del D\u00eda de Muertos.<\/span><span data-ccp-props=\"{&quot;134233117&quot;:false,&quot;134233118&quot;:false,&quot;201341983&quot;:0,&quot;335551550&quot;:6,&quot;335551620&quot;:6,&quot;335557856&quot;:16777215,&quot;335559731&quot;:708,&quot;335559738&quot;:0,&quot;335559739&quot;:160,&quot;335559740&quot;:276}\">\u00a0<\/span><\/p>\n","protected":false},"excerpt":{"rendered":"<p> &hellip;<\/p>\n","protected":false},"author":7,"featured_media":3171,"comment_status":"open","ping_status":"open","sticky":false,"template":"","format":"standard","meta":{"_jetpack_memberships_contains_paid_content":false,"footnotes":""},"categories":[26],"tags":[],"class_list":["post-3163","post","type-post","status-publish","format-standard","has-post-thumbnail","hentry","category-cultura"],"jetpack_sharing_enabled":true,"jetpack_featured_media_url":"https:\/\/i0.wp.com\/aquienguanajuato.com\/wp-content\/uploads\/2024\/11\/Tapete-de-la-muerte-5.jpg?fit=1035%2C1600&ssl=1","jetpack-related-posts":[],"_links":{"self":[{"href":"https:\/\/aquienguanajuato.com\/index.php?rest_route=\/wp\/v2\/posts\/3163","targetHints":{"allow":["GET"]}}],"collection":[{"href":"https:\/\/aquienguanajuato.com\/index.php?rest_route=\/wp\/v2\/posts"}],"about":[{"href":"https:\/\/aquienguanajuato.com\/index.php?rest_route=\/wp\/v2\/types\/post"}],"author":[{"embeddable":true,"href":"https:\/\/aquienguanajuato.com\/index.php?rest_route=\/wp\/v2\/users\/7"}],"replies":[{"embeddable":true,"href":"https:\/\/aquienguanajuato.com\/index.php?rest_route=%2Fwp%2Fv2%2Fcomments&post=3163"}],"version-history":[{"count":1,"href":"https:\/\/aquienguanajuato.com\/index.php?rest_route=\/wp\/v2\/posts\/3163\/revisions"}],"predecessor-version":[{"id":3173,"href":"https:\/\/aquienguanajuato.com\/index.php?rest_route=\/wp\/v2\/posts\/3163\/revisions\/3173"}],"wp:featuredmedia":[{"embeddable":true,"href":"https:\/\/aquienguanajuato.com\/index.php?rest_route=\/wp\/v2\/media\/3171"}],"wp:attachment":[{"href":"https:\/\/aquienguanajuato.com\/index.php?rest_route=%2Fwp%2Fv2%2Fmedia&parent=3163"}],"wp:term":[{"taxonomy":"category","embeddable":true,"href":"https:\/\/aquienguanajuato.com\/index.php?rest_route=%2Fwp%2Fv2%2Fcategories&post=3163"},{"taxonomy":"post_tag","embeddable":true,"href":"https:\/\/aquienguanajuato.com\/index.php?rest_route=%2Fwp%2Fv2%2Ftags&post=3163"}],"curies":[{"name":"wp","href":"https:\/\/api.w.org\/{rel}","templated":true}]}}