{"id":3096,"date":"2024-10-08T00:18:08","date_gmt":"2024-10-08T06:18:08","guid":{"rendered":"https:\/\/aquienguanajuato.com\/?p=3096"},"modified":"2024-10-08T00:18:08","modified_gmt":"2024-10-08T06:18:08","slug":"se-incorpora-juan-carlos-lomonaco-a-la-osug-como-su-director-artistico","status":"publish","type":"post","link":"https:\/\/aquienguanajuato.com\/?p=3096","title":{"rendered":"Se incorpora Juan Carlos Lom\u00f3naco a la OSUG como su director art\u00edstico\u00a0"},"content":{"rendered":"<p><img fetchpriority=\"high\" decoding=\"async\" class=\"alignnone size-medium wp-image-3098\" src=\"https:\/\/i0.wp.com\/aquienguanajuato.com\/wp-content\/uploads\/2024\/10\/Rueda-de-prensa.jpg?resize=800%2C449&#038;ssl=1\" alt=\"\" width=\"800\" height=\"449\" srcset=\"https:\/\/i0.wp.com\/aquienguanajuato.com\/wp-content\/uploads\/2024\/10\/Rueda-de-prensa.jpg?resize=800%2C449&amp;ssl=1 800w, https:\/\/i0.wp.com\/aquienguanajuato.com\/wp-content\/uploads\/2024\/10\/Rueda-de-prensa.jpg?resize=1024%2C575&amp;ssl=1 1024w, https:\/\/i0.wp.com\/aquienguanajuato.com\/wp-content\/uploads\/2024\/10\/Rueda-de-prensa.jpg?resize=768%2C431&amp;ssl=1 768w, https:\/\/i0.wp.com\/aquienguanajuato.com\/wp-content\/uploads\/2024\/10\/Rueda-de-prensa.jpg?resize=1536%2C862&amp;ssl=1 1536w, https:\/\/i0.wp.com\/aquienguanajuato.com\/wp-content\/uploads\/2024\/10\/Rueda-de-prensa.jpg?resize=445%2C250&amp;ssl=1 445w, https:\/\/i0.wp.com\/aquienguanajuato.com\/wp-content\/uploads\/2024\/10\/Rueda-de-prensa.jpg?w=1600&amp;ssl=1 1600w\" sizes=\"(max-width: 800px) 100vw, 800px\" data-recalc-dims=\"1\" \/><\/p>\n<p><span data-contrast=\"none\">Con una trayectoria de m\u00e1s de tres d\u00e9cadas, el reconocido m\u00fasico Juan Carlos Lom\u00f3naco se incorpora como director art\u00edstico de la Orquesta Sinf\u00f3nica de la Universidad de Guanajuato (OSUG); agrupaci\u00f3n a la que ha dirigido en m\u00faltiples ocasiones, ello como director invitado y a la que calific\u00f3 como una de las instituciones musicales m\u00e1s importantes de M\u00e9xico.<\/span><\/p>\n<p><span data-contrast=\"none\">\u00a0Mediante rueda de prensa realizada la tarde del 7 de octubre pasado, la rectora general de la Universidad de Guanajuato doctora Claudia Susana G\u00f3mez L\u00f3pez comparti\u00f3 que para la designaci\u00f3n se tomaron en cuenta elementos como son: disponibilidad para comprometerse un a\u00f1o completo con las actividades art\u00edsticas y acad\u00e9micas; evaluaci\u00f3n y valoraci\u00f3n por parte de las y los m\u00fasicos de la orquesta, a la vez de contar con al menos el cincuenta por ciento de aprobaci\u00f3n de las y los integrantes de la OSUG.<\/span><\/p>\n<p><span data-contrast=\"none\">\u201cSe mantuvo impecablemente el proceso. Tuvimos una reuni\u00f3n con la gran mayor\u00eda de las y los integrantes de la OSUG y fueron los primeros en enterarse, estamos seguros de que ser\u00e1 bien recibido su nombramiento. Esto no fue una imposici\u00f3n y hubo di\u00e1logo en todo momento\u201d, dijo la rectora general.<\/span><\/p>\n<p><span data-ccp-props=\"{&quot;134233117&quot;:true,&quot;134233118&quot;:true,&quot;201341983&quot;:0,&quot;335551550&quot;:6,&quot;335551620&quot;:6,&quot;335559731&quot;:0,&quot;335559739&quot;:160,&quot;335559740&quot;:276}\">\u00a0<\/span><span data-contrast=\"none\">Juan Carlos Lom\u00f3naco quien\u00a0en 1998 dirigi\u00f3 por primera vez a la OSUG, se form\u00f3 en el Instituto Curtis de M\u00fasica en Filadelfia y realiz\u00f3 estudios en <\/span><i><span data-contrast=\"none\">The Pierre Monteux School<\/span><\/i><span data-contrast=\"none\"> y la Universidad de Montreal; en 1992 debut\u00f3 profesionalmente con la Orquesta Sinf\u00f3nica Nacional de M\u00e9xico a los 23 a\u00f1os\u00a0 y hasta la fecha ha dirigido m\u00e1s de sesenta agrupaciones en m\u00e1s de veinte pa\u00edses, entre otros: los Estados Unidos de Am\u00e9rica, Canad\u00e1, Venezuela, Per\u00fa, Ecuador, Colombia, Espa\u00f1a, Portugal, Italia, Francia, Polonia, Rusia, Kazajist\u00e1n, Bulgaria y Serbia.<\/span><\/p>\n<p><span data-ccp-props=\"{&quot;134233117&quot;:true,&quot;134233118&quot;:true,&quot;201341983&quot;:0,&quot;335551550&quot;:6,&quot;335551620&quot;:6,&quot;335559731&quot;:708,&quot;335559739&quot;:160,&quot;335559740&quot;:276}\">\u00a0<\/span><span data-contrast=\"none\">En su primer mensaje como director art\u00edstico de la orquesta universitaria guanajuatense, el m\u00fasico mexicano agradeci\u00f3 a las autoridades\u00a0de la UG su designaci\u00f3n y sostuvo que su plan de trabajo incluir\u00e1 el dise\u00f1o de una programaci\u00f3n con repertorio tradicional, m\u00fasica mexicana, m\u00fasica contempor\u00e1nea, \u00f3pera y ballet.<\/span><\/p>\n<p><span data-ccp-props=\"{&quot;134233117&quot;:true,&quot;134233118&quot;:true,&quot;201341983&quot;:0,&quot;335551550&quot;:6,&quot;335551620&quot;:6,&quot;335559731&quot;:708,&quot;335559739&quot;:160,&quot;335559740&quot;:276}\">\u00a0<\/span><span data-contrast=\"none\">\u201cBuscaremos la excelencia, para que todo lo que hagamos sea constructivo y propositivo. Tengo el privilegio de haber sido seleccionado por la rectora y por el doctor\u00a0Osvaldo Ch\u00e1vez ya que quiero much\u00edsimo a la OSUG, le tengo un cari\u00f1o muy especial despu\u00e9s de haberlos dirigido varias veces. En m\u00e1s de dos d\u00e9cadas me ha tocado compartir momentos con los directores titulares de la orquesta que me han invitado a participar. Verdaderamente creo que es una joya que debemos de cuidar y nos tocar\u00e1 hacerlo con much\u00edsima responsabilidad\u201d, manifest\u00f3 el maestro Lom\u00f3naco.<\/span><\/p>\n<p><span data-ccp-props=\"{&quot;134233117&quot;:true,&quot;134233118&quot;:true,&quot;201341983&quot;:0,&quot;335551550&quot;:6,&quot;335551620&quot;:6,&quot;335559731&quot;:708,&quot;335559739&quot;:160,&quot;335559740&quot;:276}\">\u00a0<\/span><span data-contrast=\"none\">Por su parte el director de Extensi\u00f3n Cultural de la\u00a0UG doctor Jos\u00e9 Osvaldo Ch\u00e1vez Rodr\u00edguez, indic\u00f3 que a partir de este momento el Mtro. Juan Carlos Lom\u00f3naco atender\u00e1 los asuntos internos\u00a0de la OSUG y trabajar\u00e1 en la programaci\u00f3n del pr\u00f3ximo a\u00f1o 2025:<\/span><\/p>\n<p><span data-ccp-props=\"{&quot;134233117&quot;:true,&quot;134233118&quot;:true,&quot;201341983&quot;:0,&quot;335551550&quot;:6,&quot;335551620&quot;:6,&quot;335559731&quot;:708,&quot;335559739&quot;:160,&quot;335559740&quot;:276}\">\u00a0<\/span><span data-contrast=\"none\">\u201cHay que atender muchos aspectos. Con esto no solamente converge la parte art\u00edstica y musical, sino tambi\u00e9n la institucional; porque esta orquesta a diferencia de otras, se encuentra dentro de una universidad y esto le confiere muchas y muy variadas posibilidades; una de ellas ser\u00eda la vinculaci\u00f3n en el \u00e1mbito acad\u00e9mico y con el sector estudiantil\u201d, dijo el Dr. Ch\u00e1vez Rodr\u00edguez.<\/span><\/p>\n<p><span data-ccp-props=\"{&quot;134233117&quot;:true,&quot;134233118&quot;:true,&quot;201341983&quot;:0,&quot;335551550&quot;:6,&quot;335551620&quot;:6,&quot;335559731&quot;:708,&quot;335559739&quot;:160,&quot;335559740&quot;:276}\"><img decoding=\"async\" class=\"alignnone size-medium wp-image-3100\" src=\"https:\/\/i0.wp.com\/aquienguanajuato.com\/wp-content\/uploads\/2024\/10\/Rueda-de-prensa-OSUG.jpg?resize=800%2C600&#038;ssl=1\" alt=\"\" width=\"800\" height=\"600\" srcset=\"https:\/\/i0.wp.com\/aquienguanajuato.com\/wp-content\/uploads\/2024\/10\/Rueda-de-prensa-OSUG.jpg?resize=800%2C600&amp;ssl=1 800w, https:\/\/i0.wp.com\/aquienguanajuato.com\/wp-content\/uploads\/2024\/10\/Rueda-de-prensa-OSUG.jpg?resize=1024%2C768&amp;ssl=1 1024w, https:\/\/i0.wp.com\/aquienguanajuato.com\/wp-content\/uploads\/2024\/10\/Rueda-de-prensa-OSUG.jpg?resize=768%2C576&amp;ssl=1 768w, https:\/\/i0.wp.com\/aquienguanajuato.com\/wp-content\/uploads\/2024\/10\/Rueda-de-prensa-OSUG.jpg?resize=1536%2C1152&amp;ssl=1 1536w, https:\/\/i0.wp.com\/aquienguanajuato.com\/wp-content\/uploads\/2024\/10\/Rueda-de-prensa-OSUG.jpg?resize=333%2C250&amp;ssl=1 333w, https:\/\/i0.wp.com\/aquienguanajuato.com\/wp-content\/uploads\/2024\/10\/Rueda-de-prensa-OSUG.jpg?w=1600&amp;ssl=1 1600w\" sizes=\"(max-width: 800px) 100vw, 800px\" data-recalc-dims=\"1\" \/>\u00a0<\/span><\/p>\n<p><span data-contrast=\"none\">\u00a0La Orquesta Sinf\u00f3nica de la Universidad de Guanajuato es mucho m\u00e1s que un conjunto musical de excelencia: es un baluarte cultural que refleja la abundancia art\u00edstica e intelectual de la regi\u00f3n y del Pa\u00eds; su capacidad para presentar un repertorio diverso: desde las obras maestras cl\u00e1sicas hasta composiciones contempor\u00e1neas y de vanguardia, han permitido a la OSUG mantener un di\u00e1logo constante y enriquecedor con audiencias de todas las edades y or\u00edgenes.<\/span><\/p>\n<p><span data-ccp-props=\"{&quot;134233117&quot;:true,&quot;134233118&quot;:true,&quot;201341983&quot;:0,&quot;335551550&quot;:6,&quot;335551620&quot;:6,&quot;335559731&quot;:708,&quot;335559739&quot;:160,&quot;335559740&quot;:276}\">\u00a0<\/span><span data-contrast=\"none\">Asimismo, su compromiso con la m\u00fasica mexicana y latinoamericana se logra mediante el rescate y la difusi\u00f3n de compositores locales y regionales; lo que la convierten en un veh\u00edculo esencial, para la preservaci\u00f3n y evoluci\u00f3n de la identidad sonora guanajuatense.<\/span><\/p>\n<p><span data-ccp-props=\"{&quot;134233117&quot;:true,&quot;134233118&quot;:true,&quot;201341983&quot;:0,&quot;335551550&quot;:6,&quot;335551620&quot;:6,&quot;335559731&quot;:708,&quot;335559739&quot;:160,&quot;335559740&quot;:276}\">\u00a0<\/span><span data-contrast=\"none\">En un mundo donde la cultura y las artes a menudo enfrentan desaf\u00edos, la OSUG se erige como un modelo de resiliencia y visi\u00f3n a futuro; esto, al concretar colaboraciones con artistas de renombre tanto nacionales como internacionales. En resumen, la OSUG no solo alimenta la vida cultural del Estado sino que tambi\u00e9n posiciona a la\u00a0m\u00e1xima casa de estudios en nuestra Entidad como un epicentro art\u00edstico de gran relevancia a nivel global que seguir\u00e1 inspirando a futuras generaciones.<\/span><\/p>\n","protected":false},"excerpt":{"rendered":"<p> &hellip;<\/p>\n","protected":false},"author":7,"featured_media":3097,"comment_status":"open","ping_status":"open","sticky":false,"template":"","format":"standard","meta":{"_jetpack_memberships_contains_paid_content":false,"footnotes":""},"categories":[26],"tags":[],"class_list":["post-3096","post","type-post","status-publish","format-standard","has-post-thumbnail","hentry","category-cultura"],"jetpack_sharing_enabled":true,"jetpack_featured_media_url":"https:\/\/i0.wp.com\/aquienguanajuato.com\/wp-content\/uploads\/2024\/10\/Juan-Carlos-Lomonaco.jpg?fit=1600%2C898&ssl=1","jetpack-related-posts":[],"_links":{"self":[{"href":"https:\/\/aquienguanajuato.com\/index.php?rest_route=\/wp\/v2\/posts\/3096","targetHints":{"allow":["GET"]}}],"collection":[{"href":"https:\/\/aquienguanajuato.com\/index.php?rest_route=\/wp\/v2\/posts"}],"about":[{"href":"https:\/\/aquienguanajuato.com\/index.php?rest_route=\/wp\/v2\/types\/post"}],"author":[{"embeddable":true,"href":"https:\/\/aquienguanajuato.com\/index.php?rest_route=\/wp\/v2\/users\/7"}],"replies":[{"embeddable":true,"href":"https:\/\/aquienguanajuato.com\/index.php?rest_route=%2Fwp%2Fv2%2Fcomments&post=3096"}],"version-history":[{"count":1,"href":"https:\/\/aquienguanajuato.com\/index.php?rest_route=\/wp\/v2\/posts\/3096\/revisions"}],"predecessor-version":[{"id":3101,"href":"https:\/\/aquienguanajuato.com\/index.php?rest_route=\/wp\/v2\/posts\/3096\/revisions\/3101"}],"wp:featuredmedia":[{"embeddable":true,"href":"https:\/\/aquienguanajuato.com\/index.php?rest_route=\/wp\/v2\/media\/3097"}],"wp:attachment":[{"href":"https:\/\/aquienguanajuato.com\/index.php?rest_route=%2Fwp%2Fv2%2Fmedia&parent=3096"}],"wp:term":[{"taxonomy":"category","embeddable":true,"href":"https:\/\/aquienguanajuato.com\/index.php?rest_route=%2Fwp%2Fv2%2Fcategories&post=3096"},{"taxonomy":"post_tag","embeddable":true,"href":"https:\/\/aquienguanajuato.com\/index.php?rest_route=%2Fwp%2Fv2%2Ftags&post=3096"}],"curies":[{"name":"wp","href":"https:\/\/api.w.org\/{rel}","templated":true}]}}