{"id":2992,"date":"2024-08-30T23:44:47","date_gmt":"2024-08-31T05:44:47","guid":{"rendered":"https:\/\/aquienguanajuato.com\/?p=2992"},"modified":"2024-08-31T08:39:40","modified_gmt":"2024-08-31T14:39:40","slug":"fortalece-dialogo-gobernadora-electa-garcia-munoz-ledo-con-autoridades-electas-municipales","status":"publish","type":"post","link":"https:\/\/aquienguanajuato.com\/?p=2992","title":{"rendered":"Fortalece di\u00e1logo gobernadora electa Garc\u00eda Mu\u00f1oz Ledo con autoridades electas municipales"},"content":{"rendered":"<p><img fetchpriority=\"high\" decoding=\"async\" class=\"alignnone size-medium wp-image-2994\" src=\"https:\/\/i0.wp.com\/aquienguanajuato.com\/wp-content\/uploads\/2024\/08\/WhatsApp-Image-2024-08-30-at-16.19.35.jpeg?resize=800%2C534&#038;ssl=1\" alt=\"\" width=\"800\" height=\"534\" srcset=\"https:\/\/i0.wp.com\/aquienguanajuato.com\/wp-content\/uploads\/2024\/08\/WhatsApp-Image-2024-08-30-at-16.19.35.jpeg?resize=800%2C534&amp;ssl=1 800w, https:\/\/i0.wp.com\/aquienguanajuato.com\/wp-content\/uploads\/2024\/08\/WhatsApp-Image-2024-08-30-at-16.19.35.jpeg?resize=1024%2C683&amp;ssl=1 1024w, https:\/\/i0.wp.com\/aquienguanajuato.com\/wp-content\/uploads\/2024\/08\/WhatsApp-Image-2024-08-30-at-16.19.35.jpeg?resize=768%2C512&amp;ssl=1 768w, https:\/\/i0.wp.com\/aquienguanajuato.com\/wp-content\/uploads\/2024\/08\/WhatsApp-Image-2024-08-30-at-16.19.35.jpeg?resize=1536%2C1024&amp;ssl=1 1536w, https:\/\/i0.wp.com\/aquienguanajuato.com\/wp-content\/uploads\/2024\/08\/WhatsApp-Image-2024-08-30-at-16.19.35.jpeg?resize=375%2C250&amp;ssl=1 375w, https:\/\/i0.wp.com\/aquienguanajuato.com\/wp-content\/uploads\/2024\/08\/WhatsApp-Image-2024-08-30-at-16.19.35.jpeg?w=1600&amp;ssl=1 1600w\" sizes=\"(max-width: 800px) 100vw, 800px\" data-recalc-dims=\"1\" \/><\/p>\n<p><span data-contrast=\"auto\">Fortalece el di\u00e1logo la gobernadora electa del Estado de Guanajuato Libia Dennise Garc\u00eda Mu\u00f1oz Ledo, con autoridades electas de los 46 municipios guanajuatenses; esto en el marco del Congreso de Autoridades Electas, el cual se realiz\u00f3 el 30 de agosto en la ciudad de Le\u00f3n.<\/span><\/p>\n<p><span data-contrast=\"auto\">Ah\u00ed, la pr\u00f3xima gobernadora de nuestra Entidad invit\u00f3 a las y los pr\u00f3ximos funcionarios p\u00fablicos a no olvidar la confianza que la ciudadan\u00eda deposit\u00f3 en quienes definir\u00e1n el rumbo de los municipios para el periodo 2024 \u2013 2027: \u201cQuiero pedirles que no olvidemos ni un solo d\u00eda, que durante estos tres a\u00f1os lo que nos mueve es trabajar por ese orgullo que sentimos de ser guanajuatenses; que no olvidemos que lo que nos tiene hoy aqu\u00ed es Guanajuato y es algo muy valioso que nos ha dado la gente de nuestro Estado, su confianza\u201d destac\u00f3 Garc\u00eda Mu\u00f1oz Ledo.<\/span><\/p>\n<p><span data-contrast=\"auto\">Trabajar con el mismo objetivo, en equipo y pluralidad por el desarrollo y bienestar de las familias guanajuatenses es la visi\u00f3n que el <\/span><i><span data-contrast=\"auto\">Nuevo Comienzo<\/span><\/i><span data-contrast=\"auto\"> de Libia Dennise trae en colectivo para el Estado; asimismo mencion\u00f3 que las pr\u00f3ximas autoridades municipales representan diversas fuerzas pol\u00edticas, de tal forma que el llamado para el nuevo trienio es a dejar atr\u00e1s el contraste y las diferencias que generan las campa\u00f1as pol\u00edticas y dar paso al entendimiento como autoridades electas en beneficio de Guanajuato y sus municipios.<\/span><\/p>\n<p><span data-contrast=\"auto\">\u00a0<\/span> <span data-contrast=\"auto\">\u201cHay que respaldar aquello que le haga bien a Guanajuato\u201d, apunt\u00f3 Garc\u00eda Mu\u00f1oz Ledo; seguir escuchando a los Ayuntamientos, construir puentes y ser una gobernadora <\/span><i><span data-contrast=\"auto\">todo terreno<\/span><\/i><span data-contrast=\"auto\"> sin perder la sensibilidad de entender que los retos que tiene Guanajuato deben motivar a trabajar unidos. Ese es el compromiso que\u00a0la pr\u00f3xima primer mandataria refrend\u00f3 con los 46 municipios, en la conferencia que ofreci\u00f3 en el evento en menci\u00f3n.<\/span><\/p>\n<p><span data-contrast=\"auto\">\u00a0<\/span> <span data-contrast=\"auto\">El <\/span><i><span data-contrast=\"auto\">Nuevo Comienzo<\/span><\/i><span data-contrast=\"auto\"> tiene retos claros como la globalizaci\u00f3n, competitividad, gobernabilidad, seguridad, agua, educaci\u00f3n y servicios p\u00fablicos los cuales ser\u00e1n abordados con una visi\u00f3n de honestidad y transparencia; incidir, transformar, menos ventanilla y m\u00e1s cercan\u00eda con la ciudadan\u00eda; hacer las cosas diferentes, sin miedo de cambiar el proceso para obtener mejores resultados donde los proyectos sean incluyentes es la filosof\u00eda con la que se trabajar\u00e1 para llevar a Guanajuato a la vanguardia en los pr\u00f3ximos seis a\u00f1os:<\/span><\/p>\n<p><span data-contrast=\"auto\">\u00a0<\/span> <span data-contrast=\"auto\">\u201cCuando una persona tiene la convicci\u00f3n, la pasi\u00f3n, el entusiasmo, el conocimiento para enfrentar un reto; el paso que da, las decisiones que toma pueden ser importantes pero nunca m\u00e1s importantes que cuando nos tomamos de la mano cuando trabajamos juntos con un objetivo en com\u00fan. El esfuerzo colectivo siempre va a poder m\u00e1s, a eso estamos llamados hoy en Guanajuato\u201d puntualiz\u00f3 la gobernadora electa.<\/span><\/p>\n<p><img decoding=\"async\" class=\"alignnone size-medium wp-image-2995\" src=\"https:\/\/i0.wp.com\/aquienguanajuato.com\/wp-content\/uploads\/2024\/08\/WhatsApp-Image-2024-08-30-at-16.19.36.jpeg?resize=800%2C241&#038;ssl=1\" alt=\"\" width=\"800\" height=\"241\" srcset=\"https:\/\/i0.wp.com\/aquienguanajuato.com\/wp-content\/uploads\/2024\/08\/WhatsApp-Image-2024-08-30-at-16.19.36.jpeg?resize=800%2C241&amp;ssl=1 800w, https:\/\/i0.wp.com\/aquienguanajuato.com\/wp-content\/uploads\/2024\/08\/WhatsApp-Image-2024-08-30-at-16.19.36.jpeg?resize=1024%2C308&amp;ssl=1 1024w, https:\/\/i0.wp.com\/aquienguanajuato.com\/wp-content\/uploads\/2024\/08\/WhatsApp-Image-2024-08-30-at-16.19.36.jpeg?resize=768%2C231&amp;ssl=1 768w, https:\/\/i0.wp.com\/aquienguanajuato.com\/wp-content\/uploads\/2024\/08\/WhatsApp-Image-2024-08-30-at-16.19.36.jpeg?resize=1536%2C462&amp;ssl=1 1536w, https:\/\/i0.wp.com\/aquienguanajuato.com\/wp-content\/uploads\/2024\/08\/WhatsApp-Image-2024-08-30-at-16.19.36.jpeg?resize=507%2C152&amp;ssl=1 507w, https:\/\/i0.wp.com\/aquienguanajuato.com\/wp-content\/uploads\/2024\/08\/WhatsApp-Image-2024-08-30-at-16.19.36.jpeg?w=1600&amp;ssl=1 1600w\" sizes=\"(max-width: 800px) 100vw, 800px\" data-recalc-dims=\"1\" \/><\/p>\n","protected":false},"excerpt":{"rendered":"<p> &hellip;<\/p>\n","protected":false},"author":8,"featured_media":2993,"comment_status":"open","ping_status":"open","sticky":false,"template":"","format":"standard","meta":{"_jetpack_memberships_contains_paid_content":false,"footnotes":""},"categories":[179],"tags":[],"class_list":["post-2992","post","type-post","status-publish","format-standard","has-post-thumbnail","hentry","category-estado"],"jetpack_sharing_enabled":true,"jetpack_featured_media_url":"https:\/\/i0.wp.com\/aquienguanajuato.com\/wp-content\/uploads\/2024\/08\/WhatsApp-Image-2024-08-30-at-16.19.42.jpeg?fit=1600%2C1280&ssl=1","jetpack-related-posts":[],"_links":{"self":[{"href":"https:\/\/aquienguanajuato.com\/index.php?rest_route=\/wp\/v2\/posts\/2992","targetHints":{"allow":["GET"]}}],"collection":[{"href":"https:\/\/aquienguanajuato.com\/index.php?rest_route=\/wp\/v2\/posts"}],"about":[{"href":"https:\/\/aquienguanajuato.com\/index.php?rest_route=\/wp\/v2\/types\/post"}],"author":[{"embeddable":true,"href":"https:\/\/aquienguanajuato.com\/index.php?rest_route=\/wp\/v2\/users\/8"}],"replies":[{"embeddable":true,"href":"https:\/\/aquienguanajuato.com\/index.php?rest_route=%2Fwp%2Fv2%2Fcomments&post=2992"}],"version-history":[{"count":1,"href":"https:\/\/aquienguanajuato.com\/index.php?rest_route=\/wp\/v2\/posts\/2992\/revisions"}],"predecessor-version":[{"id":2996,"href":"https:\/\/aquienguanajuato.com\/index.php?rest_route=\/wp\/v2\/posts\/2992\/revisions\/2996"}],"wp:featuredmedia":[{"embeddable":true,"href":"https:\/\/aquienguanajuato.com\/index.php?rest_route=\/wp\/v2\/media\/2993"}],"wp:attachment":[{"href":"https:\/\/aquienguanajuato.com\/index.php?rest_route=%2Fwp%2Fv2%2Fmedia&parent=2992"}],"wp:term":[{"taxonomy":"category","embeddable":true,"href":"https:\/\/aquienguanajuato.com\/index.php?rest_route=%2Fwp%2Fv2%2Fcategories&post=2992"},{"taxonomy":"post_tag","embeddable":true,"href":"https:\/\/aquienguanajuato.com\/index.php?rest_route=%2Fwp%2Fv2%2Ftags&post=2992"}],"curies":[{"name":"wp","href":"https:\/\/api.w.org\/{rel}","templated":true}]}}