{"id":2977,"date":"2024-08-29T00:55:08","date_gmt":"2024-08-29T06:55:08","guid":{"rendered":"https:\/\/aquienguanajuato.com\/?p=2977"},"modified":"2024-08-29T10:43:44","modified_gmt":"2024-08-29T16:43:44","slug":"celebrara-la-capital-su-festival-viva-guanajuato","status":"publish","type":"post","link":"https:\/\/aquienguanajuato.com\/?p=2977","title":{"rendered":"Celebrar\u00e1 la capital su festival \u2018Viva \u00a1Guanajuato!\u2019\u00a0"},"content":{"rendered":"<p><img fetchpriority=\"high\" decoding=\"async\" class=\"alignnone size-medium wp-image-2980\" src=\"https:\/\/i0.wp.com\/aquienguanajuato.com\/wp-content\/uploads\/2024\/08\/WhatsApp-Image-2024-08-26-at-15.58.27.jpeg?resize=800%2C533&#038;ssl=1\" alt=\"\" width=\"800\" height=\"533\" srcset=\"https:\/\/i0.wp.com\/aquienguanajuato.com\/wp-content\/uploads\/2024\/08\/WhatsApp-Image-2024-08-26-at-15.58.27.jpeg?resize=800%2C533&amp;ssl=1 800w, https:\/\/i0.wp.com\/aquienguanajuato.com\/wp-content\/uploads\/2024\/08\/WhatsApp-Image-2024-08-26-at-15.58.27.jpeg?resize=1024%2C682&amp;ssl=1 1024w, https:\/\/i0.wp.com\/aquienguanajuato.com\/wp-content\/uploads\/2024\/08\/WhatsApp-Image-2024-08-26-at-15.58.27.jpeg?resize=768%2C512&amp;ssl=1 768w, https:\/\/i0.wp.com\/aquienguanajuato.com\/wp-content\/uploads\/2024\/08\/WhatsApp-Image-2024-08-26-at-15.58.27.jpeg?resize=375%2C250&amp;ssl=1 375w, https:\/\/i0.wp.com\/aquienguanajuato.com\/wp-content\/uploads\/2024\/08\/WhatsApp-Image-2024-08-26-at-15.58.27.jpeg?w=1280&amp;ssl=1 1280w\" sizes=\"(max-width: 800px) 100vw, 800px\" data-recalc-dims=\"1\" \/><\/p>\n<p><span data-contrast=\"auto\">Del 13 al 16 de septiembre pr\u00f3ximo, la capital guanajuatense celebrar\u00e1 el festival gastron\u00f3mico \u2018Viva \u00a1Guanajuato!\u2019, con la participaci\u00f3n de chefs y restaurantes capitalinos; nuevo producto tur\u00edstico que se incorpora al calendario de Festejos Patrios para extender las opciones de diversi\u00f3n y convivencia en esta Ciudad Patrimonio Mundial, donde se registr\u00f3 el primer triunfo insurgente el 28 de septiembre de 1810.<\/span><\/p>\n<p><span data-contrast=\"auto\">\u00a0<\/span> <span data-contrast=\"auto\">\u201cEs un producto muy importante para nuestra ciudad. Va a crecer y sin duda, va a lograr que haya mayor derrama econ\u00f3mica en nuestra ciudad\u201d, afirm\u00f3 el alcalde de Guanajuato Alejandro Navarro en conferencia de prensa en la cual fue presentado el evento; a su vez agreg\u00f3 que no s\u00f3lo est\u00e1 pensado para las y los turistas que vienen de otras partes del Pa\u00eds, sino para la propia gente de Guanajuato.<\/span><\/p>\n<p><span data-contrast=\"auto\">El empresario Salvador Jaime quien es integrante del comit\u00e9 organizador, se\u00f1al\u00f3 que se han involucrado diversos establecimientos de la capital en el lanzamiento de este nuevo producto tur\u00edstico; creado \u00e9ste con la finalidad de extender la oferta tur\u00edstica durante el puente patrio que se avecina y colocar a Guanajuato entre los destinos predilectos para revivir el Grito de Independencia.<\/span><\/p>\n<p><span data-contrast=\"auto\">\u00a0<\/span> <span data-contrast=\"auto\">La inauguraci\u00f3n del festival \u2018Viva \u00a1Guanajuato!\u2019, se llevar\u00e1 a cabo el 13 de septiembre en el mes\u00f3n de San Antonio a las 7:00 de la noche; programaci\u00f3n que incluye conciertos, bazares y experiencias culinarias -entre otras sorpresas-. La lista de eventos se puede consultar en la p\u00e1gina web festivalvivaguanajuato.com<\/span><\/p>\n","protected":false},"excerpt":{"rendered":"<p> &hellip;<\/p>\n","protected":false},"author":8,"featured_media":2978,"comment_status":"open","ping_status":"open","sticky":false,"template":"","format":"standard","meta":{"_jetpack_memberships_contains_paid_content":false,"footnotes":""},"categories":[11],"tags":[],"class_list":["post-2977","post","type-post","status-publish","format-standard","has-post-thumbnail","hentry","category-eventos"],"jetpack_sharing_enabled":true,"jetpack_featured_media_url":"https:\/\/i0.wp.com\/aquienguanajuato.com\/wp-content\/uploads\/2024\/08\/WhatsApp-Image-2024-08-26-at-15.58.29.jpeg?fit=1280%2C853&ssl=1","jetpack-related-posts":[],"_links":{"self":[{"href":"https:\/\/aquienguanajuato.com\/index.php?rest_route=\/wp\/v2\/posts\/2977","targetHints":{"allow":["GET"]}}],"collection":[{"href":"https:\/\/aquienguanajuato.com\/index.php?rest_route=\/wp\/v2\/posts"}],"about":[{"href":"https:\/\/aquienguanajuato.com\/index.php?rest_route=\/wp\/v2\/types\/post"}],"author":[{"embeddable":true,"href":"https:\/\/aquienguanajuato.com\/index.php?rest_route=\/wp\/v2\/users\/8"}],"replies":[{"embeddable":true,"href":"https:\/\/aquienguanajuato.com\/index.php?rest_route=%2Fwp%2Fv2%2Fcomments&post=2977"}],"version-history":[{"count":3,"href":"https:\/\/aquienguanajuato.com\/index.php?rest_route=\/wp\/v2\/posts\/2977\/revisions"}],"predecessor-version":[{"id":2983,"href":"https:\/\/aquienguanajuato.com\/index.php?rest_route=\/wp\/v2\/posts\/2977\/revisions\/2983"}],"wp:featuredmedia":[{"embeddable":true,"href":"https:\/\/aquienguanajuato.com\/index.php?rest_route=\/wp\/v2\/media\/2978"}],"wp:attachment":[{"href":"https:\/\/aquienguanajuato.com\/index.php?rest_route=%2Fwp%2Fv2%2Fmedia&parent=2977"}],"wp:term":[{"taxonomy":"category","embeddable":true,"href":"https:\/\/aquienguanajuato.com\/index.php?rest_route=%2Fwp%2Fv2%2Fcategories&post=2977"},{"taxonomy":"post_tag","embeddable":true,"href":"https:\/\/aquienguanajuato.com\/index.php?rest_route=%2Fwp%2Fv2%2Ftags&post=2977"}],"curies":[{"name":"wp","href":"https:\/\/api.w.org\/{rel}","templated":true}]}}