{"id":2968,"date":"2024-08-28T01:03:49","date_gmt":"2024-08-28T07:03:49","guid":{"rendered":"https:\/\/aquienguanajuato.com\/?p=2968"},"modified":"2024-08-28T06:38:23","modified_gmt":"2024-08-28T12:38:23","slug":"celebra-miq-jornadas-cervantinas-la-herencia-del-mundo-arabe-en-el-quijote","status":"publish","type":"post","link":"https:\/\/aquienguanajuato.com\/?p=2968","title":{"rendered":"Celebra MIQ Jornadas Cervantinas: La herencia del mundo \u00e1rabe en El Quijote"},"content":{"rendered":"<p><img fetchpriority=\"high\" decoding=\"async\" class=\"alignnone size-medium wp-image-2971\" src=\"https:\/\/i0.wp.com\/aquienguanajuato.com\/wp-content\/uploads\/2024\/08\/Museo-iconografico-quijote3-1024x576-1.jpg?resize=800%2C450&#038;ssl=1\" alt=\"\" width=\"800\" height=\"450\" srcset=\"https:\/\/i0.wp.com\/aquienguanajuato.com\/wp-content\/uploads\/2024\/08\/Museo-iconografico-quijote3-1024x576-1.jpg?resize=800%2C450&amp;ssl=1 800w, https:\/\/i0.wp.com\/aquienguanajuato.com\/wp-content\/uploads\/2024\/08\/Museo-iconografico-quijote3-1024x576-1.jpg?resize=768%2C432&amp;ssl=1 768w, https:\/\/i0.wp.com\/aquienguanajuato.com\/wp-content\/uploads\/2024\/08\/Museo-iconografico-quijote3-1024x576-1.jpg?resize=444%2C250&amp;ssl=1 444w, https:\/\/i0.wp.com\/aquienguanajuato.com\/wp-content\/uploads\/2024\/08\/Museo-iconografico-quijote3-1024x576-1.jpg?w=1024&amp;ssl=1 1024w\" sizes=\"(max-width: 800px) 100vw, 800px\" data-recalc-dims=\"1\" \/><\/p>\n<p><span data-contrast=\"none\">El Museo Iconogr\u00e1fico del Quijote (MIQ) celebrar\u00e1 las Jornadas Cervantinas en su tercera edici\u00f3n, enfocadas en ilustrar la herencia del mundo \u00e1rabe en la m\u00e1xima obra de Miguel de Cervantes Saavedra: \u201cDon Quijote de la Mancha\u201d<\/span> <span data-contrast=\"none\">mediante todo un d\u00eda de intensa actividad cultural que incluye conciertos, conferencias y actividades literarias a las cuales intitul\u00f3 <\/span><i><span data-contrast=\"none\">La herencia del mundo \u00e1rabe en El Quijote.<\/span><\/i><\/p>\n<p><span data-contrast=\"none\">Su objetivo es mostrar como el arte, la literatura y su lectura son un espacio de encuentro cultural y de redenci\u00f3n de historias sobre \u00e9xodo y exilio entre pa\u00edses. Un medio transformador para la paz y la uni\u00f3n de naciones.<\/span><\/p>\n<p><span data-contrast=\"none\">As\u00ed, el jueves 29 de agosto el MIQ celebra la tercera edici\u00f3n de las Jornadas Cervantinas del 2024; mismas con las cuales concluye las del presente a\u00f1o siendo un proyecto que cont\u00f3 con dos ediciones previas bajo el tema \u201cEl libro, la lectura y la literatura como refugio y salvaci\u00f3n\u201d. Dichas actividades, fueron realizadas en colaboraci\u00f3n con el Espacio Cultural <\/span><i><span data-contrast=\"none\">San L\u00e1zaro<\/span><\/i><span data-contrast=\"none\"> de la C\u00e1mara de Diputados del Congreso de la Uni\u00f3n y con el Centro Cultural <\/span><i><span data-contrast=\"none\">Santa Fe<\/span><\/i><span data-contrast=\"none\"> del Congreso del Estado de Guanajuato.<\/span><\/p>\n<p><img decoding=\"async\" class=\"alignnone size-medium wp-image-2970\" src=\"https:\/\/i0.wp.com\/aquienguanajuato.com\/wp-content\/uploads\/2024\/08\/conferencias-1024x768-1.jpg?resize=800%2C600&#038;ssl=1\" alt=\"\" width=\"800\" height=\"600\" srcset=\"https:\/\/i0.wp.com\/aquienguanajuato.com\/wp-content\/uploads\/2024\/08\/conferencias-1024x768-1.jpg?resize=800%2C600&amp;ssl=1 800w, https:\/\/i0.wp.com\/aquienguanajuato.com\/wp-content\/uploads\/2024\/08\/conferencias-1024x768-1.jpg?resize=768%2C576&amp;ssl=1 768w, https:\/\/i0.wp.com\/aquienguanajuato.com\/wp-content\/uploads\/2024\/08\/conferencias-1024x768-1.jpg?resize=333%2C250&amp;ssl=1 333w, https:\/\/i0.wp.com\/aquienguanajuato.com\/wp-content\/uploads\/2024\/08\/conferencias-1024x768-1.jpg?w=1024&amp;ssl=1 1024w\" sizes=\"(max-width: 800px) 100vw, 800px\" data-recalc-dims=\"1\" \/><\/p>\n<p><span data-contrast=\"none\">Las actividades de la presenten edici\u00f3n, dar\u00e1n comienzo\u00a0en punto de las 12:00 horas con la conferencia magistral \u2018De La Mancha a Tetu\u00e1n: <\/span><i><span data-contrast=\"none\">los moros, moriscos y \u00e1rabes del Quijote<\/span><\/i><span data-contrast=\"none\">\u2019 a cargo de Shadi Rohana, acad\u00e9mico del Colegio de M\u00e9xico.<\/span><\/p>\n<p><span data-contrast=\"none\">A las 13:30 horas se inaugurar\u00e1 la exposici\u00f3n \u2018Moros, moriscos, cautivos y renegados en el Quijote\u2019&#8217;; ello con el acervo art\u00edstico y bibliogr\u00e1fico del MIQ as\u00ed como del Centro de Estudios Cervantinos \u2013respectivamente-, de manera que su exhibici\u00f3n permanecer\u00e1 disponible para el\u00a0p\u00fablico hasta el 3 de noviembre pr\u00f3ximo.<\/span><\/p>\n<p><img decoding=\"async\" class=\"alignnone size-medium wp-image-2973\" src=\"https:\/\/i0.wp.com\/aquienguanajuato.com\/wp-content\/uploads\/2024\/08\/La-brillante-Juana-Ines-961x1024-1.png?resize=751%2C800&#038;ssl=1\" alt=\"\" width=\"751\" height=\"800\" srcset=\"https:\/\/i0.wp.com\/aquienguanajuato.com\/wp-content\/uploads\/2024\/08\/La-brillante-Juana-Ines-961x1024-1.png?resize=751%2C800&amp;ssl=1 751w, https:\/\/i0.wp.com\/aquienguanajuato.com\/wp-content\/uploads\/2024\/08\/La-brillante-Juana-Ines-961x1024-1.png?resize=768%2C818&amp;ssl=1 768w, https:\/\/i0.wp.com\/aquienguanajuato.com\/wp-content\/uploads\/2024\/08\/La-brillante-Juana-Ines-961x1024-1.png?resize=235%2C250&amp;ssl=1 235w, https:\/\/i0.wp.com\/aquienguanajuato.com\/wp-content\/uploads\/2024\/08\/La-brillante-Juana-Ines-961x1024-1.png?w=961&amp;ssl=1 961w\" sizes=\"(max-width: 751px) 100vw, 751px\" data-recalc-dims=\"1\" \/><\/p>\n<p><span data-contrast=\"none\">A las 17:000 horas \u201cLa brillante Juana In\u00e9s\u201d que es un libro infantil, ilustrado y triling\u00fce (espa\u00f1ol &#8211; n\u00e1huatl &#8211; ingl\u00e9s) constituye la m\u00e1s reciente novedad editorial del sello MIQ; misma que ser\u00e1 presentada por su autora Luc\u00eda Noriega as\u00ed como Fabi\u00e1n Ruiz, su ilustrador y Alejandro Montes, dise\u00f1ador editorial.<\/span><\/p>\n<p><span data-contrast=\"none\">Para conocer m\u00e1s sobre la vida y la obra de Juana de Asbaje, el MIQ ofrece la funci\u00f3n de cuenta &#8211; t\u00edteres con <\/span><i><span data-contrast=\"none\">Di\u00e1logos en escena<\/span><\/i><span data-contrast=\"none\"> de Sara Zepeda a partir de las 18:30 horas la cual es una actividad ideal para toda la familia; dos actividades indispensables para conocer el legado de Juana In\u00e9s: la d\u00e9cima musa mexicana ejemplo de valent\u00eda, lucidez y resiliencia.<\/span><\/p>\n<p><img loading=\"lazy\" decoding=\"async\" class=\"alignnone size-medium wp-image-2972\" src=\"https:\/\/i0.wp.com\/aquienguanajuato.com\/wp-content\/uploads\/2024\/08\/titeres-1024x681-1.jpg?resize=800%2C532&#038;ssl=1\" alt=\"\" width=\"800\" height=\"532\" srcset=\"https:\/\/i0.wp.com\/aquienguanajuato.com\/wp-content\/uploads\/2024\/08\/titeres-1024x681-1.jpg?resize=800%2C532&amp;ssl=1 800w, https:\/\/i0.wp.com\/aquienguanajuato.com\/wp-content\/uploads\/2024\/08\/titeres-1024x681-1.jpg?resize=768%2C511&amp;ssl=1 768w, https:\/\/i0.wp.com\/aquienguanajuato.com\/wp-content\/uploads\/2024\/08\/titeres-1024x681-1.jpg?resize=376%2C250&amp;ssl=1 376w, https:\/\/i0.wp.com\/aquienguanajuato.com\/wp-content\/uploads\/2024\/08\/titeres-1024x681-1.jpg?w=1024&amp;ssl=1 1024w\" sizes=\"(max-width: 800px) 100vw, 800px\" data-recalc-dims=\"1\" \/><\/p>\n<p><span data-contrast=\"none\">Por la noche\u00a0a las 20:00 horas, la m\u00fasica jud\u00edo &#8211; sefardita har\u00e1 eco en el <\/span><i><span data-contrast=\"none\">Patio de la Esculturas<\/span><\/i><span data-contrast=\"none\"> del MIQ con la participaci\u00f3n de la agrupaci\u00f3n originaria de Guanajuato<\/span><i><span data-contrast=\"none\"> Samadhi Ensamble<\/span><\/i><span data-contrast=\"none\">; su propuesta \u2018El camino de Ziryab\u2019 con poes\u00eda y m\u00fasica tradicional, ofrece una selecci\u00f3n del vasto acervo folkl\u00f3rico forjado por la comunidad jud\u00eda sefard\u00ed.<\/span><\/p>\n<p><span data-contrast=\"none\">Las Jornadas Cervantinas del MIQ tienen el prop\u00f3sito de dar a conocer la relevancia del acervo art\u00edstico del museo, las publicaciones de su sello editorial, la importancia de la obra de Cervantes y de las bellas artes en general; proyecto que forma parte de la colaboraci\u00f3n entre el MIQ, el Espacio Cultural <\/span><i><span data-contrast=\"none\">San L\u00e1zaro<\/span><\/i><span data-contrast=\"none\"> y el Centro Cultural <\/span><i><span data-contrast=\"none\">Santa Fe<\/span><\/i><span data-contrast=\"none\"> para sumar esfuerzos y actividades que promuevan el goce de las letras y de las artes tanto para los habitantes de Guanajuato como los de la Ciudad de M\u00e9xico y los m\u00e1s de 30 mil visitantes de distintas partes del Pa\u00eds y del extranjero que llegan al quijotesco museo cada a\u00f1o.<\/span><\/p>\n<p><span data-contrast=\"none\">El MIQ es una instituci\u00f3n cultural de primer nivel impulsada por el Gobierno del Estado de Guanajuato y la Fundaci\u00f3n Cervantina de M\u00e9xico -asociaci\u00f3n civil-, reconocida por tener la mayor colecci\u00f3n de arte\u00a0a la vez de la m\u00e1s invaluable inspirada en <\/span><i><span data-contrast=\"none\">Don Quijote de la Mancha<\/span><\/i><span data-contrast=\"none\"> en el mundo; debido esto a sus cerca de mil piezas que suma su acervo, as\u00ed como por organizar 31 ediciones del Coloquio Cervantino Internacional.<\/span><\/p>\n<p><img loading=\"lazy\" decoding=\"async\" class=\"alignnone size-medium wp-image-2974\" src=\"https:\/\/i0.wp.com\/aquienguanajuato.com\/wp-content\/uploads\/2024\/08\/concierto-samadhi-ok-3-1024x682-1.jpg?resize=800%2C533&#038;ssl=1\" alt=\"\" width=\"800\" height=\"533\" srcset=\"https:\/\/i0.wp.com\/aquienguanajuato.com\/wp-content\/uploads\/2024\/08\/concierto-samadhi-ok-3-1024x682-1.jpg?resize=800%2C533&amp;ssl=1 800w, https:\/\/i0.wp.com\/aquienguanajuato.com\/wp-content\/uploads\/2024\/08\/concierto-samadhi-ok-3-1024x682-1.jpg?resize=768%2C512&amp;ssl=1 768w, https:\/\/i0.wp.com\/aquienguanajuato.com\/wp-content\/uploads\/2024\/08\/concierto-samadhi-ok-3-1024x682-1.jpg?resize=375%2C250&amp;ssl=1 375w, https:\/\/i0.wp.com\/aquienguanajuato.com\/wp-content\/uploads\/2024\/08\/concierto-samadhi-ok-3-1024x682-1.jpg?w=1024&amp;ssl=1 1024w\" sizes=\"(max-width: 800px) 100vw, 800px\" data-recalc-dims=\"1\" \/><\/p>\n<p><span data-contrast=\"none\">Cuenta con la Biblioteca Cervantina <\/span><i><span data-contrast=\"none\">Eulalio Ferrer<\/span><\/i><span data-contrast=\"none\">, con m\u00e1s de dos mil vol\u00famenes de la obra e inspiraci\u00f3n de Miguel de Cervantes Saavedra traducidos en 20 idiomas; el <\/span><i><span data-contrast=\"none\">Paseo de las Esculturas<\/span><\/i><span data-contrast=\"none\">, una exhibici\u00f3n de arte que visten el centro hist\u00f3rico de la ciudad de Guanajuato; <\/span><i><span data-contrast=\"none\">La Manchita<\/span><\/i><span data-contrast=\"none\">, centro cultural infantil; el sello Ediciones MIQ con m\u00e1s de <\/span><span data-contrast=\"none\">40 libros publicados para todas las edades, varios de ellos traducidos a lenguas ind\u00edgenas; adem\u00e1s de su propia agrupaci\u00f3n de m\u00fasica de c\u00e1mara que es la <\/span><i><span data-contrast=\"none\">Sinfonietta MIQ,<\/span><\/i><span data-contrast=\"none\"> bajo la direcci\u00f3n art\u00edstica de Juan Trigos.<\/span><\/p>\n","protected":false},"excerpt":{"rendered":"<p> &hellip;<\/p>\n","protected":false},"author":8,"featured_media":2969,"comment_status":"open","ping_status":"open","sticky":false,"template":"","format":"standard","meta":{"_jetpack_memberships_contains_paid_content":false,"footnotes":""},"categories":[26],"tags":[],"class_list":["post-2968","post","type-post","status-publish","format-standard","has-post-thumbnail","hentry","category-cultura"],"jetpack_sharing_enabled":true,"jetpack_featured_media_url":"https:\/\/i0.wp.com\/aquienguanajuato.com\/wp-content\/uploads\/2024\/08\/poster_JORNADAS-CERVANTINAS-MIQ-663x1024-1.jpg?fit=663%2C1024&ssl=1","jetpack-related-posts":[],"_links":{"self":[{"href":"https:\/\/aquienguanajuato.com\/index.php?rest_route=\/wp\/v2\/posts\/2968","targetHints":{"allow":["GET"]}}],"collection":[{"href":"https:\/\/aquienguanajuato.com\/index.php?rest_route=\/wp\/v2\/posts"}],"about":[{"href":"https:\/\/aquienguanajuato.com\/index.php?rest_route=\/wp\/v2\/types\/post"}],"author":[{"embeddable":true,"href":"https:\/\/aquienguanajuato.com\/index.php?rest_route=\/wp\/v2\/users\/8"}],"replies":[{"embeddable":true,"href":"https:\/\/aquienguanajuato.com\/index.php?rest_route=%2Fwp%2Fv2%2Fcomments&post=2968"}],"version-history":[{"count":1,"href":"https:\/\/aquienguanajuato.com\/index.php?rest_route=\/wp\/v2\/posts\/2968\/revisions"}],"predecessor-version":[{"id":2976,"href":"https:\/\/aquienguanajuato.com\/index.php?rest_route=\/wp\/v2\/posts\/2968\/revisions\/2976"}],"wp:featuredmedia":[{"embeddable":true,"href":"https:\/\/aquienguanajuato.com\/index.php?rest_route=\/wp\/v2\/media\/2969"}],"wp:attachment":[{"href":"https:\/\/aquienguanajuato.com\/index.php?rest_route=%2Fwp%2Fv2%2Fmedia&parent=2968"}],"wp:term":[{"taxonomy":"category","embeddable":true,"href":"https:\/\/aquienguanajuato.com\/index.php?rest_route=%2Fwp%2Fv2%2Fcategories&post=2968"},{"taxonomy":"post_tag","embeddable":true,"href":"https:\/\/aquienguanajuato.com\/index.php?rest_route=%2Fwp%2Fv2%2Ftags&post=2968"}],"curies":[{"name":"wp","href":"https:\/\/api.w.org\/{rel}","templated":true}]}}