{"id":2959,"date":"2024-08-27T13:48:52","date_gmt":"2024-08-27T19:48:52","guid":{"rendered":"https:\/\/aquienguanajuato.com\/?p=2959"},"modified":"2024-08-27T13:48:52","modified_gmt":"2024-08-27T19:48:52","slug":"recibe-cine-club-ug-43-foro-internacional-de-la-cineteca-nacional","status":"publish","type":"post","link":"https:\/\/aquienguanajuato.com\/?p=2959","title":{"rendered":"Recibe Cine Club UG 43 Foro Internacional de la Cineteca Nacional\u00a0"},"content":{"rendered":"<p><span data-contrast=\"none\">El Cine Club de la Universidad de Guanajuato (UG),\u00a0recibe del 26 de agosto al 4 de septiembre del presente a\u00f1o el 43 Foro Internacional de la Cineteca Nacional; proyecciones que se realizan en el Auditorio <\/span><i><span data-contrast=\"none\">Euquerio Guerrero<\/span><\/i><span data-contrast=\"none\"> al cual se accede por la puerta del antiguo patio del hospicio jesuita ubicada\u00a0entre el Edificio Central UG y el Templo de la Compa\u00f1\u00eda que se encuentran en el centro hist\u00f3rico de la ciudad de Guanajuato; de modo que ser\u00e1n nueve largometrajes a presentarse uno cada d\u00eda en dos funciones por pel\u00edcula, excepto el \u00a0s\u00e1bado 31 de agosto que no habr\u00e1 exhibiciones.<\/span><\/p>\n<p><span data-contrast=\"none\">Tal Foro\u00a0se lleva a cabo como parte de la colaboraci\u00f3n que tiene la Cineteca Nacional desde el a\u00f1o 2019 con el Cine Club de la m\u00e1xima casa de estudios de nuestra Entidad,\u00a0mismo que se ha consolidado como uno de los acontecimientos cinematogr\u00e1ficos m\u00e1s relevantes de M\u00e9xico y de Latinoam\u00e9rica; esto para posicionarse como un referente de la industria del cine y con ello propiciar un punto de encuentro para la comunidad f\u00edlmica, en el que persista un intercambio de ideas y experiencias en torno al llamado s\u00e9ptimo arte.<\/span><\/p>\n<p><span data-contrast=\"none\">De esta manera las y los creadores de los largometrajes que lo conforman, han podido tener un lugar para\u00a0sus propuestas m\u00e1s radicales y vanguardistas; f\u00f3rmulas poco convencionales a las que apelan las realizaciones que a\u00f1o con a\u00f1o integran la programaci\u00f3n de este ciclo cinematogr\u00e1fico, las cuales posicionan al citado Foro como uno de los espacios m\u00e1s significativos para filmes independientes de la industria nacional e internacional.<\/span><\/p>\n<p><img fetchpriority=\"high\" decoding=\"async\" class=\"alignnone size-medium wp-image-2962\" src=\"https:\/\/i0.wp.com\/aquienguanajuato.com\/wp-content\/uploads\/2024\/08\/Maria-Monserrat-Alejandri-Oyanguren.jpg?resize=800%2C533&#038;ssl=1\" alt=\"\" width=\"800\" height=\"533\" srcset=\"https:\/\/i0.wp.com\/aquienguanajuato.com\/wp-content\/uploads\/2024\/08\/Maria-Monserrat-Alejandri-Oyanguren-scaled.jpg?resize=800%2C533&amp;ssl=1 800w, https:\/\/i0.wp.com\/aquienguanajuato.com\/wp-content\/uploads\/2024\/08\/Maria-Monserrat-Alejandri-Oyanguren-scaled.jpg?resize=1024%2C683&amp;ssl=1 1024w, https:\/\/i0.wp.com\/aquienguanajuato.com\/wp-content\/uploads\/2024\/08\/Maria-Monserrat-Alejandri-Oyanguren-scaled.jpg?resize=768%2C512&amp;ssl=1 768w, https:\/\/i0.wp.com\/aquienguanajuato.com\/wp-content\/uploads\/2024\/08\/Maria-Monserrat-Alejandri-Oyanguren-scaled.jpg?resize=1536%2C1024&amp;ssl=1 1536w, https:\/\/i0.wp.com\/aquienguanajuato.com\/wp-content\/uploads\/2024\/08\/Maria-Monserrat-Alejandri-Oyanguren-scaled.jpg?resize=2048%2C1365&amp;ssl=1 2048w, https:\/\/i0.wp.com\/aquienguanajuato.com\/wp-content\/uploads\/2024\/08\/Maria-Monserrat-Alejandri-Oyanguren-scaled.jpg?resize=375%2C250&amp;ssl=1 375w, https:\/\/i0.wp.com\/aquienguanajuato.com\/wp-content\/uploads\/2024\/08\/Maria-Monserrat-Alejandri-Oyanguren-scaled.jpg?w=2530&amp;ssl=1 2530w\" sizes=\"(max-width: 800px) 100vw, 800px\" data-recalc-dims=\"1\" \/><\/p>\n<p><span data-contrast=\"none\">La coordinadora del Cine Club UG Mar\u00eda Monserrat Alejandri Oyanguren, coment\u00f3 en su momento que en esta edici\u00f3n 43 el p\u00fablico se podr\u00e1 deleitar del arte cinematogr\u00e1fico internacional y nacional; ello con producciones provenientes de pa\u00edses como Uruguay, Colombia, Argentina, Francia, M\u00e9xico, Alemania y Brasil tanto de forma particular o en coproducciones.<\/span><\/p>\n<p><span data-contrast=\"none\">Entre las obras mencion\u00f3 que se encuentra \u201cAgua caliente\u201d, \u00f3pera prima de Diego Hern\u00e1ndez con la cual dio comienzo el ciclo; historia en la que\u00a0en s\u00ed se da valor al trabajo dom\u00e9stico, a trav\u00e9s de una relaci\u00f3n entre una madre y su hijo. De \u201cEureka\u201d del director Lisandro Alonso, dijo:\u00a0\u201cEsta es una pel\u00edcula arriesgada entre un mosaico polic\u00edaco y termina como una odisea, donde el realizador nos lleva sobre un viaje espiritual\u00a0muy interesante\u201d consider\u00f3.<\/span><\/p>\n<p><span data-ccp-props=\"{&quot;134233117&quot;:true,&quot;134233118&quot;:true,&quot;201341983&quot;:0,&quot;335551550&quot;:6,&quot;335551620&quot;:6,&quot;335559739&quot;:0,&quot;335559740&quot;:276}\"> <img decoding=\"async\" class=\"alignnone size-full wp-image-2965\" src=\"https:\/\/i0.wp.com\/aquienguanajuato.com\/wp-content\/uploads\/2024\/08\/retratosfantasmas.jpg?resize=600%2C600&#038;ssl=1\" alt=\"\" width=\"600\" height=\"600\" srcset=\"https:\/\/i0.wp.com\/aquienguanajuato.com\/wp-content\/uploads\/2024\/08\/retratosfantasmas.jpg?w=600&amp;ssl=1 600w, https:\/\/i0.wp.com\/aquienguanajuato.com\/wp-content\/uploads\/2024\/08\/retratosfantasmas.jpg?resize=400%2C400&amp;ssl=1 400w, https:\/\/i0.wp.com\/aquienguanajuato.com\/wp-content\/uploads\/2024\/08\/retratosfantasmas.jpg?resize=250%2C250&amp;ssl=1 250w\" sizes=\"(max-width: 600px) 100vw, 600px\" data-recalc-dims=\"1\" \/><\/span><\/p>\n<p><span data-contrast=\"none\">Asimismo, en la actual edici\u00f3n del Foro tambi\u00e9n se podr\u00e1n encontrar t\u00edtulos novedosos como lo son: \u201cRetratos Fantasmas\u201d, de Kleber Mendon\u00e7a Filho; \u201cYo vi tres luces negras\u201d, de Santiago Lozano \u00c1lvarez e \u201cIda Vitae\u201d de Mar\u00eda Arrillaje -entre otros-.<\/span><\/p>\n<p><span data-contrast=\"none\">Es de hacer menci\u00f3n que particularmente, es recomendable que cada espectador acuda a observar el trabajo f\u00edlmico que se aprecia en el Foro Internacional de la Cineteca Nacional con mente abierta a lo que ver\u00e1 en pantalla; lo anterior dado que probablemente estas realizaciones no cumplan con las expectativas de ver cine espectacular o de gran presupuesto al que tiene acostumbrado al p\u00fablico la cinematograf\u00eda comercial, sino m\u00e1s bien son proyecciones reflexivas acerca de la forma de ver el mundo y su realidad por parte de los guionistas as\u00ed como de sus directores.<\/span><\/p>\n<p><span data-ccp-props=\"{&quot;134233117&quot;:true,&quot;134233118&quot;:true,&quot;201341983&quot;:0,&quot;335551550&quot;:6,&quot;335551620&quot;:6,&quot;335559731&quot;:708,&quot;335559739&quot;:0,&quot;335559740&quot;:276}\"><img decoding=\"async\" class=\"alignnone size-full wp-image-2964\" src=\"https:\/\/i0.wp.com\/aquienguanajuato.com\/wp-content\/uploads\/2024\/08\/eureka.jpg?resize=600%2C600&#038;ssl=1\" alt=\"\" width=\"600\" height=\"600\" srcset=\"https:\/\/i0.wp.com\/aquienguanajuato.com\/wp-content\/uploads\/2024\/08\/eureka.jpg?w=600&amp;ssl=1 600w, https:\/\/i0.wp.com\/aquienguanajuato.com\/wp-content\/uploads\/2024\/08\/eureka.jpg?resize=400%2C400&amp;ssl=1 400w, https:\/\/i0.wp.com\/aquienguanajuato.com\/wp-content\/uploads\/2024\/08\/eureka.jpg?resize=250%2C250&amp;ssl=1 250w\" sizes=\"(max-width: 600px) 100vw, 600px\" data-recalc-dims=\"1\" \/><\/span><\/p>\n<p><span data-contrast=\"none\">A\u00a0excepci\u00f3n de la pel\u00edcula \u201cEureka\u201d que se proyectar\u00e1 a las 5 pm y 8 pm del martes 27 de agosto, la selecci\u00f3n cinematogr\u00e1fica en menci\u00f3n se presentar\u00e1 con dos funciones diarias en un horario de 18:00 y 20:00 horas, en la \u00edntima sede del cineclubismo universitario local de la calle Lascur\u00e1in de Retana en Guanajuato capital.<\/span><\/p>\n<p><span data-contrast=\"none\">La admisi\u00f3n a cada pel\u00edcula es de $ 40.00 general y de $ 20.00 para comunidad universitaria y\u00a0gente del Instituto Nacional de las Personas\u00a0Adultos Mayores\u00a0a la vez que se tiene\u00a0la oportunidad de adquirir un bono por siete funciones a $ 200.00 y $ 100.00 respectivamente, mismos que se pueden adquirir tanto en taquilla del Cine Club UG antes de cada pel\u00edcula o en el Mes\u00f3n de San Antonio que se localiza en la guanajuate\u00f1a calle de Alonso de lunes a viernes antes de las 3:00 pm.<\/span><\/p>\n<p><span data-contrast=\"none\">Finalmente, para m\u00e1s informaci\u00f3n se recomienda a los cin\u00e9filos o cualquier persona interesada consultar la cartelera completa con toda la\u00a0programaci\u00f3n del actual Foro en el sitio web <\/span><a href=\"http:\/\/www.cultura.ugto.mx\/\"><span data-contrast=\"none\">www.cultura.ugto.mx<\/span><\/a><span data-contrast=\"auto\"> de la Direcci\u00f3n de Extensi\u00f3n Cultural de la UG.<\/span><\/p>\n<p><img loading=\"lazy\" decoding=\"async\" class=\"alignnone size-medium wp-image-2960\" src=\"https:\/\/i0.wp.com\/aquienguanajuato.com\/wp-content\/uploads\/2024\/08\/Regresa-el-arte-de-la-Cineteca-Nacional-a-Cine-Club-UG-1.jpg?resize=800%2C533&#038;ssl=1\" alt=\"\" width=\"800\" height=\"533\" srcset=\"https:\/\/i0.wp.com\/aquienguanajuato.com\/wp-content\/uploads\/2024\/08\/Regresa-el-arte-de-la-Cineteca-Nacional-a-Cine-Club-UG-1-scaled.jpg?resize=800%2C533&amp;ssl=1 800w, https:\/\/i0.wp.com\/aquienguanajuato.com\/wp-content\/uploads\/2024\/08\/Regresa-el-arte-de-la-Cineteca-Nacional-a-Cine-Club-UG-1-scaled.jpg?resize=1024%2C683&amp;ssl=1 1024w, https:\/\/i0.wp.com\/aquienguanajuato.com\/wp-content\/uploads\/2024\/08\/Regresa-el-arte-de-la-Cineteca-Nacional-a-Cine-Club-UG-1-scaled.jpg?resize=768%2C512&amp;ssl=1 768w, https:\/\/i0.wp.com\/aquienguanajuato.com\/wp-content\/uploads\/2024\/08\/Regresa-el-arte-de-la-Cineteca-Nacional-a-Cine-Club-UG-1-scaled.jpg?resize=1536%2C1024&amp;ssl=1 1536w, https:\/\/i0.wp.com\/aquienguanajuato.com\/wp-content\/uploads\/2024\/08\/Regresa-el-arte-de-la-Cineteca-Nacional-a-Cine-Club-UG-1-scaled.jpg?resize=2048%2C1365&amp;ssl=1 2048w, https:\/\/i0.wp.com\/aquienguanajuato.com\/wp-content\/uploads\/2024\/08\/Regresa-el-arte-de-la-Cineteca-Nacional-a-Cine-Club-UG-1-scaled.jpg?resize=375%2C250&amp;ssl=1 375w, https:\/\/i0.wp.com\/aquienguanajuato.com\/wp-content\/uploads\/2024\/08\/Regresa-el-arte-de-la-Cineteca-Nacional-a-Cine-Club-UG-1-scaled.jpg?w=2530&amp;ssl=1 2530w\" sizes=\"(max-width: 800px) 100vw, 800px\" data-recalc-dims=\"1\" \/><\/p>\n","protected":false},"excerpt":{"rendered":"<p> &hellip;<\/p>\n","protected":false},"author":7,"featured_media":2966,"comment_status":"open","ping_status":"open","sticky":false,"template":"","format":"standard","meta":{"_jetpack_memberships_contains_paid_content":false,"footnotes":""},"categories":[84],"tags":[],"class_list":["post-2959","post","type-post","status-publish","format-standard","has-post-thumbnail","hentry","category-cine"],"jetpack_sharing_enabled":true,"jetpack_featured_media_url":"https:\/\/i0.wp.com\/aquienguanajuato.com\/wp-content\/uploads\/2024\/08\/Coordinadora-del-Cine-Club-Monserrat-Alejandri-2-1-scaled.jpg?fit=2560%2C1706&ssl=1","jetpack-related-posts":[],"_links":{"self":[{"href":"https:\/\/aquienguanajuato.com\/index.php?rest_route=\/wp\/v2\/posts\/2959","targetHints":{"allow":["GET"]}}],"collection":[{"href":"https:\/\/aquienguanajuato.com\/index.php?rest_route=\/wp\/v2\/posts"}],"about":[{"href":"https:\/\/aquienguanajuato.com\/index.php?rest_route=\/wp\/v2\/types\/post"}],"author":[{"embeddable":true,"href":"https:\/\/aquienguanajuato.com\/index.php?rest_route=\/wp\/v2\/users\/7"}],"replies":[{"embeddable":true,"href":"https:\/\/aquienguanajuato.com\/index.php?rest_route=%2Fwp%2Fv2%2Fcomments&post=2959"}],"version-history":[{"count":1,"href":"https:\/\/aquienguanajuato.com\/index.php?rest_route=\/wp\/v2\/posts\/2959\/revisions"}],"predecessor-version":[{"id":2967,"href":"https:\/\/aquienguanajuato.com\/index.php?rest_route=\/wp\/v2\/posts\/2959\/revisions\/2967"}],"wp:featuredmedia":[{"embeddable":true,"href":"https:\/\/aquienguanajuato.com\/index.php?rest_route=\/wp\/v2\/media\/2966"}],"wp:attachment":[{"href":"https:\/\/aquienguanajuato.com\/index.php?rest_route=%2Fwp%2Fv2%2Fmedia&parent=2959"}],"wp:term":[{"taxonomy":"category","embeddable":true,"href":"https:\/\/aquienguanajuato.com\/index.php?rest_route=%2Fwp%2Fv2%2Fcategories&post=2959"},{"taxonomy":"post_tag","embeddable":true,"href":"https:\/\/aquienguanajuato.com\/index.php?rest_route=%2Fwp%2Fv2%2Ftags&post=2959"}],"curies":[{"name":"wp","href":"https:\/\/api.w.org\/{rel}","templated":true}]}}