{"id":2948,"date":"2024-08-24T23:45:48","date_gmt":"2024-08-25T05:45:48","guid":{"rendered":"https:\/\/aquienguanajuato.com\/?p=2948"},"modified":"2024-08-29T11:01:32","modified_gmt":"2024-08-29T17:01:32","slug":"anuncian-pasarela-de-indumentaria-charra-mexico-en-la-piel-en-la-alhondiga-el-domingo-15-de-septiembre","status":"publish","type":"post","link":"https:\/\/aquienguanajuato.com\/?p=2948","title":{"rendered":"Anuncian Pasarela de Indumentaria Charra en la Alh\u00f3ndiga para el 15 de septiembre\u00a0"},"content":{"rendered":"<p><img fetchpriority=\"high\" decoding=\"async\" class=\"alignnone size-medium wp-image-2953\" src=\"https:\/\/i0.wp.com\/aquienguanajuato.com\/wp-content\/uploads\/2024\/08\/WhatsApp-Image-2024-08-24-at-23.55.54.jpeg?resize=800%2C602&#038;ssl=1\" alt=\"\" width=\"800\" height=\"602\" srcset=\"https:\/\/i0.wp.com\/aquienguanajuato.com\/wp-content\/uploads\/2024\/08\/WhatsApp-Image-2024-08-24-at-23.55.54.jpeg?resize=800%2C602&amp;ssl=1 800w, https:\/\/i0.wp.com\/aquienguanajuato.com\/wp-content\/uploads\/2024\/08\/WhatsApp-Image-2024-08-24-at-23.55.54.jpeg?resize=1024%2C771&amp;ssl=1 1024w, https:\/\/i0.wp.com\/aquienguanajuato.com\/wp-content\/uploads\/2024\/08\/WhatsApp-Image-2024-08-24-at-23.55.54.jpeg?resize=768%2C578&amp;ssl=1 768w, https:\/\/i0.wp.com\/aquienguanajuato.com\/wp-content\/uploads\/2024\/08\/WhatsApp-Image-2024-08-24-at-23.55.54.jpeg?resize=332%2C250&amp;ssl=1 332w, https:\/\/i0.wp.com\/aquienguanajuato.com\/wp-content\/uploads\/2024\/08\/WhatsApp-Image-2024-08-24-at-23.55.54.jpeg?w=1331&amp;ssl=1 1331w\" sizes=\"(max-width: 800px) 100vw, 800px\" data-recalc-dims=\"1\" \/><\/p>\n<p><span data-contrast=\"auto\">La ma\u00f1ana del pasado 24 de agosto, las jinetes de escaramuza Silvia Betancourt y Sabina Navarro anunciaron la Pasarela de Indumentaria Charra <\/span><span data-contrast=\"auto\"><i>M\u00e9xico en la Piel<\/i><\/span><span data-contrast=\"auto\"> 2024; misma que por segundo a\u00f1o consecutivo se llevar\u00e1 a cabo en el marco de los eventos a realizarse el pr\u00f3ximo 15 de septiembre previos a la ceremonia del Grito de Independencia, que tradicionalmente se da en el exterior de la Alh\u00f3ndiga de Granaditas de Guanajuato capital.<\/span><br \/>\n<span data-contrast=\"auto\">En conferencia de prensa realizada en <\/span><span data-contrast=\"auto\"><i>Bodega 4<\/i><\/span><span data-contrast=\"auto\"> que se ubica en las inmediaciones de Valenciana la cual fue encabezada por el titular de Desarrollo Tur\u00edstico y Econ\u00f3mico del Municipio de Guanajuato Daniel Guti\u00e9rrez, Sabina dijo que con dicha pasarela se busca promover y conservar la indumentaria charra ya que considera que tiene un valor cultural muy grande; en tanto que Silvia invit\u00f3 a las damas charras y a los caballeros charros de los municipios de nuestra Entidad a la vez de Jalisco, Michoac\u00e1n y de todo el Pa\u00eds a sumarse a esta gran muestra de indumentaria charra.<\/span><br \/>\n<span data-contrast=\"auto\">La iniciativa de realizar el evento en menci\u00f3n, surgi\u00f3 luego de que hace unos a\u00f1os en un Congreso Nacional Charro se tuviese una pasarela con prendas y accesorios que se acostumbran usar en el deporte nacional como declar\u00f3 a la charrer\u00eda antes del mediados del siglo pasado el entonces presidente de nuestra Rep\u00fablica Manuel \u00c1vila Camacho; de tal forma se habr\u00e1n de apreciar durante <\/span><span data-contrast=\"auto\"><i>M\u00e9xico en la piel<\/i><\/span><span data-contrast=\"auto\"> trajes, vestidos, sombreros y dem\u00e1s accesorios que se utilizan durante una charreada as\u00ed como en las coreograf\u00edas de las escaramuzas.<\/span><\/p>\n<p><img decoding=\"async\" class=\"alignnone size-medium wp-image-2954\" src=\"https:\/\/i0.wp.com\/aquienguanajuato.com\/wp-content\/uploads\/2024\/08\/WhatsApp-Image-2024-08-24-at-23.53.53.jpeg?resize=800%2C328&#038;ssl=1\" alt=\"\" width=\"800\" height=\"328\" srcset=\"https:\/\/i0.wp.com\/aquienguanajuato.com\/wp-content\/uploads\/2024\/08\/WhatsApp-Image-2024-08-24-at-23.53.53.jpeg?resize=800%2C328&amp;ssl=1 800w, https:\/\/i0.wp.com\/aquienguanajuato.com\/wp-content\/uploads\/2024\/08\/WhatsApp-Image-2024-08-24-at-23.53.53.jpeg?resize=1024%2C419&amp;ssl=1 1024w, https:\/\/i0.wp.com\/aquienguanajuato.com\/wp-content\/uploads\/2024\/08\/WhatsApp-Image-2024-08-24-at-23.53.53.jpeg?resize=768%2C315&amp;ssl=1 768w, https:\/\/i0.wp.com\/aquienguanajuato.com\/wp-content\/uploads\/2024\/08\/WhatsApp-Image-2024-08-24-at-23.53.53.jpeg?resize=1536%2C629&amp;ssl=1 1536w, https:\/\/i0.wp.com\/aquienguanajuato.com\/wp-content\/uploads\/2024\/08\/WhatsApp-Image-2024-08-24-at-23.53.53.jpeg?resize=507%2C208&amp;ssl=1 507w, https:\/\/i0.wp.com\/aquienguanajuato.com\/wp-content\/uploads\/2024\/08\/WhatsApp-Image-2024-08-24-at-23.53.53.jpeg?w=1599&amp;ssl=1 1599w\" sizes=\"(max-width: 800px) 100vw, 800px\" data-recalc-dims=\"1\" \/><br \/>\n<span data-contrast=\"auto\">Con la expectativa de superar las decenas de participantes del 2023, ambas jinetes invitaron a visitar la p\u00e1gina de <\/span><span data-contrast=\"auto\"><i>Facebook<\/i><\/span> <span data-contrast=\"auto\"><i>Damas Charras<\/i><\/span><span data-contrast=\"auto\"> para revisar la convocatoria e inscribirse en la Pasarela de Indumentaria Charra <\/span><span data-contrast=\"auto\"><i>M\u00e9xico en la Piel <\/i><\/span><span data-contrast=\"auto\">del presente a\u00f1o.<\/span><br \/>\n<span data-contrast=\"auto\">Es de anotarse que la joven estudiante universitaria Sabina, hoy forma parte de la escaramuza <\/span><span data-contrast=\"auto\"><i>Alte\u00f1itas de Guadalajara<\/i><\/span><span data-contrast=\"auto\"> luego de comenzar su trayectoria charra en el 2016 como integrante de la escaramuza guanajuatense <\/span><span data-contrast=\"auto\"><i>Amazonas de Cardones;<\/i><\/span><span data-contrast=\"auto\"> mientras que Silvia a la par de ser ingeniera agr\u00f3noma, es una entusiasta promotora de la charrer\u00eda desde hace m\u00e1s de dos d\u00e9cadas.<\/span><br \/>\n<span data-contrast=\"auto\">Finalmente, Sabina apunt\u00f3 que desde 2016 la charrer\u00eda est\u00e1 inscrita en la Lista Representativa del Patrimonio Cultural Inmaterial de la Humanidad y consider\u00f3 que la citada pasarela ser\u00e1 una gran oportunidad para realzar el valor hist\u00f3rico de esta entra\u00f1able tradici\u00f3n mexicana que nos representa en todo el mundo; de tal forma invit\u00f3 a los guanajuatenses y visitantes que se encuentren en nuestra ciudad para las fiestas patrias, aprecien a las 8:00 de la noche del domingo 15 del mes que viene en la Alh\u00f3ndiga el singular evento <\/span><span data-contrast=\"auto\"><i>M\u00e9xico en la Piel<\/i><\/span><span data-contrast=\"auto\">.<\/span><\/p>\n","protected":false},"excerpt":{"rendered":"<p> &hellip;<\/p>\n","protected":false},"author":7,"featured_media":2955,"comment_status":"open","ping_status":"open","sticky":false,"template":"","format":"standard","meta":{"_jetpack_memberships_contains_paid_content":false,"footnotes":""},"categories":[11,182],"tags":[],"class_list":["post-2948","post","type-post","status-publish","format-standard","has-post-thumbnail","hentry","category-eventos","category-guanajuato"],"jetpack_sharing_enabled":true,"jetpack_featured_media_url":"https:\/\/i0.wp.com\/aquienguanajuato.com\/wp-content\/uploads\/2024\/08\/WhatsApp-Image-2024-08-25-at-00.04.35.jpeg?fit=1418%2C1079&ssl=1","jetpack-related-posts":[],"_links":{"self":[{"href":"https:\/\/aquienguanajuato.com\/index.php?rest_route=\/wp\/v2\/posts\/2948","targetHints":{"allow":["GET"]}}],"collection":[{"href":"https:\/\/aquienguanajuato.com\/index.php?rest_route=\/wp\/v2\/posts"}],"about":[{"href":"https:\/\/aquienguanajuato.com\/index.php?rest_route=\/wp\/v2\/types\/post"}],"author":[{"embeddable":true,"href":"https:\/\/aquienguanajuato.com\/index.php?rest_route=\/wp\/v2\/users\/7"}],"replies":[{"embeddable":true,"href":"https:\/\/aquienguanajuato.com\/index.php?rest_route=%2Fwp%2Fv2%2Fcomments&post=2948"}],"version-history":[{"count":6,"href":"https:\/\/aquienguanajuato.com\/index.php?rest_route=\/wp\/v2\/posts\/2948\/revisions"}],"predecessor-version":[{"id":2984,"href":"https:\/\/aquienguanajuato.com\/index.php?rest_route=\/wp\/v2\/posts\/2948\/revisions\/2984"}],"wp:featuredmedia":[{"embeddable":true,"href":"https:\/\/aquienguanajuato.com\/index.php?rest_route=\/wp\/v2\/media\/2955"}],"wp:attachment":[{"href":"https:\/\/aquienguanajuato.com\/index.php?rest_route=%2Fwp%2Fv2%2Fmedia&parent=2948"}],"wp:term":[{"taxonomy":"category","embeddable":true,"href":"https:\/\/aquienguanajuato.com\/index.php?rest_route=%2Fwp%2Fv2%2Fcategories&post=2948"},{"taxonomy":"post_tag","embeddable":true,"href":"https:\/\/aquienguanajuato.com\/index.php?rest_route=%2Fwp%2Fv2%2Ftags&post=2948"}],"curies":[{"name":"wp","href":"https:\/\/api.w.org\/{rel}","templated":true}]}}