{"id":2909,"date":"2024-08-19T22:44:20","date_gmt":"2024-08-20T04:44:20","guid":{"rendered":"https:\/\/aquienguanajuato.com\/?p=2909"},"modified":"2024-08-19T22:49:46","modified_gmt":"2024-08-20T04:49:46","slug":"ovacionan-a-osug-con-de-percepciones-y-fantasia","status":"publish","type":"post","link":"https:\/\/aquienguanajuato.com\/?p=2909","title":{"rendered":"Ovacionan a OSUG con &#8216;De Percepciones y Fantas\u00eda&#8217;\u00a0"},"content":{"rendered":"<p><img fetchpriority=\"high\" decoding=\"async\" class=\"alignnone size-medium wp-image-2915\" src=\"https:\/\/i0.wp.com\/aquienguanajuato.com\/wp-content\/uploads\/2024\/08\/concierto.jpg?resize=800%2C533&#038;ssl=1\" alt=\"\" width=\"800\" height=\"533\" srcset=\"https:\/\/i0.wp.com\/aquienguanajuato.com\/wp-content\/uploads\/2024\/08\/concierto.jpg?resize=800%2C533&amp;ssl=1 800w, https:\/\/i0.wp.com\/aquienguanajuato.com\/wp-content\/uploads\/2024\/08\/concierto.jpg?resize=1024%2C682&amp;ssl=1 1024w, https:\/\/i0.wp.com\/aquienguanajuato.com\/wp-content\/uploads\/2024\/08\/concierto.jpg?resize=768%2C512&amp;ssl=1 768w, https:\/\/i0.wp.com\/aquienguanajuato.com\/wp-content\/uploads\/2024\/08\/concierto.jpg?resize=1536%2C1023&amp;ssl=1 1536w, https:\/\/i0.wp.com\/aquienguanajuato.com\/wp-content\/uploads\/2024\/08\/concierto.jpg?resize=375%2C250&amp;ssl=1 375w, https:\/\/i0.wp.com\/aquienguanajuato.com\/wp-content\/uploads\/2024\/08\/concierto.jpg?w=1600&amp;ssl=1 1600w\" sizes=\"(max-width: 800px) 100vw, 800px\" data-recalc-dims=\"1\" \/><\/p>\n<p><span data-contrast=\"none\">El programa 3 de la segunda parte de su Temporada 2024 de la\u00a0Orquesta Sinf\u00f3nica de la Universidad de Guanajuato (OSUG) titulado <\/span><i><span data-contrast=\"none\">De Percepciones y Fantas\u00eda<\/span><\/i><span data-contrast=\"none\">, fue ovacionado la noche del pasado viernes 16 de agosto por el p\u00fablico que acudi\u00f3 al Teatro Principal de Guanajuato capital\u00a0al concierto dirigido por Jos\u00e9 Luis Castillo Rodr\u00edguez junto a la participaci\u00f3n de la contrabajista surcoreana Mikyung Sung.<\/span><\/p>\n<p><span data-contrast=\"none\">La prestigiada orquesta de la m\u00e1xima casa de estudios en nuestra Entidad, comenz\u00f3 la velada\u00a0con el estreno en Guanajuato de \u201c<\/span><i><span data-contrast=\"none\">Ciel d\u2019hiver\u201d;<\/span><\/i><span data-contrast=\"none\">\u00a0obra de la compositora finlandesa Kaija Saariaho que fue interpretada con una sobria exhibici\u00f3n musical donde predomin\u00f3 el uso del piano\u00a0que toc\u00f3 de gran forma Iv\u00e1n Figueroa, as\u00ed como el vibr\u00e1fono con arcos. El impacto de la pieza y de su autora, radica en la diversidad de instrumentos y su notable herencia en el campo de la m\u00fasica contempor\u00e1nea; otorgado en s\u00ed a la nueva generaci\u00f3n de m\u00fasico(a)s, directore(a)s e investigadore(a)s de dicho rubro respectivamente.<\/span><span data-ccp-props=\"{&quot;134233117&quot;:true,&quot;134233118&quot;:true,&quot;201341983&quot;:0,&quot;335551550&quot;:6,&quot;335551620&quot;:6,&quot;335559731&quot;:708,&quot;335559739&quot;:160,&quot;335559740&quot;:276}\">\u00a0<\/span><\/p>\n<p><span data-ccp-props=\"{&quot;134233117&quot;:true,&quot;134233118&quot;:true,&quot;201341983&quot;:0,&quot;335551550&quot;:6,&quot;335551620&quot;:6,&quot;335559739&quot;:160,&quot;335559740&quot;:276}\"> <img decoding=\"async\" class=\"alignnone size-medium wp-image-2911\" src=\"https:\/\/i0.wp.com\/aquienguanajuato.com\/wp-content\/uploads\/2024\/08\/solista-OSUG.jpg?resize=800%2C533&#038;ssl=1\" alt=\"\" width=\"800\" height=\"533\" srcset=\"https:\/\/i0.wp.com\/aquienguanajuato.com\/wp-content\/uploads\/2024\/08\/solista-OSUG.jpg?resize=800%2C533&amp;ssl=1 800w, https:\/\/i0.wp.com\/aquienguanajuato.com\/wp-content\/uploads\/2024\/08\/solista-OSUG.jpg?resize=1024%2C682&amp;ssl=1 1024w, https:\/\/i0.wp.com\/aquienguanajuato.com\/wp-content\/uploads\/2024\/08\/solista-OSUG.jpg?resize=768%2C512&amp;ssl=1 768w, https:\/\/i0.wp.com\/aquienguanajuato.com\/wp-content\/uploads\/2024\/08\/solista-OSUG.jpg?resize=1536%2C1023&amp;ssl=1 1536w, https:\/\/i0.wp.com\/aquienguanajuato.com\/wp-content\/uploads\/2024\/08\/solista-OSUG.jpg?resize=375%2C250&amp;ssl=1 375w, https:\/\/i0.wp.com\/aquienguanajuato.com\/wp-content\/uploads\/2024\/08\/solista-OSUG.jpg?w=1600&amp;ssl=1 1600w\" sizes=\"(max-width: 800px) 100vw, 800px\" data-recalc-dims=\"1\" \/><\/span><\/p>\n<p><span data-contrast=\"none\">Posteriormente, Mikyung Sung entreg\u00f3 una brillante interpretaci\u00f3n de \u201cLa fantas\u00eda de Carmen\u201d; de manera que durante cerca de veinticinco minutos, la contrabajista surcoreana egresada de la Escuela Colburn de Los \u00c1ngeles (California, Estados Unidos de Am\u00e9rica) hizo vibrar a la audiencia con los cinco movimientos de la obra. De tal forma el segundo segmento del programa ofreci\u00f3 ritmos vertiginosos y un sutil acompa\u00f1amiento de la orquesta, esto para dar paso a la lectura del mensaje que el propio autor Frank Proto, enviara a la hoy profesora de la Universidad de Stanford:<\/span><span data-ccp-props=\"{&quot;134233117&quot;:true,&quot;134233118&quot;:true,&quot;201341983&quot;:0,&quot;335551550&quot;:6,&quot;335551620&quot;:6,&quot;335559731&quot;:708,&quot;335559739&quot;:160,&quot;335559740&quot;:276}\">\u00a0<\/span><\/p>\n<p><span data-ccp-props=\"{&quot;134233117&quot;:true,&quot;134233118&quot;:true,&quot;201341983&quot;:0,&quot;335551550&quot;:6,&quot;335551620&quot;:6,&quot;335559739&quot;:160,&quot;335559740&quot;:276}\">\u00a0<\/span><span data-contrast=\"none\">\u201cBienvenida a M\u00e9xico Mikyung. Me hace muy feliz que vuelvas a tocar \u2018Carmen\u2019, recibe un abrazo y mi cari\u00f1o. Frank Proto\u201d, citaba el mensaje mostrado en una fotograf\u00eda vista en las redes sociales de la artista.<\/span><span data-ccp-props=\"{&quot;134233117&quot;:true,&quot;134233118&quot;:true,&quot;201341983&quot;:0,&quot;335551550&quot;:6,&quot;335551620&quot;:6,&quot;335559731&quot;:708,&quot;335559739&quot;:160,&quot;335559740&quot;:276}\">\u00a0<\/span><\/p>\n<p><span data-ccp-props=\"{&quot;134233117&quot;:true,&quot;134233118&quot;:true,&quot;201341983&quot;:0,&quot;335551550&quot;:6,&quot;335551620&quot;:6,&quot;335559739&quot;:160,&quot;335559740&quot;:276}\">\u00a0<\/span><span data-contrast=\"none\">Posteriormente, quien fuera exitoso director titular de la OSUG entre los a\u00f1os 1997 y 2005, condujo a la agrupaci\u00f3n a una entra\u00f1able ejecuci\u00f3n de la <\/span><i><span data-contrast=\"none\">Sinfon\u00eda no. 2<\/span><\/i><span data-contrast=\"none\"> en re mayor de Jean Sibelius; obra que retrata la idiosincrasia de Finlandia cuya trascendencia la ubica como una pieza indispensable del repertorio sinf\u00f3nico, a decir de la prensa especializada:<\/span><span data-ccp-props=\"{&quot;134233117&quot;:true,&quot;134233118&quot;:true,&quot;201341983&quot;:0,&quot;335551550&quot;:6,&quot;335551620&quot;:6,&quot;335559731&quot;:708,&quot;335559739&quot;:160,&quot;335559740&quot;:276}\">\u00a0<\/span><\/p>\n<p><span data-ccp-props=\"{&quot;134233117&quot;:true,&quot;134233118&quot;:true,&quot;201341983&quot;:0,&quot;335551550&quot;:6,&quot;335551620&quot;:6,&quot;335559739&quot;:160,&quot;335559740&quot;:276}\"> <img decoding=\"async\" class=\"alignnone size-medium wp-image-2914\" src=\"https:\/\/i0.wp.com\/aquienguanajuato.com\/wp-content\/uploads\/2024\/08\/director-invitado.jpg?resize=800%2C533&#038;ssl=1\" alt=\"\" width=\"800\" height=\"533\" srcset=\"https:\/\/i0.wp.com\/aquienguanajuato.com\/wp-content\/uploads\/2024\/08\/director-invitado.jpg?resize=800%2C533&amp;ssl=1 800w, https:\/\/i0.wp.com\/aquienguanajuato.com\/wp-content\/uploads\/2024\/08\/director-invitado.jpg?resize=1024%2C682&amp;ssl=1 1024w, https:\/\/i0.wp.com\/aquienguanajuato.com\/wp-content\/uploads\/2024\/08\/director-invitado.jpg?resize=768%2C512&amp;ssl=1 768w, https:\/\/i0.wp.com\/aquienguanajuato.com\/wp-content\/uploads\/2024\/08\/director-invitado.jpg?resize=1536%2C1023&amp;ssl=1 1536w, https:\/\/i0.wp.com\/aquienguanajuato.com\/wp-content\/uploads\/2024\/08\/director-invitado.jpg?resize=375%2C250&amp;ssl=1 375w, https:\/\/i0.wp.com\/aquienguanajuato.com\/wp-content\/uploads\/2024\/08\/director-invitado.jpg?w=1600&amp;ssl=1 1600w\" sizes=\"(max-width: 800px) 100vw, 800px\" data-recalc-dims=\"1\" \/><\/span><\/p>\n<p><span data-contrast=\"none\">\u201cEsto se trata de un reencuentro con la orquesta y me siento contento y entusiasmado. Puedo decirte que la vida de una orquesta y la vida de los directores finalmente se puede traducir f\u00e1cilmente en la misma relaci\u00f3n que tiene un m\u00fasico y su instrumento. Encontrarte con un int\u00e9rprete o con un instrumento despu\u00e9s de alg\u00fan tiempo siempre es una circunstancia feliz\u201d, manifest\u00f3 Castillo Rodr\u00edguez quien actualmente es director de la Orquesta Filarm\u00f3nica de Jalisco:<\/span><span data-ccp-props=\"{&quot;134233117&quot;:true,&quot;134233118&quot;:true,&quot;201341983&quot;:0,&quot;335551550&quot;:6,&quot;335551620&quot;:6,&quot;335559731&quot;:708,&quot;335559739&quot;:160,&quot;335559740&quot;:276}\">\u00a0<\/span><\/p>\n<p><span data-ccp-props=\"{&quot;134233117&quot;:true,&quot;134233118&quot;:true,&quot;201341983&quot;:0,&quot;335551550&quot;:6,&quot;335551620&quot;:6,&quot;335559739&quot;:160,&quot;335559740&quot;:276}\">\u00a0<\/span><span data-contrast=\"none\">\u201cEs un programa muy bien construido, l\u00f3gicamente habla de dos protagonistas como Kaija y Jean; pero por otra parte, una maravillosa solista nos propone hacer \u201cCarmen\u201d para contrabajo y orquesta. En el caso de Saairaho, tuve la fortuna de trabajar con ella en Paris y es realmente refinada y de un oficio encomiable; de una transparencia y de una finura en la orquestaci\u00f3n, como pocas veces hemos visto en este final del siglo XX y principios del siglo XXI. Ella nos dej\u00f3 el a\u00f1o pasado y me da mucho gusto recordarla al presentar a las y los espectadores esta pieza\u201d, coment\u00f3\u00a0en entrevista Jos\u00e9 Luis Castillo.<\/span><span data-ccp-props=\"{&quot;134233117&quot;:true,&quot;134233118&quot;:true,&quot;201341983&quot;:0,&quot;335551550&quot;:6,&quot;335551620&quot;:6,&quot;335559731&quot;:708,&quot;335559739&quot;:160,&quot;335559740&quot;:276}\">\u00a0<\/span><\/p>\n","protected":false},"excerpt":{"rendered":"<p> &hellip;<\/p>\n","protected":false},"author":8,"featured_media":2912,"comment_status":"open","ping_status":"open","sticky":false,"template":"","format":"standard","meta":{"_jetpack_memberships_contains_paid_content":false,"footnotes":""},"categories":[26],"tags":[],"class_list":["post-2909","post","type-post","status-publish","format-standard","has-post-thumbnail","hentry","category-cultura"],"jetpack_sharing_enabled":true,"jetpack_featured_media_url":"https:\/\/i0.wp.com\/aquienguanajuato.com\/wp-content\/uploads\/2024\/08\/OSUG-2.jpg?fit=1600%2C1066&ssl=1","jetpack-related-posts":[],"_links":{"self":[{"href":"https:\/\/aquienguanajuato.com\/index.php?rest_route=\/wp\/v2\/posts\/2909","targetHints":{"allow":["GET"]}}],"collection":[{"href":"https:\/\/aquienguanajuato.com\/index.php?rest_route=\/wp\/v2\/posts"}],"about":[{"href":"https:\/\/aquienguanajuato.com\/index.php?rest_route=\/wp\/v2\/types\/post"}],"author":[{"embeddable":true,"href":"https:\/\/aquienguanajuato.com\/index.php?rest_route=\/wp\/v2\/users\/8"}],"replies":[{"embeddable":true,"href":"https:\/\/aquienguanajuato.com\/index.php?rest_route=%2Fwp%2Fv2%2Fcomments&post=2909"}],"version-history":[{"count":1,"href":"https:\/\/aquienguanajuato.com\/index.php?rest_route=\/wp\/v2\/posts\/2909\/revisions"}],"predecessor-version":[{"id":2916,"href":"https:\/\/aquienguanajuato.com\/index.php?rest_route=\/wp\/v2\/posts\/2909\/revisions\/2916"}],"wp:featuredmedia":[{"embeddable":true,"href":"https:\/\/aquienguanajuato.com\/index.php?rest_route=\/wp\/v2\/media\/2912"}],"wp:attachment":[{"href":"https:\/\/aquienguanajuato.com\/index.php?rest_route=%2Fwp%2Fv2%2Fmedia&parent=2909"}],"wp:term":[{"taxonomy":"category","embeddable":true,"href":"https:\/\/aquienguanajuato.com\/index.php?rest_route=%2Fwp%2Fv2%2Fcategories&post=2909"},{"taxonomy":"post_tag","embeddable":true,"href":"https:\/\/aquienguanajuato.com\/index.php?rest_route=%2Fwp%2Fv2%2Ftags&post=2909"}],"curies":[{"name":"wp","href":"https:\/\/api.w.org\/{rel}","templated":true}]}}