{"id":2850,"date":"2024-08-08T23:59:24","date_gmt":"2024-08-09T05:59:24","guid":{"rendered":"https:\/\/aquienguanajuato.com\/?p=2850"},"modified":"2024-08-09T09:46:50","modified_gmt":"2024-08-09T15:46:50","slug":"exponen-acuarelas-en-el-congreso-local-estudiantes-de-arquitectura-de-la-ug","status":"publish","type":"post","link":"https:\/\/aquienguanajuato.com\/?p=2850","title":{"rendered":"Exponen acuarelas en el Congreso local estudiantes de arquitectura de la UG\u00a0"},"content":{"rendered":"<p><img fetchpriority=\"high\" decoding=\"async\" class=\"alignnone size-full wp-image-2851\" src=\"https:\/\/i0.wp.com\/aquienguanajuato.com\/wp-content\/uploads\/2024\/08\/pop_0H7A7272.jpg?resize=800%2C533&#038;ssl=1\" alt=\"\" width=\"800\" height=\"533\" srcset=\"https:\/\/i0.wp.com\/aquienguanajuato.com\/wp-content\/uploads\/2024\/08\/pop_0H7A7272.jpg?w=800&amp;ssl=1 800w, https:\/\/i0.wp.com\/aquienguanajuato.com\/wp-content\/uploads\/2024\/08\/pop_0H7A7272.jpg?resize=768%2C512&amp;ssl=1 768w, https:\/\/i0.wp.com\/aquienguanajuato.com\/wp-content\/uploads\/2024\/08\/pop_0H7A7272.jpg?resize=375%2C250&amp;ssl=1 375w\" sizes=\"(max-width: 800px) 100vw, 800px\" data-recalc-dims=\"1\" \/><\/p>\n<p><span data-contrast=\"none\">La ma\u00f1ana del pasado 6 de agosto, se llev\u00f3 a cabo la inauguraci\u00f3n de la Tercera Temporada de Exposiciones del Centro Cultural Santa Fe en el Congreso del Estado de Guanajuato (CEG); muestras entre las que se incluye <\/span><i><span data-contrast=\"none\">Museo Palacio de los Poderes a trav\u00e9s de la acuarela<\/span><\/i><span data-contrast=\"none\">, realizada por estudiantes de la licenciatura de arquitectura en la Universidad de Guanajuato (UG).<\/span><span data-ccp-props=\"{&quot;134233117&quot;:true,&quot;134233118&quot;:true,&quot;201341983&quot;:0,&quot;335551550&quot;:6,&quot;335551620&quot;:6,&quot;335559739&quot;:160,&quot;335559740&quot;:276}\">\u00a0<\/span><\/p>\n<p><span data-ccp-props=\"{&quot;134233117&quot;:true,&quot;134233118&quot;:true,&quot;201341983&quot;:0,&quot;335551550&quot;:6,&quot;335551620&quot;:6,&quot;335559739&quot;:160,&quot;335559740&quot;:276}\">\u00a0<\/span><span data-contrast=\"none\">Asimismo, forman parte de esta serie de exposiciones: <\/span><i><span data-contrast=\"none\">Art &amp;\u202fChildren<\/span><\/i><span data-contrast=\"none\">, de Sylvia Grochowska; <\/span><i><span data-contrast=\"none\">En las tintas del Quijote<\/span><\/i><span data-contrast=\"none\">, por parte del Museo Iconogr\u00e1fico del Quijote (MIQ); \u2018Un ni\u00f1o siglo. <\/span><i><span data-contrast=\"none\">Hermenegildo Bustos\u2019<\/span><\/i><span data-contrast=\"none\"> de Erik Rivera, posibilitada por el guanajuatense Instituto Estatal de la Cultura (IEC); as\u00ed como <\/span><i><span data-contrast=\"none\">Sentidos<\/span><\/i><span data-contrast=\"none\"> de Natasha Yam\u00edn G\u00f3mez, auspiciada por el Instituto Guanajuatense para las Personas con Discapacidad (Ingudis).<\/span><\/p>\n<p><img decoding=\"async\" class=\"alignnone size-medium wp-image-2853\" src=\"https:\/\/i0.wp.com\/aquienguanajuato.com\/wp-content\/uploads\/2024\/08\/IMG_2431-copia.jpg?resize=800%2C422&#038;ssl=1\" alt=\"\" width=\"800\" height=\"422\" srcset=\"https:\/\/i0.wp.com\/aquienguanajuato.com\/wp-content\/uploads\/2024\/08\/IMG_2431-copia-scaled.jpg?resize=800%2C422&amp;ssl=1 800w, https:\/\/i0.wp.com\/aquienguanajuato.com\/wp-content\/uploads\/2024\/08\/IMG_2431-copia-scaled.jpg?resize=1024%2C540&amp;ssl=1 1024w, https:\/\/i0.wp.com\/aquienguanajuato.com\/wp-content\/uploads\/2024\/08\/IMG_2431-copia-scaled.jpg?resize=768%2C405&amp;ssl=1 768w, https:\/\/i0.wp.com\/aquienguanajuato.com\/wp-content\/uploads\/2024\/08\/IMG_2431-copia-scaled.jpg?resize=1536%2C810&amp;ssl=1 1536w, https:\/\/i0.wp.com\/aquienguanajuato.com\/wp-content\/uploads\/2024\/08\/IMG_2431-copia-scaled.jpg?resize=2048%2C1080&amp;ssl=1 2048w, https:\/\/i0.wp.com\/aquienguanajuato.com\/wp-content\/uploads\/2024\/08\/IMG_2431-copia-scaled.jpg?resize=474%2C250&amp;ssl=1 474w, https:\/\/i0.wp.com\/aquienguanajuato.com\/wp-content\/uploads\/2024\/08\/IMG_2431-copia-scaled.jpg?w=2530&amp;ssl=1 2530w\" sizes=\"(max-width: 800px) 100vw, 800px\" data-recalc-dims=\"1\" \/><\/p>\n<p><span data-ccp-props=\"{&quot;134233117&quot;:true,&quot;134233118&quot;:true,&quot;201341983&quot;:0,&quot;335551550&quot;:6,&quot;335551620&quot;:6,&quot;335559731&quot;:708,&quot;335559739&quot;:160,&quot;335559740&quot;:276}\">\u00a0<\/span><i><span data-contrast=\"none\">Museo Palacio de los Poderes a trav\u00e9s de la acuarela<\/span><\/i><span data-contrast=\"none\"> consta de 39 trabajos de la autor\u00eda de estudiantes de la Divisi\u00f3n de Arquitectura, Arte y Dise\u00f1o del Campus Guanajuato de la UG; as\u00ed como de su profesor, V\u00edctor Hugo Aboytes Noria. Dicha\u00a0exposici\u00f3n busca resaltar la importancia arquitect\u00f3nica del Museo Palacio de los Poderes de manera que\u00a0mediante la t\u00e9cnica de acuarela, cada estudiante muestra su perspectiva y resalta diferentes \u00e1ngulos del edificio que fue inaugurado en el a\u00f1o de 1903 el cual fue convertido en museo en el 2017.<\/span><span data-ccp-props=\"{&quot;134233117&quot;:true,&quot;134233118&quot;:true,&quot;201341983&quot;:0,&quot;335551550&quot;:6,&quot;335551620&quot;:6,&quot;335559731&quot;:708,&quot;335559739&quot;:160,&quot;335559740&quot;:276}\">\u00a0<\/span><\/p>\n<p><span data-ccp-props=\"{&quot;134233117&quot;:true,&quot;134233118&quot;:true,&quot;201341983&quot;:0,&quot;335551550&quot;:6,&quot;335551620&quot;:6,&quot;335559731&quot;:708,&quot;335559739&quot;:160,&quot;335559740&quot;:276}\">\u00a0<\/span><span data-contrast=\"none\">En la inauguraci\u00f3n de dicha temporada estuvo presente el profesor\u00a0Aboytes Noria junto a los\u00a0autores y autoras de tales acuarelas; as\u00ed como la rectora general de la UG doctora Claudia Susana G\u00f3mez L\u00f3pez, quien elogi\u00f3 el talento de esta comunidad estudiantil y les felicit\u00f3 por su trabajo.<\/span><\/p>\n<p><img decoding=\"async\" class=\"alignnone size-medium wp-image-2855\" src=\"https:\/\/i0.wp.com\/aquienguanajuato.com\/wp-content\/uploads\/2024\/08\/exposicion-acuarelas-1.jpg?resize=800%2C533&#038;ssl=1\" alt=\"\" width=\"800\" height=\"533\" srcset=\"https:\/\/i0.wp.com\/aquienguanajuato.com\/wp-content\/uploads\/2024\/08\/exposicion-acuarelas-1.jpg?resize=800%2C533&amp;ssl=1 800w, https:\/\/i0.wp.com\/aquienguanajuato.com\/wp-content\/uploads\/2024\/08\/exposicion-acuarelas-1.jpg?resize=1024%2C682&amp;ssl=1 1024w, https:\/\/i0.wp.com\/aquienguanajuato.com\/wp-content\/uploads\/2024\/08\/exposicion-acuarelas-1.jpg?resize=768%2C512&amp;ssl=1 768w, https:\/\/i0.wp.com\/aquienguanajuato.com\/wp-content\/uploads\/2024\/08\/exposicion-acuarelas-1.jpg?resize=1536%2C1023&amp;ssl=1 1536w, https:\/\/i0.wp.com\/aquienguanajuato.com\/wp-content\/uploads\/2024\/08\/exposicion-acuarelas-1.jpg?resize=375%2C250&amp;ssl=1 375w, https:\/\/i0.wp.com\/aquienguanajuato.com\/wp-content\/uploads\/2024\/08\/exposicion-acuarelas-1.jpg?w=1600&amp;ssl=1 1600w\" sizes=\"(max-width: 800px) 100vw, 800px\" data-recalc-dims=\"1\" \/><\/p>\n<p><span data-contrast=\"none\">\u202fDurante <\/span><span data-contrast=\"none\">el acto inaugural, el presidente del Congreso\u00a0local diputado Bricio Balderas \u00c1lvarez, destac\u00f3 que se ha construido un puente con la sociedad a trav\u00e9s del Centro Cultural Santa Fe; asimismo se refiri\u00f3 al lazo de hermandad entre M\u00e9xico y Polonia, Pa\u00eds invitado para la temporada en menci\u00f3n.<\/span><span data-ccp-props=\"{&quot;134233117&quot;:true,&quot;134233118&quot;:true,&quot;201341983&quot;:0,&quot;335551550&quot;:6,&quot;335551620&quot;:6,&quot;335559731&quot;:708,&quot;335559739&quot;:160,&quot;335559740&quot;:276}\">\u00a0<\/span><\/p>\n<p><span data-ccp-props=\"{&quot;134233117&quot;:true,&quot;134233118&quot;:true,&quot;201341983&quot;:0,&quot;335551550&quot;:6,&quot;335551620&quot;:6,&quot;335559739&quot;:160,&quot;335559740&quot;:276}\">\u00a0<\/span><span data-contrast=\"none\">Al respecto el c\u00f3nsul honorario de la Rep\u00fablica de Polonia en Guanajuato, H\u00e9ctor Eduardo Webb Cruces, expres\u00f3 su agradecimiento por el espacio para exhibir<em> A<\/em><\/span><i><span data-contrast=\"none\">rt &amp;\u202fChildren<\/span><\/i><span data-contrast=\"none\"> de la artista polaca Sylvia Grochowska.<\/span><\/p>\n<p><img loading=\"lazy\" decoding=\"async\" class=\"alignnone size-medium wp-image-2857\" src=\"https:\/\/i0.wp.com\/aquienguanajuato.com\/wp-content\/uploads\/2024\/08\/exposicion-Art-and-Children.jpg?resize=800%2C533&#038;ssl=1\" alt=\"\" width=\"800\" height=\"533\" srcset=\"https:\/\/i0.wp.com\/aquienguanajuato.com\/wp-content\/uploads\/2024\/08\/exposicion-Art-and-Children.jpg?resize=800%2C533&amp;ssl=1 800w, https:\/\/i0.wp.com\/aquienguanajuato.com\/wp-content\/uploads\/2024\/08\/exposicion-Art-and-Children.jpg?resize=1024%2C682&amp;ssl=1 1024w, https:\/\/i0.wp.com\/aquienguanajuato.com\/wp-content\/uploads\/2024\/08\/exposicion-Art-and-Children.jpg?resize=768%2C512&amp;ssl=1 768w, https:\/\/i0.wp.com\/aquienguanajuato.com\/wp-content\/uploads\/2024\/08\/exposicion-Art-and-Children.jpg?resize=1536%2C1023&amp;ssl=1 1536w, https:\/\/i0.wp.com\/aquienguanajuato.com\/wp-content\/uploads\/2024\/08\/exposicion-Art-and-Children.jpg?resize=375%2C250&amp;ssl=1 375w, https:\/\/i0.wp.com\/aquienguanajuato.com\/wp-content\/uploads\/2024\/08\/exposicion-Art-and-Children.jpg?w=1600&amp;ssl=1 1600w\" sizes=\"(max-width: 800px) 100vw, 800px\" data-recalc-dims=\"1\" \/><\/p>\n<p><span data-ccp-props=\"{&quot;134233117&quot;:true,&quot;134233118&quot;:true,&quot;201341983&quot;:0,&quot;335551550&quot;:6,&quot;335551620&quot;:6,&quot;335559731&quot;:708,&quot;335559739&quot;:160,&quot;335559740&quot;:276}\">\u00a0<\/span><span data-contrast=\"none\">Tambi\u00e9n estuvieron presentes Natasha Yam\u00edn G\u00f3mez, autora de \u201cSentidos\u201d; la directora general del IEC maestra Adriana Camarena de Obeso; el diputado Luis Ernesto Ayala Torres, presidente de la Junta de Gobierno y Coordinaci\u00f3n Pol\u00edtica de la LXV Legislatura del CEG; Christian Cruz Villegas, secretario Gral. del Congreso guanajuatense; Mar\u00eda Elizabeth Pe\u00f1a, en representaci\u00f3n del director Gral. Del Ingudis y Ernesto S\u00e1nchez M\u00e9ndez, en representaci\u00f3n del Dir. Gral. del MIQ.<\/span><span data-ccp-props=\"{&quot;134233117&quot;:true,&quot;134233118&quot;:true,&quot;201341983&quot;:0,&quot;335551550&quot;:6,&quot;335551620&quot;:6,&quot;335559731&quot;:708,&quot;335559739&quot;:160,&quot;335559740&quot;:276}\">\u00a0<\/span><\/p>\n","protected":false},"excerpt":{"rendered":"<p> &hellip;<\/p>\n","protected":false},"author":8,"featured_media":2856,"comment_status":"open","ping_status":"open","sticky":false,"template":"","format":"standard","meta":{"_jetpack_memberships_contains_paid_content":false,"footnotes":""},"categories":[26],"tags":[],"class_list":["post-2850","post","type-post","status-publish","format-standard","has-post-thumbnail","hentry","category-cultura"],"jetpack_sharing_enabled":true,"jetpack_featured_media_url":"https:\/\/i0.wp.com\/aquienguanajuato.com\/wp-content\/uploads\/2024\/08\/artistas-UG-rectora-general-1.jpg?fit=1600%2C1066&ssl=1","jetpack-related-posts":[],"_links":{"self":[{"href":"https:\/\/aquienguanajuato.com\/index.php?rest_route=\/wp\/v2\/posts\/2850","targetHints":{"allow":["GET"]}}],"collection":[{"href":"https:\/\/aquienguanajuato.com\/index.php?rest_route=\/wp\/v2\/posts"}],"about":[{"href":"https:\/\/aquienguanajuato.com\/index.php?rest_route=\/wp\/v2\/types\/post"}],"author":[{"embeddable":true,"href":"https:\/\/aquienguanajuato.com\/index.php?rest_route=\/wp\/v2\/users\/8"}],"replies":[{"embeddable":true,"href":"https:\/\/aquienguanajuato.com\/index.php?rest_route=%2Fwp%2Fv2%2Fcomments&post=2850"}],"version-history":[{"count":1,"href":"https:\/\/aquienguanajuato.com\/index.php?rest_route=\/wp\/v2\/posts\/2850\/revisions"}],"predecessor-version":[{"id":2858,"href":"https:\/\/aquienguanajuato.com\/index.php?rest_route=\/wp\/v2\/posts\/2850\/revisions\/2858"}],"wp:featuredmedia":[{"embeddable":true,"href":"https:\/\/aquienguanajuato.com\/index.php?rest_route=\/wp\/v2\/media\/2856"}],"wp:attachment":[{"href":"https:\/\/aquienguanajuato.com\/index.php?rest_route=%2Fwp%2Fv2%2Fmedia&parent=2850"}],"wp:term":[{"taxonomy":"category","embeddable":true,"href":"https:\/\/aquienguanajuato.com\/index.php?rest_route=%2Fwp%2Fv2%2Fcategories&post=2850"},{"taxonomy":"post_tag","embeddable":true,"href":"https:\/\/aquienguanajuato.com\/index.php?rest_route=%2Fwp%2Fv2%2Ftags&post=2850"}],"curies":[{"name":"wp","href":"https:\/\/api.w.org\/{rel}","templated":true}]}}