{"id":2673,"date":"2024-05-25T16:02:00","date_gmt":"2024-05-25T22:02:00","guid":{"rendered":"https:\/\/aquienguanajuato.com\/?p=2673"},"modified":"2024-05-28T14:23:40","modified_gmt":"2024-05-28T20:23:40","slug":"triunfa-de-nuevo-pate-de-fua-en-guanajuato-con-concierto-en-el-juarez","status":"publish","type":"post","link":"https:\/\/aquienguanajuato.com\/?p=2673","title":{"rendered":"Triunfa de nuevo Pat\u00e9 de Fu\u00e1 en Guanajuato con concierto en el Ju\u00e1rez"},"content":{"rendered":"<p><span data-contrast=\"auto\">Luego de haberse presentado con gran \u00e9xito en la edici\u00f3n n\u00famero 50 del Festival Internacional Cervantino hace casi un par de a\u00f1os en la Explanada de la Alh\u00f3ndiga, Pat\u00e9 de Fu\u00e1 triunf\u00f3 de nuevo en la ciudad de Guanajuato donde tambi\u00e9n ha estado en el Teatro Cervantes; esto la noche del pasado jueves 23 de mayo en el Teatro Ju\u00e1rez donde por m\u00e1s de dos horas la banda radicada en la Ciudad de M\u00e9xico que a su vez tiene vasta trayectoria internacional, deleit\u00f3 con su peculiar estilo musical a cerca de 600 personas que disfrutaron sobremanera su presentaci\u00f3n.<\/span><span data-ccp-props=\"{&quot;201341983&quot;:0,&quot;335551550&quot;:6,&quot;335551620&quot;:6,&quot;335559739&quot;:200,&quot;335559740&quot;:276}\">\u00a0<\/span><\/p>\n<p><img fetchpriority=\"high\" decoding=\"async\" class=\"alignnone size-medium wp-image-2674\" src=\"https:\/\/i0.wp.com\/aquienguanajuato.com\/wp-content\/uploads\/2024\/05\/Pate-1.jpeg?resize=800%2C533&#038;ssl=1\" alt=\"\" width=\"800\" height=\"533\" srcset=\"https:\/\/i0.wp.com\/aquienguanajuato.com\/wp-content\/uploads\/2024\/05\/Pate-1.jpeg?resize=800%2C533&amp;ssl=1 800w, https:\/\/i0.wp.com\/aquienguanajuato.com\/wp-content\/uploads\/2024\/05\/Pate-1.jpeg?resize=1024%2C683&amp;ssl=1 1024w, https:\/\/i0.wp.com\/aquienguanajuato.com\/wp-content\/uploads\/2024\/05\/Pate-1.jpeg?resize=768%2C512&amp;ssl=1 768w, https:\/\/i0.wp.com\/aquienguanajuato.com\/wp-content\/uploads\/2024\/05\/Pate-1.jpeg?resize=375%2C250&amp;ssl=1 375w, https:\/\/i0.wp.com\/aquienguanajuato.com\/wp-content\/uploads\/2024\/05\/Pate-1.jpeg?w=1080&amp;ssl=1 1080w\" sizes=\"(max-width: 800px) 100vw, 800px\" data-recalc-dims=\"1\" \/><\/p>\n<p><span data-contrast=\"auto\">Desde el comienzo de su concierto en el que cantaron el tema \u201cAdoro\u201d del autor yucateco Armando Manzanero con un arreglo musical propio de los <\/span><i><span data-contrast=\"auto\">Pat\u00e9s<\/span><\/i><span data-contrast=\"auto\">, el respetable <\/span><i><span data-contrast=\"auto\">conect\u00f3<\/span><\/i><span data-contrast=\"auto\"> enseguida coreando la canci\u00f3n; en tanto que la presentaci\u00f3n fluy\u00f3 con composiciones del inmortal veracruzano Agust\u00edn Lara, el michoacano \u2013 chihuahuense Juan Gabriel hasta una \u2018rola\u2019 algo reciente de Horacio Palencia como lo es \u201cH\u00e1blame de ti\u201d que popularizara en el g\u00e9nero conocido como \u2018regional mexicano\u2019 la muy popular Banda <\/span><i><span data-contrast=\"auto\">MS<\/span><\/i><span data-contrast=\"auto\">.<\/span><span data-ccp-props=\"{&quot;201341983&quot;:0,&quot;335551550&quot;:6,&quot;335551620&quot;:6,&quot;335559739&quot;:200,&quot;335559740&quot;:276}\">\u00a0<\/span><\/p>\n<p><span data-contrast=\"auto\">Si bien fueron gratamente recibidas todas las canciones interpretadas que no compusieron los integrantes de Pat\u00e9 de Fu\u00e1 la velada en menci\u00f3n, por supuesto que las de ellos fueron las m\u00e1s esperadas de la noche; incluso obsequiaron al p\u00fablico el estreno de \u201cPrincesa China\u201d, contemplada para su producci\u00f3n discogr\u00e1fica que habr\u00e1n de presentar pr\u00f3ximamente.<\/span><span data-ccp-props=\"{&quot;201341983&quot;:0,&quot;335551550&quot;:6,&quot;335551620&quot;:6,&quot;335559739&quot;:200,&quot;335559740&quot;:276}\">\u00a0<\/span><\/p>\n<p><span data-contrast=\"auto\">De tal forma \u201cEl tren de la alegr\u00eda\u201d y \u201cEn ning\u00fan lugar\u201d entre muchas otras, fueron las melod\u00edas cuyas letras cantaba la gente junto con la agrupaci\u00f3n art\u00edstica compuesta por m\u00fasicos mexicanos as\u00ed como palestinos que en la voz tiene a un cantante argentino pretendieron concluir su actuaci\u00f3n a las 10 de la noche luego de haber comenzado a las 8 pm; m\u00e1s la negativa del p\u00fablico a ello dio pie a que comenzaran con \u2018las complacencias\u2019 como dijeran quienes afirmaron durante su tocada que pese a tener diferentes nacionalidades se sienten nuestros compatriotas, pues afirmaron que como dijera la oriunda \u2018tica\u2019 Chabela Vargas: \u201cUn mexicano nace donde le da su chin..da gana\u201d.<\/span><span data-ccp-props=\"{&quot;201341983&quot;:0,&quot;335551550&quot;:6,&quot;335551620&quot;:6,&quot;335559739&quot;:200,&quot;335559740&quot;:276}\">\u00a0<\/span><\/p>\n<p><span data-contrast=\"auto\">As\u00ed pues comenzaron los ancores con \u201cCeloso y desubicado\u201d que varios asistentes pr\u00e1cticamente les ped\u00edan cada vez que hac\u00edan pausa antes de empezar un tema, destac\u00e1ndose entre las brindadas ya en el \u2018tiempo extra\u2019 la de \u201cVamos a morir\u201d; ello porque a pleno grito la pidi\u00f3 un ni\u00f1o que estaba con sus padres en las tertulias de la sala, situaci\u00f3n que extra\u00f1\u00f3 al cantante por la solicitud del peque\u00f1o quien tiene toda una vida por delante.<\/span><\/p>\n<p><img decoding=\"async\" class=\"alignnone size-medium wp-image-2675\" src=\"https:\/\/i0.wp.com\/aquienguanajuato.com\/wp-content\/uploads\/2024\/05\/Pate-2.jpeg?resize=800%2C600&#038;ssl=1\" alt=\"\" width=\"800\" height=\"600\" srcset=\"https:\/\/i0.wp.com\/aquienguanajuato.com\/wp-content\/uploads\/2024\/05\/Pate-2.jpeg?resize=800%2C600&amp;ssl=1 800w, https:\/\/i0.wp.com\/aquienguanajuato.com\/wp-content\/uploads\/2024\/05\/Pate-2.jpeg?resize=1024%2C768&amp;ssl=1 1024w, https:\/\/i0.wp.com\/aquienguanajuato.com\/wp-content\/uploads\/2024\/05\/Pate-2.jpeg?resize=768%2C576&amp;ssl=1 768w, https:\/\/i0.wp.com\/aquienguanajuato.com\/wp-content\/uploads\/2024\/05\/Pate-2.jpeg?resize=333%2C250&amp;ssl=1 333w, https:\/\/i0.wp.com\/aquienguanajuato.com\/wp-content\/uploads\/2024\/05\/Pate-2.jpeg?w=1280&amp;ssl=1 1280w\" sizes=\"(max-width: 800px) 100vw, 800px\" data-recalc-dims=\"1\" \/><\/p>\n<p><span data-contrast=\"auto\">Finalmente es de destacar que aun siendo mediados de semana, el aforo del Ju\u00e1rez casi se llena a\u00fan con los costos inusuales de la presentaci\u00f3n que se acercaron a los que se manejan para un evento del FIC; lo cual deja patente la estima que se le tiene en Guanajuato a la banda cuya particular m\u00fasica es una fusi\u00f3n entre los g\u00e9neros del jazz y el tango de entre varias de las influencias que sus integrantes Yayo Gonz\u00e1lez, Guillermo Perata, \u2018Luri\u2019 Molina, Diego Franco, Dan Mazor, Jorge Serv\u00edn y Roberto Verastegui han tenido a lo largo de su carrera art\u00edstica.<\/span><span data-ccp-props=\"{&quot;201341983&quot;:0,&quot;335551550&quot;:6,&quot;335551620&quot;:6,&quot;335559739&quot;:200,&quot;335559740&quot;:276}\">\u00a0<\/span><\/p>\n<p><img decoding=\"async\" class=\"alignnone size-medium wp-image-2676\" src=\"https:\/\/i0.wp.com\/aquienguanajuato.com\/wp-content\/uploads\/2024\/05\/Pate-3.jpeg?resize=800%2C600&#038;ssl=1\" alt=\"\" width=\"800\" height=\"600\" srcset=\"https:\/\/i0.wp.com\/aquienguanajuato.com\/wp-content\/uploads\/2024\/05\/Pate-3.jpeg?resize=800%2C600&amp;ssl=1 800w, https:\/\/i0.wp.com\/aquienguanajuato.com\/wp-content\/uploads\/2024\/05\/Pate-3.jpeg?resize=1024%2C768&amp;ssl=1 1024w, https:\/\/i0.wp.com\/aquienguanajuato.com\/wp-content\/uploads\/2024\/05\/Pate-3.jpeg?resize=768%2C576&amp;ssl=1 768w, https:\/\/i0.wp.com\/aquienguanajuato.com\/wp-content\/uploads\/2024\/05\/Pate-3.jpeg?resize=333%2C250&amp;ssl=1 333w, https:\/\/i0.wp.com\/aquienguanajuato.com\/wp-content\/uploads\/2024\/05\/Pate-3.jpeg?w=1280&amp;ssl=1 1280w\" sizes=\"(max-width: 800px) 100vw, 800px\" data-recalc-dims=\"1\" \/><\/p>\n","protected":false},"excerpt":{"rendered":"<p> &hellip;<\/p>\n","protected":false},"author":7,"featured_media":2674,"comment_status":"open","ping_status":"open","sticky":false,"template":"","format":"standard","meta":{"_jetpack_memberships_contains_paid_content":false,"footnotes":""},"categories":[26],"tags":[175,12,197,198,207,208,99],"class_list":["post-2673","post","type-post","status-publish","format-standard","has-post-thumbnail","hentry","category-cultura","tag-aqui-en-guanajuato","tag-guanajuato","tag-guanajuato-capital","tag-noticias-guanajuato","tag-pate-de-fua","tag-pate-de-fua-en-guanajuato","tag-que-hacer-en-guanajuato"],"jetpack_sharing_enabled":true,"jetpack_featured_media_url":"https:\/\/i0.wp.com\/aquienguanajuato.com\/wp-content\/uploads\/2024\/05\/Pate-1.jpeg?fit=1080%2C720&ssl=1","jetpack-related-posts":[],"_links":{"self":[{"href":"https:\/\/aquienguanajuato.com\/index.php?rest_route=\/wp\/v2\/posts\/2673","targetHints":{"allow":["GET"]}}],"collection":[{"href":"https:\/\/aquienguanajuato.com\/index.php?rest_route=\/wp\/v2\/posts"}],"about":[{"href":"https:\/\/aquienguanajuato.com\/index.php?rest_route=\/wp\/v2\/types\/post"}],"author":[{"embeddable":true,"href":"https:\/\/aquienguanajuato.com\/index.php?rest_route=\/wp\/v2\/users\/7"}],"replies":[{"embeddable":true,"href":"https:\/\/aquienguanajuato.com\/index.php?rest_route=%2Fwp%2Fv2%2Fcomments&post=2673"}],"version-history":[{"count":1,"href":"https:\/\/aquienguanajuato.com\/index.php?rest_route=\/wp\/v2\/posts\/2673\/revisions"}],"predecessor-version":[{"id":2677,"href":"https:\/\/aquienguanajuato.com\/index.php?rest_route=\/wp\/v2\/posts\/2673\/revisions\/2677"}],"wp:featuredmedia":[{"embeddable":true,"href":"https:\/\/aquienguanajuato.com\/index.php?rest_route=\/wp\/v2\/media\/2674"}],"wp:attachment":[{"href":"https:\/\/aquienguanajuato.com\/index.php?rest_route=%2Fwp%2Fv2%2Fmedia&parent=2673"}],"wp:term":[{"taxonomy":"category","embeddable":true,"href":"https:\/\/aquienguanajuato.com\/index.php?rest_route=%2Fwp%2Fv2%2Fcategories&post=2673"},{"taxonomy":"post_tag","embeddable":true,"href":"https:\/\/aquienguanajuato.com\/index.php?rest_route=%2Fwp%2Fv2%2Ftags&post=2673"}],"curies":[{"name":"wp","href":"https:\/\/api.w.org\/{rel}","templated":true}]}}