{"id":2458,"date":"2023-06-13T16:18:21","date_gmt":"2023-06-13T22:18:21","guid":{"rendered":"https:\/\/aquienguanajuato.com\/?p=2458"},"modified":"2023-06-13T16:18:21","modified_gmt":"2023-06-13T22:18:21","slug":"listos-para-leon-fashion-film-2023","status":"publish","type":"post","link":"https:\/\/aquienguanajuato.com\/?p=2458","title":{"rendered":"Listos para Le\u00f3n Fashion Film 2023"},"content":{"rendered":"<p>En esta cuarta edici\u00f3n de Le\u00f3n Fashion Film; plataforma, concurso y comunidad audiovisual dirigida por Paco Granados, la cual recurre al dise\u00f1o, la moda y estilo de vida para promover la identidad de la ciudad y sus usuarios, presenta por segunda vez Semana Fashion Film; cuatro d\u00edas de eventos relacionados con la moda y la producci\u00f3n audiovisual, catas de vino, conversatorios, pasarelas y m\u00e1s.<\/p>\n<p><img fetchpriority=\"high\" decoding=\"async\" class=\"aligncenter  wp-image-2460\" src=\"https:\/\/i0.wp.com\/aquienguanajuato.com\/wp-content\/uploads\/2023\/06\/LFF-1.jpeg?resize=568%2C446&#038;ssl=1\" alt=\"\" width=\"568\" height=\"446\" srcset=\"https:\/\/i0.wp.com\/aquienguanajuato.com\/wp-content\/uploads\/2023\/06\/LFF-1.jpeg?resize=800%2C628&amp;ssl=1 800w, https:\/\/i0.wp.com\/aquienguanajuato.com\/wp-content\/uploads\/2023\/06\/LFF-1.jpeg?resize=1024%2C804&amp;ssl=1 1024w, https:\/\/i0.wp.com\/aquienguanajuato.com\/wp-content\/uploads\/2023\/06\/LFF-1.jpeg?resize=768%2C603&amp;ssl=1 768w, https:\/\/i0.wp.com\/aquienguanajuato.com\/wp-content\/uploads\/2023\/06\/LFF-1.jpeg?resize=1536%2C1206&amp;ssl=1 1536w, https:\/\/i0.wp.com\/aquienguanajuato.com\/wp-content\/uploads\/2023\/06\/LFF-1.jpeg?resize=318%2C250&amp;ssl=1 318w, https:\/\/i0.wp.com\/aquienguanajuato.com\/wp-content\/uploads\/2023\/06\/LFF-1.jpeg?w=1600&amp;ssl=1 1600w\" sizes=\"(max-width: 568px) 100vw, 568px\" data-recalc-dims=\"1\" \/><\/p>\n<p>As\u00ed se anunci\u00f3 este martes a las 10:00 horas desde el restaurante \u201cEstaci\u00f3n Madero\u201d en la Rueda de Prensa Le\u00f3n Fashion Film, donde se cont\u00f3 con la presencia Francisco Javier Valverde Polin, Director General de Desarrollo Tur\u00edstico, en representaci\u00f3n de Juan Jos\u00e9 Alvarez Brunel, Secretario de Turismo de Guanajuato; Yazm\u00edn Quiroz, Directora de Hospitalidad y Turismo de Le\u00f3n, Luisa Loza, Directora de Dinamizaci\u00f3n y Emprendimiento en Idea Gto; Paco Granados, CEO de Le\u00f3n Fashion Film entre otros,<\/p>\n<p>En el opening, se presenci\u00f3 la pasarela \u201cModa de Ciudad\u201d con indumentaria de los municipios de Coroneo, San Francisco del Rinc\u00f3n y Morole\u00f3n; as\u00ed como la dise\u00f1adora BJXMODA Cintia Le\u00f3n. Participando 11 modelos Guanajuatenses.<\/p>\n<p>&nbsp;<\/p>\n<p><img decoding=\"async\" class=\"aligncenter  wp-image-2463\" src=\"https:\/\/i0.wp.com\/aquienguanajuato.com\/wp-content\/uploads\/2023\/06\/LFF-5.jpeg?resize=566%2C377&#038;ssl=1\" alt=\"\" width=\"566\" height=\"377\" srcset=\"https:\/\/i0.wp.com\/aquienguanajuato.com\/wp-content\/uploads\/2023\/06\/LFF-5.jpeg?resize=800%2C533&amp;ssl=1 800w, https:\/\/i0.wp.com\/aquienguanajuato.com\/wp-content\/uploads\/2023\/06\/LFF-5.jpeg?resize=1024%2C682&amp;ssl=1 1024w, https:\/\/i0.wp.com\/aquienguanajuato.com\/wp-content\/uploads\/2023\/06\/LFF-5.jpeg?resize=768%2C512&amp;ssl=1 768w, https:\/\/i0.wp.com\/aquienguanajuato.com\/wp-content\/uploads\/2023\/06\/LFF-5.jpeg?resize=1536%2C1023&amp;ssl=1 1536w, https:\/\/i0.wp.com\/aquienguanajuato.com\/wp-content\/uploads\/2023\/06\/LFF-5.jpeg?resize=375%2C250&amp;ssl=1 375w, https:\/\/i0.wp.com\/aquienguanajuato.com\/wp-content\/uploads\/2023\/06\/LFF-5.jpeg?w=1600&amp;ssl=1 1600w\" sizes=\"(max-width: 566px) 100vw, 566px\" data-recalc-dims=\"1\" \/><\/p>\n<p>Dentro del programa Semana Fashion Film se suman grandes personalidades de la industria de la moda y el \u00e1rea audiovisual, el 21 de junio a las 11:00 hrs; Anna Fusoni, presentar\u00e1 \u201cGuanajuato mueve el m\u00fasculo de la Moda\u201d junto a Fernando de la Vega Director de CANAIVE GTO, Ana Julieta Corporales M\u00e1ster en Imagen y M\u00f3nica Alonso Directora de Canacintra Le\u00f3n. A las 15:00 hrs, el chef leon\u00e9s Juan Emilio Villase\u00f1or brindar\u00e1 \u201cLa Ruta Gastron\u00f3mica\u201d desde la Cocinoteca con una presentaci\u00f3n especial de una pasarela por el dise\u00f1ador de BJXMODA Juan Jos\u00e9 Flores Oros. El d\u00eda 22 de junio a las 11:00 hrs desde Trinitate se realizar\u00e1 el Casting Styling Gto BJXMODA donde participan como Consejo de Moda Anna Fusoni, Yezmin Kuri Directora del Instituto Versa, Jos\u00e9 Angel Chavarr\u00eda Director de la Facultad de Dise\u00f1o de la Salle Baj\u00edo, Mara Carrillo Directora de CAM, Jacob Pulido Analista y experto en negocios de Moda, Am\u00e9rica Ram\u00edrez Directora de la carrera de Mercadotecnia en Moda de la UIW, Fernando de la Vega, Shi\u00f1i Beu Artesana de Joyer\u00eda Textil, Kirey D\u00edaz Dise\u00f1adora de Moda y Gema Velazquez coordinadora del Laboratorio de Moda APIMEX.<\/p>\n<p><img decoding=\"async\" class=\"aligncenter  wp-image-2462\" src=\"https:\/\/i0.wp.com\/aquienguanajuato.com\/wp-content\/uploads\/2023\/06\/LFF-4.jpeg?resize=693%2C462&#038;ssl=1\" alt=\"\" width=\"693\" height=\"462\" srcset=\"https:\/\/i0.wp.com\/aquienguanajuato.com\/wp-content\/uploads\/2023\/06\/LFF-4.jpeg?resize=800%2C533&amp;ssl=1 800w, https:\/\/i0.wp.com\/aquienguanajuato.com\/wp-content\/uploads\/2023\/06\/LFF-4.jpeg?resize=1024%2C682&amp;ssl=1 1024w, https:\/\/i0.wp.com\/aquienguanajuato.com\/wp-content\/uploads\/2023\/06\/LFF-4.jpeg?resize=768%2C512&amp;ssl=1 768w, https:\/\/i0.wp.com\/aquienguanajuato.com\/wp-content\/uploads\/2023\/06\/LFF-4.jpeg?resize=1536%2C1023&amp;ssl=1 1536w, https:\/\/i0.wp.com\/aquienguanajuato.com\/wp-content\/uploads\/2023\/06\/LFF-4.jpeg?resize=375%2C250&amp;ssl=1 375w, https:\/\/i0.wp.com\/aquienguanajuato.com\/wp-content\/uploads\/2023\/06\/LFF-4.jpeg?w=1600&amp;ssl=1 1600w\" sizes=\"(max-width: 693px) 100vw, 693px\" data-recalc-dims=\"1\" \/><\/p>\n<p>A trav\u00e9s del hilo conductor \u201cModa de Ciudad\u201d una invitaci\u00f3n para que el usuario viva la ciudad al m\u00e1ximo en su d\u00eda a d\u00eda a trav\u00e9s de la moda, creando y enmarcando sus historias en los mejores spots de su cotidianidad, Le\u00f3n Fashion Film presenta los eventos finales de las tres categor\u00edas:<\/p>\n<ul>\n<li><strong>FINAL ESTO ES LE\u00d3N \/ 21 DE JUNIO A LAS 20:00 HRS<br \/>\nEN LA ESTACI\u00d3N DE TRANSFERENCIA DELTA<\/strong>: Participan los establecidos en la ciudad de Le\u00f3n, trabajando sobre una historia que proyecte la identidad de la ciudad a trav\u00e9s de nuestro concepto #modadeciudad a trav\u00e9s del an\u00e1lisis de todos los estilos y las tendencias actuales.<\/li>\n<li><\/li>\n<li><strong>FINAL EXPERIENCIA GTO \/ 22 DE JUNIO A LAS 20:00 HRS<br \/>\nEN LA EXPLANADA DEL MERCADO VICTORIA DE SILAO<\/strong>: Participan trabajando sobre una historia que proyecte la identidad de Guanajuato o el municipio al que pertenece. Utilizando marcas de moda de empresarios, industriales y emprendedores dentro de su comunidad realizando propuestas de moda desde Guanajuato, a trav\u00e9s del an\u00e1lisis de todos los estilos y las tendencias actuales.<\/li>\n<\/ul>\n<ul>\n<li><strong>PREMIACI\u00d3N Y FINAL VIDA NACIONAL \/ 23 DE JUNIO A LAS 20:00 HRS<br \/>\nEN EL ARCO DE LA CALZADA DE LE\u00d3N<\/strong>: Participan todos los establecidos en alg\u00fan lugar de la Rep\u00fablica Mexicana. Deber\u00e1n trabajar sobre una historia que proyecte la identidad de M\u00e9xico a trav\u00e9s de la #modanacional por medio del an\u00e1lisis de todos los estilos y las tendencias actuales. Adem\u00e1s de realizar la premiaci\u00f3n de los ganadores de cada categor\u00eda.<\/li>\n<\/ul>\n<p><strong>LFF <\/strong>presentar\u00e1 los cortometrajes por categor\u00eda, los cuales fueron creados por los distintos talentos que participan en esta competencia, inspirados en el dise\u00f1o, la moda y dando un valor \u00fanico a cada uno de los lugares emblem\u00e1ticos de la ciudad.<\/p>\n<p>&nbsp;<\/p>\n<p>\u00a1No te lo pierdas!<\/p>\n","protected":false},"excerpt":{"rendered":"<p> &hellip;<\/p>\n","protected":false},"author":3,"featured_media":2459,"comment_status":"open","ping_status":"open","sticky":false,"template":"","format":"standard","meta":{"_jetpack_memberships_contains_paid_content":false,"footnotes":""},"categories":[10,11],"tags":[],"class_list":["post-2458","post","type-post","status-publish","format-standard","has-post-thumbnail","hentry","category-cerquita","category-eventos"],"jetpack_sharing_enabled":true,"jetpack_featured_media_url":"https:\/\/i0.wp.com\/aquienguanajuato.com\/wp-content\/uploads\/2023\/06\/LFF.jpeg?fit=1600%2C1066&ssl=1","jetpack-related-posts":[],"_links":{"self":[{"href":"https:\/\/aquienguanajuato.com\/index.php?rest_route=\/wp\/v2\/posts\/2458","targetHints":{"allow":["GET"]}}],"collection":[{"href":"https:\/\/aquienguanajuato.com\/index.php?rest_route=\/wp\/v2\/posts"}],"about":[{"href":"https:\/\/aquienguanajuato.com\/index.php?rest_route=\/wp\/v2\/types\/post"}],"author":[{"embeddable":true,"href":"https:\/\/aquienguanajuato.com\/index.php?rest_route=\/wp\/v2\/users\/3"}],"replies":[{"embeddable":true,"href":"https:\/\/aquienguanajuato.com\/index.php?rest_route=%2Fwp%2Fv2%2Fcomments&post=2458"}],"version-history":[{"count":1,"href":"https:\/\/aquienguanajuato.com\/index.php?rest_route=\/wp\/v2\/posts\/2458\/revisions"}],"predecessor-version":[{"id":2465,"href":"https:\/\/aquienguanajuato.com\/index.php?rest_route=\/wp\/v2\/posts\/2458\/revisions\/2465"}],"wp:featuredmedia":[{"embeddable":true,"href":"https:\/\/aquienguanajuato.com\/index.php?rest_route=\/wp\/v2\/media\/2459"}],"wp:attachment":[{"href":"https:\/\/aquienguanajuato.com\/index.php?rest_route=%2Fwp%2Fv2%2Fmedia&parent=2458"}],"wp:term":[{"taxonomy":"category","embeddable":true,"href":"https:\/\/aquienguanajuato.com\/index.php?rest_route=%2Fwp%2Fv2%2Fcategories&post=2458"},{"taxonomy":"post_tag","embeddable":true,"href":"https:\/\/aquienguanajuato.com\/index.php?rest_route=%2Fwp%2Fv2%2Ftags&post=2458"}],"curies":[{"name":"wp","href":"https:\/\/api.w.org\/{rel}","templated":true}]}}