{"id":2426,"date":"2023-06-09T14:15:09","date_gmt":"2023-06-09T20:15:09","guid":{"rendered":"https:\/\/aquienguanajuato.com\/?p=2426"},"modified":"2023-06-09T14:15:40","modified_gmt":"2023-06-09T20:15:40","slug":"lista-3a-edicion-del-bjx-film-festival-en-guanajuato-capital","status":"publish","type":"post","link":"https:\/\/aquienguanajuato.com\/?p=2426","title":{"rendered":"Lista 3era edici\u00f3n del BJX Film Festival en Guanajuato Capital"},"content":{"rendered":"<p><span data-removefontsize=\"true\" data-originalcomputedfontsize=\"14.666667\">Por tercer a\u00f1o consecutivo, el <strong>BJX Baj\u00edo International Film Festival<\/strong> celebrar\u00e1 al s\u00e9ptimo arte del <strong>13 al 17 de junio<\/strong> en <strong>Guanajuato Capital<\/strong>, ciudad referente en la regi\u00f3n del <strong>Baj\u00edo<\/strong> y en todo el pa\u00eds que exige el m\u00e1s alto compromiso con la cultura y la expresi\u00f3n art\u00edstica de la comunidad.<\/span><\/p>\n<div id='gallery-1' class='gallery galleryid-2426 gallery-columns-2 gallery-size-medium'><figure class='gallery-item'>\n\t\t\t<div class='gallery-icon landscape'>\n\t\t\t\t<a href='https:\/\/aquienguanajuato.com\/?attachment_id=2431'><img fetchpriority=\"high\" decoding=\"async\" width=\"800\" height=\"533\" src=\"https:\/\/i0.wp.com\/aquienguanajuato.com\/wp-content\/uploads\/2023\/06\/DSC_0270-scaled.jpg?fit=800%2C533&amp;ssl=1\" class=\"attachment-medium size-medium\" alt=\"\" srcset=\"https:\/\/i0.wp.com\/aquienguanajuato.com\/wp-content\/uploads\/2023\/06\/DSC_0270-scaled.jpg?w=2560&amp;ssl=1 2560w, https:\/\/i0.wp.com\/aquienguanajuato.com\/wp-content\/uploads\/2023\/06\/DSC_0270-scaled.jpg?resize=800%2C533&amp;ssl=1 800w, https:\/\/i0.wp.com\/aquienguanajuato.com\/wp-content\/uploads\/2023\/06\/DSC_0270-scaled.jpg?resize=1024%2C683&amp;ssl=1 1024w, https:\/\/i0.wp.com\/aquienguanajuato.com\/wp-content\/uploads\/2023\/06\/DSC_0270-scaled.jpg?resize=768%2C512&amp;ssl=1 768w, https:\/\/i0.wp.com\/aquienguanajuato.com\/wp-content\/uploads\/2023\/06\/DSC_0270-scaled.jpg?resize=1536%2C1024&amp;ssl=1 1536w, https:\/\/i0.wp.com\/aquienguanajuato.com\/wp-content\/uploads\/2023\/06\/DSC_0270-scaled.jpg?resize=2048%2C1365&amp;ssl=1 2048w, https:\/\/i0.wp.com\/aquienguanajuato.com\/wp-content\/uploads\/2023\/06\/DSC_0270-scaled.jpg?resize=375%2C250&amp;ssl=1 375w\" sizes=\"(max-width: 800px) 100vw, 800px\" \/><\/a>\n\t\t\t<\/div><\/figure><figure class='gallery-item'>\n\t\t\t<div class='gallery-icon landscape'>\n\t\t\t\t<a href='https:\/\/aquienguanajuato.com\/?attachment_id=2432'><img decoding=\"async\" width=\"800\" height=\"533\" src=\"https:\/\/i0.wp.com\/aquienguanajuato.com\/wp-content\/uploads\/2023\/06\/DSC_0373-scaled.jpg?fit=800%2C533&amp;ssl=1\" class=\"attachment-medium size-medium\" alt=\"\" srcset=\"https:\/\/i0.wp.com\/aquienguanajuato.com\/wp-content\/uploads\/2023\/06\/DSC_0373-scaled.jpg?w=2560&amp;ssl=1 2560w, https:\/\/i0.wp.com\/aquienguanajuato.com\/wp-content\/uploads\/2023\/06\/DSC_0373-scaled.jpg?resize=800%2C533&amp;ssl=1 800w, https:\/\/i0.wp.com\/aquienguanajuato.com\/wp-content\/uploads\/2023\/06\/DSC_0373-scaled.jpg?resize=1024%2C683&amp;ssl=1 1024w, https:\/\/i0.wp.com\/aquienguanajuato.com\/wp-content\/uploads\/2023\/06\/DSC_0373-scaled.jpg?resize=768%2C512&amp;ssl=1 768w, https:\/\/i0.wp.com\/aquienguanajuato.com\/wp-content\/uploads\/2023\/06\/DSC_0373-scaled.jpg?resize=1536%2C1024&amp;ssl=1 1536w, https:\/\/i0.wp.com\/aquienguanajuato.com\/wp-content\/uploads\/2023\/06\/DSC_0373-scaled.jpg?resize=2048%2C1365&amp;ssl=1 2048w, https:\/\/i0.wp.com\/aquienguanajuato.com\/wp-content\/uploads\/2023\/06\/DSC_0373-scaled.jpg?resize=375%2C250&amp;ssl=1 375w\" sizes=\"(max-width: 800px) 100vw, 800px\" \/><\/a>\n\t\t\t<\/div><\/figure>\n\t\t<\/div>\n\n<p>&nbsp;<\/p>\n<p><span data-removefontsize=\"true\" data-originalcomputedfontsize=\"14.666667\">Este a\u00f1o el <strong>BJX<\/strong>, con el lema <em><strong>\u201cGuanajuato CineCiudad Cervantina de Am\u00e9rica\u201d<\/strong><\/em>, se desarrollar\u00e1 con un programa enfocado a la cultura de inclusi\u00f3n, tolerancia y diversidad. Adem\u00e1s, en esta edici\u00f3n <strong>Estados Unidos<\/strong> y <strong>Coyoac\u00e1n<\/strong> ser\u00e1n el pa\u00eds y la alcald\u00eda invitados de honor.<\/span><\/p>\n<p><span data-removefontsize=\"true\" data-originalcomputedfontsize=\"14.666667\">As\u00ed lo anunciaron Jorge Cabrejos Samam\u00e9, director de Mercadotecnia, en representaci\u00f3n de <strong>Juan Jos\u00e9 \u00c1lvarez Brunel, secretario de Turismo del Estado de Guanajuato<\/strong>; <strong>Alejandro Navarro Salda\u00f1a, presidente de Guanajuato Capital<\/strong>; <strong>Adriana Camarena de Obeso, directora del Instituto Estatal de Cultura; y Christian Vilches, director art\u00edstico del BJX Fest.<\/strong><\/span><\/p>\n<p><span data-removefontsize=\"true\" data-originalcomputedfontsize=\"14.666667\">Este evento inclusivo, apoyado por la Secretar\u00eda de Turismo del Estado de Guanajuato, a trav\u00e9s del Comit\u00e9 de Estrategia y Promoci\u00f3n tur\u00edstica del Estado de Guanajuato, se disfrutar\u00e1 en espacios p\u00fablicos de Guanajuato, porque \u201ccada rinc\u00f3n, cada plaza, cada callej\u00f3n es un set de pel\u00edcula, los cuales nos permiten generar cualquier proyecto de cine\u201d, apunt\u00f3 Cabrejos Samam\u00e9.<\/span><\/p>\n<p><span data-removefontsize=\"true\" data-originalcomputedfontsize=\"14.666667\">En BJX se rendir\u00e1 homenaje al cr\u00edtico y promotor de cine, <strong>Jorge Pantoja Merino<\/strong>, y se les <strong>entregar\u00e1 la presea \u201cAlonso Ech\u00e1nove\u201d a la actriz Patricia Reyes Sp\u00edndola<\/strong> <strong>y a los actores Alberto Estrella y Luis Felipe Tovar<\/strong>, adem\u00e1s de la participaci\u00f3n del <strong>Honolulu Rainbow Film Festival y del Festival de Animaci\u00f3n en Diversidad Sexual (DiversAnima)<\/strong>, as\u00ed como la muestra conmemorativa por el 60 aniversario de la Escuela Nacional de Artes Cinematogr\u00e1ficas (ENAC) de la Universidad Nacional Aut\u00f3noma de M\u00e9xico (UNAM).<\/span><\/p>\n<p><span data-removefontsize=\"true\" data-originalcomputedfontsize=\"14.666667\">Los asistentes tambi\u00e9n disfrutar\u00e1n de alrededor de 40 actividades, proyecciones, fiestas, exposiciones, as\u00ed como una amplia selecci\u00f3n de alrededor de 64 cortometrajes nacionales e internacionales en competencia, y de 5 pel\u00edculas que concursan por el premio \u201cGuerrero de Plata\u201d. <\/span><\/p>\n<p><span data-removefontsize=\"true\" data-originalcomputedfontsize=\"14.666667\">Tambi\u00e9n habr\u00e1 m\u00faltiples actividades de apreciaci\u00f3n del s\u00e9ptimo arte en salas de cine y sedes al aire libre, junto con la creaci\u00f3n de cortometrajes en la quinta edici\u00f3n del Lab\/\/KinoRoom. El programa completo lo encuentras en <a href=\"https:\/\/www.bjxfest.org\/\" target=\"_blank\" rel=\"noopener\" data-saferedirecturl=\"https:\/\/www.google.com\/url?q=https:\/\/www.bjxfest.org\/&amp;source=gmail&amp;ust=1686426847931000&amp;usg=AOvVaw1ZF0SqO91vmD3HZAY-SKFj\" data-removefontsize=\"true\" data-originalcomputedfontsize=\"14.666667\">https:\/\/www.bjxfest.org\/<\/a><\/span><\/p>\n<p>*Con informaci\u00f3n de la Secretar\u00eda de Turismo del Estado de Guanajuato.<\/p>\n","protected":false},"excerpt":{"rendered":"<p> &hellip;<\/p>\n","protected":false},"author":2,"featured_media":2432,"comment_status":"open","ping_status":"open","sticky":false,"template":"","format":"standard","meta":{"_jetpack_memberships_contains_paid_content":false,"footnotes":""},"categories":[26],"tags":[150,149,25,86,12],"class_list":["post-2426","post","type-post","status-publish","format-standard","has-post-thumbnail","hentry","category-cultura","tag-bajio-internacional-film-festival","tag-bjx-film-festival","tag-cine","tag-festival-de-cine","tag-guanajuato"],"jetpack_sharing_enabled":true,"jetpack_featured_media_url":"https:\/\/i0.wp.com\/aquienguanajuato.com\/wp-content\/uploads\/2023\/06\/DSC_0373-scaled.jpg?fit=2560%2C1707&ssl=1","jetpack-related-posts":[],"_links":{"self":[{"href":"https:\/\/aquienguanajuato.com\/index.php?rest_route=\/wp\/v2\/posts\/2426","targetHints":{"allow":["GET"]}}],"collection":[{"href":"https:\/\/aquienguanajuato.com\/index.php?rest_route=\/wp\/v2\/posts"}],"about":[{"href":"https:\/\/aquienguanajuato.com\/index.php?rest_route=\/wp\/v2\/types\/post"}],"author":[{"embeddable":true,"href":"https:\/\/aquienguanajuato.com\/index.php?rest_route=\/wp\/v2\/users\/2"}],"replies":[{"embeddable":true,"href":"https:\/\/aquienguanajuato.com\/index.php?rest_route=%2Fwp%2Fv2%2Fcomments&post=2426"}],"version-history":[{"count":6,"href":"https:\/\/aquienguanajuato.com\/index.php?rest_route=\/wp\/v2\/posts\/2426\/revisions"}],"predecessor-version":[{"id":2434,"href":"https:\/\/aquienguanajuato.com\/index.php?rest_route=\/wp\/v2\/posts\/2426\/revisions\/2434"}],"wp:featuredmedia":[{"embeddable":true,"href":"https:\/\/aquienguanajuato.com\/index.php?rest_route=\/wp\/v2\/media\/2432"}],"wp:attachment":[{"href":"https:\/\/aquienguanajuato.com\/index.php?rest_route=%2Fwp%2Fv2%2Fmedia&parent=2426"}],"wp:term":[{"taxonomy":"category","embeddable":true,"href":"https:\/\/aquienguanajuato.com\/index.php?rest_route=%2Fwp%2Fv2%2Fcategories&post=2426"},{"taxonomy":"post_tag","embeddable":true,"href":"https:\/\/aquienguanajuato.com\/index.php?rest_route=%2Fwp%2Fv2%2Ftags&post=2426"}],"curies":[{"name":"wp","href":"https:\/\/api.w.org\/{rel}","templated":true}]}}