{"id":2254,"date":"2023-01-31T18:22:33","date_gmt":"2023-02-01T00:22:33","guid":{"rendered":"https:\/\/aquienguanajuato.com\/?p=2254"},"modified":"2023-01-31T18:22:33","modified_gmt":"2023-02-01T00:22:33","slug":"sabado-de-teatro-con-avelina","status":"publish","type":"post","link":"https:\/\/aquienguanajuato.com\/?p=2254","title":{"rendered":"S\u00e1bado de teatro con &#8220;Avelina&#8221;"},"content":{"rendered":"<p>Este s\u00e1bado 4 de febrero llega al Teatro Cervantes \u201cAvelina\u201d, un proyecto transdisciplinar guanajuatense de teatro, danza contempor\u00e1nea, coro, trap, pintura y poes\u00eda sobre la c\u00faspide del amor, que surgi\u00f3 de la composici\u00f3n musical de Mikhael Montiel.<\/p>\n<p>&nbsp;<\/p>\n<p><img fetchpriority=\"high\" decoding=\"async\" class=\"size-medium wp-image-2255 aligncenter\" src=\"https:\/\/i0.wp.com\/aquienguanajuato.com\/wp-content\/uploads\/2023\/01\/Avelina.jpg?resize=800%2C534&#038;ssl=1\" alt=\"\" width=\"800\" height=\"534\" srcset=\"https:\/\/i0.wp.com\/aquienguanajuato.com\/wp-content\/uploads\/2023\/01\/Avelina.jpg?resize=800%2C534&amp;ssl=1 800w, https:\/\/i0.wp.com\/aquienguanajuato.com\/wp-content\/uploads\/2023\/01\/Avelina.jpg?resize=1024%2C683&amp;ssl=1 1024w, https:\/\/i0.wp.com\/aquienguanajuato.com\/wp-content\/uploads\/2023\/01\/Avelina.jpg?resize=768%2C512&amp;ssl=1 768w, https:\/\/i0.wp.com\/aquienguanajuato.com\/wp-content\/uploads\/2023\/01\/Avelina.jpg?resize=375%2C250&amp;ssl=1 375w, https:\/\/i0.wp.com\/aquienguanajuato.com\/wp-content\/uploads\/2023\/01\/Avelina.jpg?w=1339&amp;ssl=1 1339w\" sizes=\"(max-width: 800px) 100vw, 800px\" data-recalc-dims=\"1\" \/><\/p>\n<p>\u201cAvelina es este personaje atemporal y asexual que vive un proceso inconsciente hacia el amor propio. Avelina puede ser cualquier persona, todos en alg\u00fan punto pasamos por un proceso\u201d, dijo Montiel.<br \/>\nTambi\u00e9n platic\u00f3 que la obra esc\u00e9nica naci\u00f3 a partir de la creaci\u00f3n de unas piezas sueltas. \u201cLa m\u00fasica se la presentamos a la escritora, ella nos regalo una estructura y unos textos, con \u00e9stas herramientas trabajamos los sectores, y la directora en escena para aterrizar el personaje para construir la parte esc\u00e9nica\u201d.<\/p>\n<p>Carlos Anda, director del ensamble vocal, dijo que es una obra que el compositor le plante\u00f3 hace casi medio a\u00f1o y que surgi\u00f3 como m\u00fasica instrumental sobre los sentimientos. \u201cMe invitaron para trabajar con el coro. Ha sido un trabajo de exploraci\u00f3n, siempre ha sido Avelina para m\u00ed como un porvenir, ha ido revolucionando. Nosotros hemos entendido cu\u00e1l es el enfoque, qu\u00e9 es Avelina, c\u00f3mo lo vamos a trabajar, qu\u00e9 necesidades tiene y que herramientas\u201d.<\/p>\n<p>Los cantantes Bianca Gonz\u00e1lez, Zahira Hidalgo, Paxx Uno y Luis Vergara, concordaron que ha sido un reto, porque adem\u00e1s de cantar tienen que actuar, situaci\u00f3n que les ha brindado la oportunidad de trabajar y desarrollar otra parte art\u00edstica que se complementa con la puesta en escena.<\/p>\n<p>En el proyecto tambi\u00e9n est\u00e1n involucrados la productora Frida Xanat, la directora Marla Fenton, en la escritura Sof\u00eda Perea, en la direcci\u00f3n pl\u00e1stica Jos\u00e9 Morando, en la producci\u00f3n de vestuario Anni Torre, en la direcci\u00f3n de luces Daniela Mart\u00ednez y la asistencia de producci\u00f3n qued\u00f3 a cargo de Humberto Rodr\u00edguez.<br \/>\nTambi\u00e9n participan las actrices Andre Parra y Antares Castro, los actores Isaac Buho y Job D\u00edaz. En la m\u00fasica Amalfi Lofarrro, Urpi Holguin, Cindy Arias, Michale Severens, Uriel Pachuca, Eduardo Villafuerte y Chiyunek, as\u00ed como la pintora Blue Azcue.<\/p>\n<p>Teatro Cervantes<br \/>\nS\u00e1bado 4, 19:00 h.<br \/>\nGeneral: 200 pesos<br \/>\nInapam y estudiantes: 150 pesos.<\/p>\n<p>*Con informaci\u00f3n y fotograf\u00eda cortes\u00eda del Instituto Estatal de la Cultura en Guanajuato.<\/p>\n","protected":false},"excerpt":{"rendered":"<p> &hellip;<\/p>\n","protected":false},"author":2,"featured_media":2255,"comment_status":"open","ping_status":"open","sticky":false,"template":"","format":"standard","meta":{"_jetpack_memberships_contains_paid_content":false,"footnotes":""},"categories":[26],"tags":[117,12,101,116],"class_list":["post-2254","post","type-post","status-publish","format-standard","has-post-thumbnail","hentry","category-cultura","tag-avelina","tag-guanajuato","tag-teatro-cervantes","tag-teatro-en-guanajuato"],"jetpack_sharing_enabled":true,"jetpack_featured_media_url":"https:\/\/i0.wp.com\/aquienguanajuato.com\/wp-content\/uploads\/2023\/01\/Avelina.jpg?fit=1339%2C893&ssl=1","jetpack-related-posts":[],"_links":{"self":[{"href":"https:\/\/aquienguanajuato.com\/index.php?rest_route=\/wp\/v2\/posts\/2254","targetHints":{"allow":["GET"]}}],"collection":[{"href":"https:\/\/aquienguanajuato.com\/index.php?rest_route=\/wp\/v2\/posts"}],"about":[{"href":"https:\/\/aquienguanajuato.com\/index.php?rest_route=\/wp\/v2\/types\/post"}],"author":[{"embeddable":true,"href":"https:\/\/aquienguanajuato.com\/index.php?rest_route=\/wp\/v2\/users\/2"}],"replies":[{"embeddable":true,"href":"https:\/\/aquienguanajuato.com\/index.php?rest_route=%2Fwp%2Fv2%2Fcomments&post=2254"}],"version-history":[{"count":1,"href":"https:\/\/aquienguanajuato.com\/index.php?rest_route=\/wp\/v2\/posts\/2254\/revisions"}],"predecessor-version":[{"id":2256,"href":"https:\/\/aquienguanajuato.com\/index.php?rest_route=\/wp\/v2\/posts\/2254\/revisions\/2256"}],"wp:featuredmedia":[{"embeddable":true,"href":"https:\/\/aquienguanajuato.com\/index.php?rest_route=\/wp\/v2\/media\/2255"}],"wp:attachment":[{"href":"https:\/\/aquienguanajuato.com\/index.php?rest_route=%2Fwp%2Fv2%2Fmedia&parent=2254"}],"wp:term":[{"taxonomy":"category","embeddable":true,"href":"https:\/\/aquienguanajuato.com\/index.php?rest_route=%2Fwp%2Fv2%2Fcategories&post=2254"},{"taxonomy":"post_tag","embeddable":true,"href":"https:\/\/aquienguanajuato.com\/index.php?rest_route=%2Fwp%2Fv2%2Ftags&post=2254"}],"curies":[{"name":"wp","href":"https:\/\/api.w.org\/{rel}","templated":true}]}}