{"id":1350,"date":"2021-12-10T17:03:46","date_gmt":"2021-12-10T23:03:46","guid":{"rendered":"https:\/\/aquienguanajuato.com\/?p=1350"},"modified":"2021-12-10T17:03:46","modified_gmt":"2021-12-10T23:03:46","slug":"canta-a-guanajuato-por-sus-280-anos-como-ciudad","status":"publish","type":"post","link":"https:\/\/aquienguanajuato.com\/?p=1350","title":{"rendered":"Canta a Guanajuato por sus 280 a\u00f1os como ciudad"},"content":{"rendered":"<div class=\"gmail_default\">La imponente voz de la soprano capitalina <strong>Zaira Pereba,<\/strong> retumb\u00f3 entre cerros y monta\u00f1as para <strong>celebrar los 280 a\u00f1os de que Guanajuato recibi\u00f3 el T\u00edtulo de Ciudad.<\/strong><\/div>\n<div class=\"gmail_default\"><img fetchpriority=\"high\" decoding=\"async\" class=\"aligncenter  wp-image-1353\" src=\"https:\/\/i0.wp.com\/aquienguanajuato.com\/wp-content\/uploads\/2021\/12\/Concierto-por-la-Ciudad-3.jpeg?resize=518%2C345&#038;ssl=1\" alt=\"\" width=\"518\" height=\"345\" srcset=\"https:\/\/i0.wp.com\/aquienguanajuato.com\/wp-content\/uploads\/2021\/12\/Concierto-por-la-Ciudad-3.jpeg?resize=800%2C533&amp;ssl=1 800w, https:\/\/i0.wp.com\/aquienguanajuato.com\/wp-content\/uploads\/2021\/12\/Concierto-por-la-Ciudad-3.jpeg?resize=1024%2C682&amp;ssl=1 1024w, https:\/\/i0.wp.com\/aquienguanajuato.com\/wp-content\/uploads\/2021\/12\/Concierto-por-la-Ciudad-3.jpeg?resize=768%2C512&amp;ssl=1 768w, https:\/\/i0.wp.com\/aquienguanajuato.com\/wp-content\/uploads\/2021\/12\/Concierto-por-la-Ciudad-3.jpeg?resize=375%2C250&amp;ssl=1 375w, https:\/\/i0.wp.com\/aquienguanajuato.com\/wp-content\/uploads\/2021\/12\/Concierto-por-la-Ciudad-3.jpeg?w=1280&amp;ssl=1 1280w\" sizes=\"(max-width: 518px) 100vw, 518px\" data-recalc-dims=\"1\" \/><\/p>\n<p>Con el mirador del<strong> Pipila como escenario majestuoso<\/strong>, la guanajuatense le dedic\u00f3 &#8220;Un concierto a la Ciudad&#8221; que se escuch\u00f3 a lo largo y ancho de la ca\u00f1ada.<\/p>\n<p>Las familias guanajuatenses detuvieron su paso por las calles y callejones e incluso salieron a los balcones y azoteas para disfrutar del concierto<strong> dedicado a Guanajuato Capital.<\/strong><\/div>\n<div class=\"gmail_default\"><img decoding=\"async\" class=\"aligncenter  wp-image-1351\" src=\"https:\/\/i0.wp.com\/aquienguanajuato.com\/wp-content\/uploads\/2021\/12\/Concierto-por-la-Ciudad-1.jpeg?resize=521%2C347&#038;ssl=1\" alt=\"\" width=\"521\" height=\"347\" srcset=\"https:\/\/i0.wp.com\/aquienguanajuato.com\/wp-content\/uploads\/2021\/12\/Concierto-por-la-Ciudad-1.jpeg?resize=800%2C533&amp;ssl=1 800w, https:\/\/i0.wp.com\/aquienguanajuato.com\/wp-content\/uploads\/2021\/12\/Concierto-por-la-Ciudad-1.jpeg?resize=1024%2C682&amp;ssl=1 1024w, https:\/\/i0.wp.com\/aquienguanajuato.com\/wp-content\/uploads\/2021\/12\/Concierto-por-la-Ciudad-1.jpeg?resize=768%2C512&amp;ssl=1 768w, https:\/\/i0.wp.com\/aquienguanajuato.com\/wp-content\/uploads\/2021\/12\/Concierto-por-la-Ciudad-1.jpeg?resize=375%2C250&amp;ssl=1 375w, https:\/\/i0.wp.com\/aquienguanajuato.com\/wp-content\/uploads\/2021\/12\/Concierto-por-la-Ciudad-1.jpeg?w=1280&amp;ssl=1 1280w\" sizes=\"(max-width: 521px) 100vw, 521px\" data-recalc-dims=\"1\" \/><\/p>\n<p><strong>Organizado por la Direcci\u00f3n General de Cultura y Educaci\u00f3n del Gobierno Municipal de Guanajuato,<\/strong> el concierto ba\u00f1\u00f3 de m\u00fasica a Guanajuato como parte del programa de conmemoraci\u00f3n de los 280 a\u00f1os del nombramiento como ciudad y 33 de la declaraci\u00f3n como Ciudad Patrimonio Cultural de la Humanidad.<\/p>\n<p>El repertorio de la soprano <strong>incluy\u00f3 composiciones de artistas guanajuatenses<\/strong> como &#8220;Mu\u00f1equita Linda&#8221; y &#8220;J\u00farame&#8221; de Mar\u00eda Grever y piezas de Jos\u00e9 Alfredo Jim\u00e9nez como &#8220;Un mundo raro&#8221;, &#8220;El jinete&#8221; y &#8220;Deja que salga la luna&#8221;. Tambi\u00e9n los cl\u00e1sicos &#8220;Granada&#8221; de Agust\u00edn Lara y &#8220;Mi ciudad&#8221; de Guadalupe Trigo.<\/div>\n<div><img decoding=\"async\" class=\"aligncenter size-medium wp-image-1354\" src=\"https:\/\/i0.wp.com\/aquienguanajuato.com\/wp-content\/uploads\/2021\/12\/Concierto-por-la-Ciudad-4.jpeg?resize=800%2C533&#038;ssl=1\" alt=\"\" width=\"800\" height=\"533\" srcset=\"https:\/\/i0.wp.com\/aquienguanajuato.com\/wp-content\/uploads\/2021\/12\/Concierto-por-la-Ciudad-4.jpeg?resize=800%2C533&amp;ssl=1 800w, https:\/\/i0.wp.com\/aquienguanajuato.com\/wp-content\/uploads\/2021\/12\/Concierto-por-la-Ciudad-4.jpeg?resize=1024%2C682&amp;ssl=1 1024w, https:\/\/i0.wp.com\/aquienguanajuato.com\/wp-content\/uploads\/2021\/12\/Concierto-por-la-Ciudad-4.jpeg?resize=768%2C512&amp;ssl=1 768w, https:\/\/i0.wp.com\/aquienguanajuato.com\/wp-content\/uploads\/2021\/12\/Concierto-por-la-Ciudad-4.jpeg?resize=375%2C250&amp;ssl=1 375w, https:\/\/i0.wp.com\/aquienguanajuato.com\/wp-content\/uploads\/2021\/12\/Concierto-por-la-Ciudad-4.jpeg?w=1280&amp;ssl=1 1280w\" sizes=\"(max-width: 800px) 100vw, 800px\" data-recalc-dims=\"1\" \/><\/div>\n","protected":false},"excerpt":{"rendered":"<p> &hellip;<\/p>\n","protected":false},"author":3,"featured_media":1352,"comment_status":"open","ping_status":"open","sticky":false,"template":"","format":"standard","meta":{"_jetpack_memberships_contains_paid_content":false,"footnotes":""},"categories":[11],"tags":[],"class_list":["post-1350","post","type-post","status-publish","format-standard","has-post-thumbnail","hentry","category-eventos"],"jetpack_sharing_enabled":true,"jetpack_featured_media_url":"https:\/\/i0.wp.com\/aquienguanajuato.com\/wp-content\/uploads\/2021\/12\/Concierto-por-la-Ciudad-2-e1639177344213.jpeg?fit=400%2C267&ssl=1","jetpack-related-posts":[],"_links":{"self":[{"href":"https:\/\/aquienguanajuato.com\/index.php?rest_route=\/wp\/v2\/posts\/1350","targetHints":{"allow":["GET"]}}],"collection":[{"href":"https:\/\/aquienguanajuato.com\/index.php?rest_route=\/wp\/v2\/posts"}],"about":[{"href":"https:\/\/aquienguanajuato.com\/index.php?rest_route=\/wp\/v2\/types\/post"}],"author":[{"embeddable":true,"href":"https:\/\/aquienguanajuato.com\/index.php?rest_route=\/wp\/v2\/users\/3"}],"replies":[{"embeddable":true,"href":"https:\/\/aquienguanajuato.com\/index.php?rest_route=%2Fwp%2Fv2%2Fcomments&post=1350"}],"version-history":[{"count":1,"href":"https:\/\/aquienguanajuato.com\/index.php?rest_route=\/wp\/v2\/posts\/1350\/revisions"}],"predecessor-version":[{"id":1355,"href":"https:\/\/aquienguanajuato.com\/index.php?rest_route=\/wp\/v2\/posts\/1350\/revisions\/1355"}],"wp:featuredmedia":[{"embeddable":true,"href":"https:\/\/aquienguanajuato.com\/index.php?rest_route=\/wp\/v2\/media\/1352"}],"wp:attachment":[{"href":"https:\/\/aquienguanajuato.com\/index.php?rest_route=%2Fwp%2Fv2%2Fmedia&parent=1350"}],"wp:term":[{"taxonomy":"category","embeddable":true,"href":"https:\/\/aquienguanajuato.com\/index.php?rest_route=%2Fwp%2Fv2%2Fcategories&post=1350"},{"taxonomy":"post_tag","embeddable":true,"href":"https:\/\/aquienguanajuato.com\/index.php?rest_route=%2Fwp%2Fv2%2Ftags&post=1350"}],"curies":[{"name":"wp","href":"https:\/\/api.w.org\/{rel}","templated":true}]}}