{"id":1331,"date":"2021-12-08T15:55:28","date_gmt":"2021-12-08T21:55:28","guid":{"rendered":"https:\/\/aquienguanajuato.com\/?p=1331"},"modified":"2021-12-08T15:59:15","modified_gmt":"2021-12-08T21:59:15","slug":"corren-por-la-discapacidad","status":"publish","type":"post","link":"https:\/\/aquienguanajuato.com\/?p=1331","title":{"rendered":"Corren por la discapacidad"},"content":{"rendered":"<p>Con una gran <strong>carrera deportiva<\/strong> decenas de ni\u00f1as, ni\u00f1os, adolescentes y adultos con discapacidad celebraron el <strong>D\u00eda Internacional de la Discapacidad<\/strong> y con ello hacer visibles sus derechos e inserci\u00f3n a la sociedad civil.<\/p>\n<p>En el evento, que arranc\u00f3 afuera de la Presidencia Municipal, estuvieron los directivos de Comude Guanajuato como organizadores, adem\u00e1s acudieron como padrinos <strong>Rodrigo Mart\u00ednez Nieto, S\u00edndico del H. Ayuntamiento e Iv\u00e1n Rivelino representando al DIF estatal.<\/strong><\/p>\n<p><img fetchpriority=\"high\" decoding=\"async\" class=\"aligncenter wp-image-1334\" src=\"https:\/\/i0.wp.com\/aquienguanajuato.com\/wp-content\/uploads\/2021\/12\/WhatsApp-Image-2021-12-05-at-11.14.02-AM-2.jpeg?resize=663%2C442&#038;ssl=1\" alt=\"\" width=\"663\" height=\"442\" srcset=\"https:\/\/i0.wp.com\/aquienguanajuato.com\/wp-content\/uploads\/2021\/12\/WhatsApp-Image-2021-12-05-at-11.14.02-AM-2.jpeg?resize=800%2C533&amp;ssl=1 800w, https:\/\/i0.wp.com\/aquienguanajuato.com\/wp-content\/uploads\/2021\/12\/WhatsApp-Image-2021-12-05-at-11.14.02-AM-2.jpeg?resize=1024%2C682&amp;ssl=1 1024w, https:\/\/i0.wp.com\/aquienguanajuato.com\/wp-content\/uploads\/2021\/12\/WhatsApp-Image-2021-12-05-at-11.14.02-AM-2.jpeg?resize=768%2C512&amp;ssl=1 768w, https:\/\/i0.wp.com\/aquienguanajuato.com\/wp-content\/uploads\/2021\/12\/WhatsApp-Image-2021-12-05-at-11.14.02-AM-2.jpeg?resize=375%2C250&amp;ssl=1 375w, https:\/\/i0.wp.com\/aquienguanajuato.com\/wp-content\/uploads\/2021\/12\/WhatsApp-Image-2021-12-05-at-11.14.02-AM-2.jpeg?w=1280&amp;ssl=1 1280w\" sizes=\"(max-width: 663px) 100vw, 663px\" data-recalc-dims=\"1\" \/><\/p>\n<p>El entusiasmo fue el ingrediente principal de esta activaci\u00f3n f\u00edsica que busc\u00f3 adem\u00e1s de un momento de recreaci\u00f3n en los participantes hacer hincapie en <strong>tomar los espacios p\u00fablicos<\/strong> para continuar luchando por su bienestar, mejorar sus condiciones de vida, acceder a educaci\u00f3n especial, accesos para transitar, medicamentos y terapias, entre muchas otras cosas que son imperantes en este <strong>significativo y emp\u00e1tico sector de la poblaci\u00f3n.<\/strong><\/p>\n<p><img decoding=\"async\" class=\"aligncenter wp-image-1332\" src=\"https:\/\/i0.wp.com\/aquienguanajuato.com\/wp-content\/uploads\/2021\/12\/IMG_20211205_095155.jpg?resize=654%2C490&#038;ssl=1\" alt=\"\" width=\"654\" height=\"490\" srcset=\"https:\/\/i0.wp.com\/aquienguanajuato.com\/wp-content\/uploads\/2021\/12\/IMG_20211205_095155-scaled.jpg?resize=800%2C600&amp;ssl=1 800w, https:\/\/i0.wp.com\/aquienguanajuato.com\/wp-content\/uploads\/2021\/12\/IMG_20211205_095155-scaled.jpg?resize=1024%2C768&amp;ssl=1 1024w, https:\/\/i0.wp.com\/aquienguanajuato.com\/wp-content\/uploads\/2021\/12\/IMG_20211205_095155-scaled.jpg?resize=768%2C576&amp;ssl=1 768w, https:\/\/i0.wp.com\/aquienguanajuato.com\/wp-content\/uploads\/2021\/12\/IMG_20211205_095155-scaled.jpg?resize=1536%2C1152&amp;ssl=1 1536w, https:\/\/i0.wp.com\/aquienguanajuato.com\/wp-content\/uploads\/2021\/12\/IMG_20211205_095155-scaled.jpg?resize=2048%2C1536&amp;ssl=1 2048w, https:\/\/i0.wp.com\/aquienguanajuato.com\/wp-content\/uploads\/2021\/12\/IMG_20211205_095155-scaled.jpg?resize=333%2C250&amp;ssl=1 333w, https:\/\/i0.wp.com\/aquienguanajuato.com\/wp-content\/uploads\/2021\/12\/IMG_20211205_095155-scaled.jpg?w=2530&amp;ssl=1 2530w\" sizes=\"(max-width: 654px) 100vw, 654px\" data-recalc-dims=\"1\" \/><\/p>\n","protected":false},"excerpt":{"rendered":"<p> &hellip;<\/p>\n","protected":false},"author":3,"featured_media":1333,"comment_status":"open","ping_status":"open","sticky":false,"template":"","format":"standard","meta":{"_jetpack_memberships_contains_paid_content":false,"footnotes":""},"categories":[11],"tags":[],"class_list":["post-1331","post","type-post","status-publish","format-standard","has-post-thumbnail","hentry","category-eventos"],"jetpack_sharing_enabled":true,"jetpack_featured_media_url":"https:\/\/i0.wp.com\/aquienguanajuato.com\/wp-content\/uploads\/2021\/12\/WhatsApp-Image-2021-12-05-at-10.50.50-AM-1-e1639000431705.jpeg?fit=400%2C267&ssl=1","jetpack-related-posts":[],"_links":{"self":[{"href":"https:\/\/aquienguanajuato.com\/index.php?rest_route=\/wp\/v2\/posts\/1331","targetHints":{"allow":["GET"]}}],"collection":[{"href":"https:\/\/aquienguanajuato.com\/index.php?rest_route=\/wp\/v2\/posts"}],"about":[{"href":"https:\/\/aquienguanajuato.com\/index.php?rest_route=\/wp\/v2\/types\/post"}],"author":[{"embeddable":true,"href":"https:\/\/aquienguanajuato.com\/index.php?rest_route=\/wp\/v2\/users\/3"}],"replies":[{"embeddable":true,"href":"https:\/\/aquienguanajuato.com\/index.php?rest_route=%2Fwp%2Fv2%2Fcomments&post=1331"}],"version-history":[{"count":3,"href":"https:\/\/aquienguanajuato.com\/index.php?rest_route=\/wp\/v2\/posts\/1331\/revisions"}],"predecessor-version":[{"id":1337,"href":"https:\/\/aquienguanajuato.com\/index.php?rest_route=\/wp\/v2\/posts\/1331\/revisions\/1337"}],"wp:featuredmedia":[{"embeddable":true,"href":"https:\/\/aquienguanajuato.com\/index.php?rest_route=\/wp\/v2\/media\/1333"}],"wp:attachment":[{"href":"https:\/\/aquienguanajuato.com\/index.php?rest_route=%2Fwp%2Fv2%2Fmedia&parent=1331"}],"wp:term":[{"taxonomy":"category","embeddable":true,"href":"https:\/\/aquienguanajuato.com\/index.php?rest_route=%2Fwp%2Fv2%2Fcategories&post=1331"},{"taxonomy":"post_tag","embeddable":true,"href":"https:\/\/aquienguanajuato.com\/index.php?rest_route=%2Fwp%2Fv2%2Ftags&post=1331"}],"curies":[{"name":"wp","href":"https:\/\/api.w.org\/{rel}","templated":true}]}}