{"id":1293,"date":"2021-11-25T15:03:45","date_gmt":"2021-11-25T21:03:45","guid":{"rendered":"https:\/\/aquienguanajuato.com\/?p=1293"},"modified":"2021-11-25T15:03:45","modified_gmt":"2021-11-25T21:03:45","slug":"conquista-m4nolov-a-la-ciudad","status":"publish","type":"post","link":"https:\/\/aquienguanajuato.com\/?p=1293","title":{"rendered":"Conquista M4nolov a la ciudad"},"content":{"rendered":"<p>Con un programa nutrido por los diversos ritmos de la m\u00fasica tradicional colombiana, <strong>el cuarteto de cuerdas M4nolov se present\u00f3 el pasado fin de semana en Guanajuato<\/strong>, como parte del programa Rumbo al Cervantino 50, organizado por el Instituto Estatal de la Cultura.<\/p>\n<p>El ensamble, con casi 20 a\u00f1os de trayectoria y <strong>dirigido por Miguel \u00c1ngel Guevara,<\/strong> ofreci\u00f3 sendos recitales en el Teatro de la Ciudad, en Pur\u00edsima del Rinc\u00f3n, y <strong>el Teatro Ju\u00e1rez, en Guanajuato<\/strong>, con el programa titulado \u201cAires de nuestra tierra\u201d, en el que contaron con la participaci\u00f3n de <strong>Karen Bravo como percusionista y vocalista invitada.<\/strong><\/p>\n<p><img fetchpriority=\"high\" decoding=\"async\" class=\"aligncenter  wp-image-1299\" src=\"https:\/\/i0.wp.com\/aquienguanajuato.com\/wp-content\/uploads\/2021\/11\/IMG_5287.jpg?resize=537%2C358&#038;ssl=1\" alt=\"\" width=\"537\" height=\"358\" srcset=\"https:\/\/i0.wp.com\/aquienguanajuato.com\/wp-content\/uploads\/2021\/11\/IMG_5287.jpg?resize=800%2C533&amp;ssl=1 800w, https:\/\/i0.wp.com\/aquienguanajuato.com\/wp-content\/uploads\/2021\/11\/IMG_5287.jpg?resize=1024%2C683&amp;ssl=1 1024w, https:\/\/i0.wp.com\/aquienguanajuato.com\/wp-content\/uploads\/2021\/11\/IMG_5287.jpg?resize=768%2C512&amp;ssl=1 768w, https:\/\/i0.wp.com\/aquienguanajuato.com\/wp-content\/uploads\/2021\/11\/IMG_5287.jpg?resize=1536%2C1024&amp;ssl=1 1536w, https:\/\/i0.wp.com\/aquienguanajuato.com\/wp-content\/uploads\/2021\/11\/IMG_5287.jpg?resize=375%2C250&amp;ssl=1 375w, https:\/\/i0.wp.com\/aquienguanajuato.com\/wp-content\/uploads\/2021\/11\/IMG_5287.jpg?w=2048&amp;ssl=1 2048w\" sizes=\"(max-width: 537px) 100vw, 537px\" data-recalc-dims=\"1\" \/><\/p>\n<p>En ambas actuaciones estuvo presente la embajadora de Colombia en M\u00e9xico, \u00c1ngela Ospina de Nicholls, quien agradeci\u00f3 la invitaci\u00f3n a participar en <strong>Rumbo al Cervantino 50<\/strong> y resalt\u00f3 la oportunidad de mostrar parte de la riqueza cultural de su naci\u00f3n, en el marco de las conmemoraciones por los 200 a\u00f1os de relaciones diplom\u00e1ticas entre M\u00e9xico y Colombia.<\/p>\n<p><strong>\u00a0Adriana Camarena de Obeso, directora del Instituto Estatal de la Cultura,<\/strong> ofreci\u00f3 un mensaje previo al primero de los conciertos, en el que explic\u00f3 que el programa pretende resaltar, a manera de preludio, los 50 a\u00f1os del Cervantino y a la vez \u201cmostrar la esencia cultural de las naciones y estados que han sido hu\u00e9spedes del festival\u201d, con una agenda que se extender\u00e1 hasta agosto de 2022.<\/p>\n<p><img decoding=\"async\" class=\"aligncenter  wp-image-1295\" src=\"https:\/\/i0.wp.com\/aquienguanajuato.com\/wp-content\/uploads\/2021\/11\/IMG_5092.jpg?resize=585%2C390&#038;ssl=1\" alt=\"\" width=\"585\" height=\"390\" srcset=\"https:\/\/i0.wp.com\/aquienguanajuato.com\/wp-content\/uploads\/2021\/11\/IMG_5092.jpg?resize=800%2C533&amp;ssl=1 800w, https:\/\/i0.wp.com\/aquienguanajuato.com\/wp-content\/uploads\/2021\/11\/IMG_5092.jpg?resize=1024%2C683&amp;ssl=1 1024w, https:\/\/i0.wp.com\/aquienguanajuato.com\/wp-content\/uploads\/2021\/11\/IMG_5092.jpg?resize=768%2C512&amp;ssl=1 768w, https:\/\/i0.wp.com\/aquienguanajuato.com\/wp-content\/uploads\/2021\/11\/IMG_5092.jpg?resize=1536%2C1024&amp;ssl=1 1536w, https:\/\/i0.wp.com\/aquienguanajuato.com\/wp-content\/uploads\/2021\/11\/IMG_5092.jpg?resize=375%2C250&amp;ssl=1 375w, https:\/\/i0.wp.com\/aquienguanajuato.com\/wp-content\/uploads\/2021\/11\/IMG_5092.jpg?w=2048&amp;ssl=1 2048w\" sizes=\"(max-width: 585px) 100vw, 585px\" data-recalc-dims=\"1\" \/><\/p>\n<p>Establecido en 2002, el Cuarteto M4nolov <strong>es uno de los grupos de c\u00e1mara m\u00e1s representativos de Colombia.<\/strong> Para sus conciertos en Guanajuato aline\u00f3 a Miguel \u00c1ngel Guevara y Juan Pablo Arango, en los violines; Hans Alexander Rinc\u00f3n, en el violonchelo y a Ricardo Hern\u00e1ndez Mayorga, en la viola; quien adem\u00e1s de ser el autor de la mayor\u00eda de los arreglos, fungi\u00f3 como ameno conductor explicando cada n\u00famero del programa.<\/p>\n<p>Hern\u00e1ndez Mayorga resalt\u00f3 que, al ser el cuarteto de cuerdas una configuraci\u00f3n extendida casi de manera universal, arreglar los temas populares de la m\u00fasica colombiana a este formato hace que sea posible que un cuarteto de Suecia, Canad\u00e1 o Jap\u00f3n los pueda tocar, <strong>\u201caunque claro, no con el mismo sabor\u201d.<\/strong><\/p>\n<p><img decoding=\"async\" class=\"aligncenter  wp-image-1294\" src=\"https:\/\/i0.wp.com\/aquienguanajuato.com\/wp-content\/uploads\/2021\/11\/IMG_5071.jpg?resize=533%2C355&#038;ssl=1\" alt=\"\" width=\"533\" height=\"355\" srcset=\"https:\/\/i0.wp.com\/aquienguanajuato.com\/wp-content\/uploads\/2021\/11\/IMG_5071.jpg?resize=800%2C533&amp;ssl=1 800w, https:\/\/i0.wp.com\/aquienguanajuato.com\/wp-content\/uploads\/2021\/11\/IMG_5071.jpg?resize=1024%2C683&amp;ssl=1 1024w, https:\/\/i0.wp.com\/aquienguanajuato.com\/wp-content\/uploads\/2021\/11\/IMG_5071.jpg?resize=768%2C512&amp;ssl=1 768w, https:\/\/i0.wp.com\/aquienguanajuato.com\/wp-content\/uploads\/2021\/11\/IMG_5071.jpg?resize=1536%2C1024&amp;ssl=1 1536w, https:\/\/i0.wp.com\/aquienguanajuato.com\/wp-content\/uploads\/2021\/11\/IMG_5071.jpg?resize=375%2C250&amp;ssl=1 375w, https:\/\/i0.wp.com\/aquienguanajuato.com\/wp-content\/uploads\/2021\/11\/IMG_5071.jpg?w=2048&amp;ssl=1 2048w\" sizes=\"(max-width: 533px) 100vw, 533px\" data-recalc-dims=\"1\" \/><\/p>\n<p><strong>\u00a0\u201cAires de nuestra tierra\u201d<\/strong> fue un paseo por la geograf\u00eda colombiana y sus distintas tradiciones musicales; desde los bambucos sure\u00f1os, como \u201cChamb\u00fa\u201d y \u201cSaltando matones\u201d; el pasillo, que se comparte con la frontera de Ecuador y Venezuela o el porro, ritmo festivo de la costa caribe\u00f1a, que se pudo escuchar en \u201cCarmen de Bol\u00edvar\u201d o \u201cAtl\u00e1ntico\u201d.<\/p>\n<p>La velada incluy\u00f3 tambi\u00e9n el c\u00e9lebre merecumb\u00e9 \u201cAy, cosita linda\u201d; el calipso \u201cBeautiful San Andr\u00e9s\u201d o el fandango \u201cLos tres clarinetes\u201d, en el que tambi\u00e9n se hizo sentir el sabor del Caribe. Punto clim\u00e1tico de la velada fue el momento de la cumbia, quiz\u00e1 la mayor embajadora sonora de Colombia, que reson\u00f3 a trav\u00e9s de candorosos arreglos al cl\u00e1sico \u201cLa cumbia cienaguera\u201d, de Luis Enrique Mart\u00ednez, y \u201cColombia, tierra querida\u201d, de Lucho Berm\u00fadez.<\/p>\n<p>Como sorpresa y punto culminante de sus conciertos, el Cuarteto M4nolov cerr\u00f3 con una versi\u00f3n de <strong>\u201cCaminos de Guanajuato\u201d, de Jos\u00e9 Alfredo Jim\u00e9nez<\/strong>, para la que Ricardo Hern\u00e1ndez cambi\u00f3 la viola por una vihuela y Karen Bravo prest\u00f3 su voz.<\/p>\n<p><img loading=\"lazy\" decoding=\"async\" class=\"aligncenter  wp-image-1300\" src=\"https:\/\/i0.wp.com\/aquienguanajuato.com\/wp-content\/uploads\/2021\/11\/IMG_5304_crop.jpg?resize=506%2C338&#038;ssl=1\" alt=\"\" width=\"506\" height=\"338\" srcset=\"https:\/\/i0.wp.com\/aquienguanajuato.com\/wp-content\/uploads\/2021\/11\/IMG_5304_crop.jpg?resize=800%2C534&amp;ssl=1 800w, https:\/\/i0.wp.com\/aquienguanajuato.com\/wp-content\/uploads\/2021\/11\/IMG_5304_crop.jpg?resize=1024%2C683&amp;ssl=1 1024w, https:\/\/i0.wp.com\/aquienguanajuato.com\/wp-content\/uploads\/2021\/11\/IMG_5304_crop.jpg?resize=768%2C512&amp;ssl=1 768w, https:\/\/i0.wp.com\/aquienguanajuato.com\/wp-content\/uploads\/2021\/11\/IMG_5304_crop.jpg?resize=1536%2C1025&amp;ssl=1 1536w, https:\/\/i0.wp.com\/aquienguanajuato.com\/wp-content\/uploads\/2021\/11\/IMG_5304_crop.jpg?resize=375%2C250&amp;ssl=1 375w, https:\/\/i0.wp.com\/aquienguanajuato.com\/wp-content\/uploads\/2021\/11\/IMG_5304_crop.jpg?w=2048&amp;ssl=1 2048w\" sizes=\"(max-width: 506px) 100vw, 506px\" data-recalc-dims=\"1\" \/><\/p>\n<p><strong>\u00a0Rumbo al Cervantino 50 continuar\u00e1 el 3 y 4 de diciembre con la visita de la cantante eslovena Katja \u0160ulc<\/strong> a los mismos escenarios del M4nolov: el Teatro de la Ciudad, en Pur\u00edsima y el Teatro Ju\u00e1rez, en Guanajuato.<\/p>\n<p>&nbsp;<\/p>\n","protected":false},"excerpt":{"rendered":"<p> &hellip;<\/p>\n","protected":false},"author":3,"featured_media":1298,"comment_status":"open","ping_status":"open","sticky":false,"template":"","format":"standard","meta":{"_jetpack_memberships_contains_paid_content":false,"footnotes":""},"categories":[26,11],"tags":[],"class_list":["post-1293","post","type-post","status-publish","format-standard","has-post-thumbnail","hentry","category-cultura","category-eventos"],"jetpack_sharing_enabled":true,"jetpack_featured_media_url":"https:\/\/i0.wp.com\/aquienguanajuato.com\/wp-content\/uploads\/2021\/11\/IMG_5254-e1637874157641.jpg?fit=400%2C267&ssl=1","jetpack-related-posts":[],"_links":{"self":[{"href":"https:\/\/aquienguanajuato.com\/index.php?rest_route=\/wp\/v2\/posts\/1293","targetHints":{"allow":["GET"]}}],"collection":[{"href":"https:\/\/aquienguanajuato.com\/index.php?rest_route=\/wp\/v2\/posts"}],"about":[{"href":"https:\/\/aquienguanajuato.com\/index.php?rest_route=\/wp\/v2\/types\/post"}],"author":[{"embeddable":true,"href":"https:\/\/aquienguanajuato.com\/index.php?rest_route=\/wp\/v2\/users\/3"}],"replies":[{"embeddable":true,"href":"https:\/\/aquienguanajuato.com\/index.php?rest_route=%2Fwp%2Fv2%2Fcomments&post=1293"}],"version-history":[{"count":1,"href":"https:\/\/aquienguanajuato.com\/index.php?rest_route=\/wp\/v2\/posts\/1293\/revisions"}],"predecessor-version":[{"id":1302,"href":"https:\/\/aquienguanajuato.com\/index.php?rest_route=\/wp\/v2\/posts\/1293\/revisions\/1302"}],"wp:featuredmedia":[{"embeddable":true,"href":"https:\/\/aquienguanajuato.com\/index.php?rest_route=\/wp\/v2\/media\/1298"}],"wp:attachment":[{"href":"https:\/\/aquienguanajuato.com\/index.php?rest_route=%2Fwp%2Fv2%2Fmedia&parent=1293"}],"wp:term":[{"taxonomy":"category","embeddable":true,"href":"https:\/\/aquienguanajuato.com\/index.php?rest_route=%2Fwp%2Fv2%2Fcategories&post=1293"},{"taxonomy":"post_tag","embeddable":true,"href":"https:\/\/aquienguanajuato.com\/index.php?rest_route=%2Fwp%2Fv2%2Ftags&post=1293"}],"curies":[{"name":"wp","href":"https:\/\/api.w.org\/{rel}","templated":true}]}}