{"id":1220,"date":"2021-11-05T14:32:39","date_gmt":"2021-11-05T20:32:39","guid":{"rendered":"https:\/\/aquienguanajuato.com\/?p=1220"},"modified":"2021-11-05T14:43:21","modified_gmt":"2021-11-05T20:43:21","slug":"presentan-festival-internacional-de-cine-del-bajiobjx","status":"publish","type":"post","link":"https:\/\/aquienguanajuato.com\/?p=1220","title":{"rendered":"Presentan Festival Internacional de Cine del Baj\u00edo(BJX)"},"content":{"rendered":"<p>Guanajuato capital, Ciudad Patrimonio de la Humanidad del estado de Guanajuato, ser\u00e1 sede de la primera edici\u00f3n del <strong>Festival Internacional de Cine del Baj\u00edo(BJX)<\/strong>, exhibici\u00f3n cinematogr\u00e1fica de vanguardia que se llevar\u00e1 a cabo <strong>del 17 al 21 de noviembre.<\/strong><\/p>\n<p>La Secretar\u00eda de Turismo a trav\u00e9s de la Comisi\u00f3n de Filmaciones del estado de Guanajuato (CFGTO) y la Coordinaci\u00f3n de Atenci\u00f3n a Segmentos Especializados, acompa\u00f1\u00f3 a Iv\u00e1n Zarate, director ejecutivo de Baj\u00edo Fest a<strong> la Ciudad de M\u00e9xico<\/strong>; y a Alejandro Navarro Salda\u00f1a, alcalde de Guanajuato capital, en la presentaci\u00f3n del programa <strong>en rueda de prensa.<\/strong><\/p>\n<p><img fetchpriority=\"high\" decoding=\"async\" class=\"aligncenter wp-image-1225\" src=\"https:\/\/i0.wp.com\/aquienguanajuato.com\/wp-content\/uploads\/2021\/11\/WhatsApp-Image-2021-11-05-at-2.27.04-PM.jpeg?resize=437%2C291&#038;ssl=1\" alt=\"\" width=\"437\" height=\"291\" srcset=\"https:\/\/i0.wp.com\/aquienguanajuato.com\/wp-content\/uploads\/2021\/11\/WhatsApp-Image-2021-11-05-at-2.27.04-PM.jpeg?resize=800%2C533&amp;ssl=1 800w, https:\/\/i0.wp.com\/aquienguanajuato.com\/wp-content\/uploads\/2021\/11\/WhatsApp-Image-2021-11-05-at-2.27.04-PM.jpeg?resize=1024%2C682&amp;ssl=1 1024w, https:\/\/i0.wp.com\/aquienguanajuato.com\/wp-content\/uploads\/2021\/11\/WhatsApp-Image-2021-11-05-at-2.27.04-PM.jpeg?resize=768%2C512&amp;ssl=1 768w, https:\/\/i0.wp.com\/aquienguanajuato.com\/wp-content\/uploads\/2021\/11\/WhatsApp-Image-2021-11-05-at-2.27.04-PM.jpeg?resize=375%2C250&amp;ssl=1 375w, https:\/\/i0.wp.com\/aquienguanajuato.com\/wp-content\/uploads\/2021\/11\/WhatsApp-Image-2021-11-05-at-2.27.04-PM.jpeg?w=1280&amp;ssl=1 1280w\" sizes=\"(max-width: 437px) 100vw, 437px\" data-recalc-dims=\"1\" \/><\/p>\n<p>Conny Vallejo Cort\u00e9s, coordinadora de Atenci\u00f3n a Segmentos Especializados, celebr\u00f3 que el estado ocupa el 2do. lugar a nivel nacional en contar con festivales de gran relevancia y sea el <strong>9no. Destino nacional con mayor actividad cinematogr\u00e1fica.\u00a0<\/strong><\/p>\n<p><strong>El Baj\u00edo International Film Festival,<\/strong> que promueve a nuevos talentos, proyectos cinematogr\u00e1ficos, as\u00ed como el desarrollo de habilidades en colaboraci\u00f3n con el Centro de Estudios Cinematogr\u00e1ficos, Universidad Santa Fe, Cine Colectivo Guanajuato, el ITESG y la Universidad de Guanajuato, es liderado por representantes institucionales y de la comunidad art\u00edstica, acad\u00e9micos, empresarios y sociedad civil de reconocida trayectoria.<\/p>\n<p><img decoding=\"async\" class=\"aligncenter wp-image-1224\" src=\"https:\/\/i0.wp.com\/aquienguanajuato.com\/wp-content\/uploads\/2021\/11\/WhatsApp-Image-2021-11-05-at-2.27.04-PM-1.jpeg?resize=398%2C265&#038;ssl=1\" alt=\"\" width=\"398\" height=\"265\" srcset=\"https:\/\/i0.wp.com\/aquienguanajuato.com\/wp-content\/uploads\/2021\/11\/WhatsApp-Image-2021-11-05-at-2.27.04-PM-1.jpeg?resize=800%2C533&amp;ssl=1 800w, https:\/\/i0.wp.com\/aquienguanajuato.com\/wp-content\/uploads\/2021\/11\/WhatsApp-Image-2021-11-05-at-2.27.04-PM-1.jpeg?resize=1024%2C682&amp;ssl=1 1024w, https:\/\/i0.wp.com\/aquienguanajuato.com\/wp-content\/uploads\/2021\/11\/WhatsApp-Image-2021-11-05-at-2.27.04-PM-1.jpeg?resize=768%2C512&amp;ssl=1 768w, https:\/\/i0.wp.com\/aquienguanajuato.com\/wp-content\/uploads\/2021\/11\/WhatsApp-Image-2021-11-05-at-2.27.04-PM-1.jpeg?resize=375%2C250&amp;ssl=1 375w, https:\/\/i0.wp.com\/aquienguanajuato.com\/wp-content\/uploads\/2021\/11\/WhatsApp-Image-2021-11-05-at-2.27.04-PM-1.jpeg?w=1280&amp;ssl=1 1280w\" sizes=\"(max-width: 398px) 100vw, 398px\" data-recalc-dims=\"1\" \/><\/p>\n<p><strong>Ser\u00e1n 25 actividades gratuitas<\/strong> las que se disfrutar\u00e1n de en este BJX -que tendr\u00e1 a <strong>Durango como ciudad invitada, y a Espa\u00f1a, como pa\u00eds invitado<\/strong>&#8211; y ser\u00e1 para todo el p\u00fablico; adem\u00e1s, se estrenar\u00e1n 3 Largometrajes, entre ellas, Maleza, Santuario y Cannabis Land. Y, se realizar\u00e1 la 3ra. edici\u00f3n del Lab\/\/KinoRoom, convocatoria para producci\u00f3n de cortometrajes.<\/p>\n<p>Este festival contempla muestras invitadas de honor como el Festival de Cinema Girona, Shorts M\u00e9xico, Festival Internacional de Cine de Horror Aurora, Festival de Cine de Durango, y participar\u00e1 tambi\u00e9n la Red Iberoamericana de Festivales de Cine, de la cual forma parte BJX Fest, as\u00ed como Outik Animation de Guadalajara.<\/p>\n<p>Y habr\u00e1 <strong>Homenaje Internacional<\/strong> para Lola Due\u00f1as; <strong>Homenaje Nacional<\/strong> para Alonso Ech\u00e1nove; y <strong>Homenaje Guanajuato<\/strong> para Jos\u00e9 Delgado Alvarado.<\/p>\n<p>Todas estas actividades se desarrollar\u00e1n en <strong>emblem\u00e1ticos lugares<\/strong> como el Teatro Ju\u00e1rez, Cinemex Premium Ala\u00efa, Pante\u00f3n de Santa Paula, Museo Palacio de los Poderes, Museo de Sitio Ex-Convento Dieguino, Teatro Cervantes, Explanada de la Alh\u00f3ndiga de Granaditas, Cinem\u00e1s Guanajuato y Los Pastitos<\/p>\n<p><img decoding=\"async\" class=\"aligncenter wp-image-1223\" src=\"https:\/\/i0.wp.com\/aquienguanajuato.com\/wp-content\/uploads\/2021\/11\/WhatsApp-Image-2021-11-05-at-2.27.03-PM.jpeg?resize=377%2C251&#038;ssl=1\" alt=\"\" width=\"377\" height=\"251\" srcset=\"https:\/\/i0.wp.com\/aquienguanajuato.com\/wp-content\/uploads\/2021\/11\/WhatsApp-Image-2021-11-05-at-2.27.03-PM.jpeg?resize=800%2C533&amp;ssl=1 800w, https:\/\/i0.wp.com\/aquienguanajuato.com\/wp-content\/uploads\/2021\/11\/WhatsApp-Image-2021-11-05-at-2.27.03-PM.jpeg?resize=1024%2C682&amp;ssl=1 1024w, https:\/\/i0.wp.com\/aquienguanajuato.com\/wp-content\/uploads\/2021\/11\/WhatsApp-Image-2021-11-05-at-2.27.03-PM.jpeg?resize=768%2C512&amp;ssl=1 768w, https:\/\/i0.wp.com\/aquienguanajuato.com\/wp-content\/uploads\/2021\/11\/WhatsApp-Image-2021-11-05-at-2.27.03-PM.jpeg?resize=375%2C250&amp;ssl=1 375w, https:\/\/i0.wp.com\/aquienguanajuato.com\/wp-content\/uploads\/2021\/11\/WhatsApp-Image-2021-11-05-at-2.27.03-PM.jpeg?w=1280&amp;ssl=1 1280w\" sizes=\"(max-width: 377px) 100vw, 377px\" data-recalc-dims=\"1\" \/><\/p>\n<p>\u201cComo cuarto pa\u00eds con mayor n\u00famero de ciudades declaradas por UNESCO como Patrimonio Mundial, M\u00e9xico tiene gran responsabilidad con la humanidad al ser, con gran orgullo, la principal en el continente\u201d, dijo Iv\u00e1n Zarate, director ejecutivo de Baj\u00edo Fest en la Ciudad de M\u00e9xico<\/p>\n<p>Es por ello que, en esta\u00a0 primera edici\u00f3n llevar\u00e1n el tema <strong>\u201cGuanajuato Patrimonio Maravilloso\u201d,<\/strong> teniendo como objetivo promover y estrechar lazos con las integrantes de la Asociaci\u00f3n Nacional de Ciudades Mexicanas del Patrimonio Mundial.<\/p>\n<p>En la rueda de prensa tambi\u00e9n estuvieron presentes: H\u00e9ctor Ortiz Polo, director de Operaciones de la representaci\u00f3n de Guanajuato en la Ciudad de M\u00e9xico; Miguel Albino, miembro del Comit\u00e9 Organizador y representante de Baj\u00edo Fest en la CDMX; Bernarda Trueba, ganadora del Ariel e integrante del comit\u00e9 organizador de Bajio Fest.<\/p>\n<p>As\u00ed como Salvador Alejandro Corrales Ayala, rector de la Universidad de la Comunicaci\u00f3n; Eduardo Aburto Gardu\u00f1o, coordinador de la Comisi\u00f3n de Filmaciones del estado de Guanajuato; y Ricardo V\u00e1zquez, director del Consejo de Promoci\u00f3n Tur\u00edstica de Guanajuato capital.<\/p>\n<p><strong>PROGRAMA DE ACTIVIDADES BJX<\/strong><\/p>\n<p><strong>Mi\u00e9rcoles 17 de noviembre:<\/strong><\/p>\n<ul>\n<li>18:00 horas \u2013 Teatro Ju\u00e1rez \u2013 Alfombra roja y ceremonia inaugural.<\/li>\n<li>21:30 horas \u2013 Teatro Ju\u00e1rez \u2013 Premier \u201cCannabis Land\u201d, de Cristian Vilches Lizardi.<\/li>\n<\/ul>\n<p><strong>Jueves 18 de noviembre<\/strong><\/p>\n<ul>\n<li>10:00 horas \u2013 Evento virtual \u2013 Conversatorio con Lola Due\u00f1as, Homenaje Internacional: Conduce Javier Tolentino.<\/li>\n<li>14:00 horas \u2013 Cinemex Premium Ala\u00efa \u2013 Selecci\u00f3n Oficial M\u00e9xico.<\/li>\n<li>16:00 horas \u2013 Cinemex Premium Ala\u00efa \u2013 Funci\u00f3n Estelar \u201cUn blues para Ther\u00e1n\u201d, de Javier Tolentino.<\/li>\n<li>20:00 horas \u2013 Pante\u00f3n de Santa Paula \u2013 Cine desde el m\u00e1s all\u00e1: Premier \u201cMaleza\u201d, de Rub\u00e9n Arnaiz.<\/li>\n<li>22:00 horas \u2013 Pante\u00f3n de Santa Paula \u2013 Cine desde el m\u00e1s all\u00e1: Festival de Cine de Horro Aurora.<\/li>\n<\/ul>\n<p><strong>Viernes 19 de noviembre<\/strong><\/p>\n<ul>\n<li>10:00 horas \u2013 Museo Palacio de los Poderes \u2013 Conferencia Magistral \u201cPoder Prieto\u201d, por Maya Zapata.<\/li>\n<li>14:00 horas \u2013 Cinemex Premium Ala\u00efa \u2013 Selecci\u00f3n Oficial Internacional.<\/li>\n<li>16:00 horas \u2013 Cinemex Premium Ala\u00efa- Funci\u00f3n Estelar \u201cCoraz\u00f3n de Mezquite\u201d, de Ana Laura Calder\u00f3n.<\/li>\n<li>20:00 horas \u2013 Estacionamiento S\u00f3tano 3, Centro Comercial Ala\u00efa Guanajuato \u2013 Autocinema con Causa: Funci\u00f3n Estelar \u201cEl Gallinero\u201d, de Fabi\u00e1n Ibarra.<\/li>\n<li>22:00 horas \u2013 Estacionamiento S\u00f3tano, Centro comercial Ala\u00efa Guanajuato, Autocinema con causa: Shorts M\u00e9xico.<\/li>\n<\/ul>\n<p><strong>S\u00e1bado 20 de noviembre<\/strong><\/p>\n<ul>\n<li>10:00 horas \u2013 Museo de Sitio Ex-Convento Dieguino \u2013 Presentaci\u00f3n de la Exposici\u00f3n \u201cCaminando por mi tierra\u201d, de Walter Bishop.<\/li>\n<li>12:00 horas \u2013 Teatro Cervantes \u2013 Patrimonio Maravilloso: Premier \u201cSantuario\u201d, de Christian Sida-Valenzuela.<\/li>\n<li>14:00 horas \u2013 Teatro Cervantes \u2013 Patrimonio Maravilloso: Festival de Cine Mexicano de Durango.<\/li>\n<li>16:00 horas \u2013 Explanada de la Alh\u00f3ndiga de Granaditas \u2013 Tapete Cultural RevoluCine.<\/li>\n<li>18:30 horas \u2013 Explanada de la Alh\u00f3ndiga de Granaditas \u2013 Concierto de Morganna Love.<\/li>\n<li>20:00 horas \u2013 Explanada de la Alh\u00f3ndiga de Granaditas \u2013 Cine Bajo las Estrellas: Funci\u00f3n Estelar \u201cVolver\u201d, de Pedro Almod\u00f3var.<\/li>\n<li>22:00 horas \u2013 Explanada de la Alh\u00f3ndiga de Granaditas \u2013 Cine Bajo las Estrellas: Festival de Cinema de Girona.<\/li>\n<\/ul>\n<p><strong>Domingo 21 de noviembre<\/strong><\/p>\n<ul>\n<li>14:00 horas \u2013 Cinem\u00e1s Guanajuato \u2013 Muestra Especial: RedIberoFest.<\/li>\n<li>16:00 horas \u2013 Cinem\u00e1s Guanajuato \u2013 Funci\u00f3n Estelar \u201cTodo en Juego\u201d, de Alfredo Marr\u00f3n.<\/li>\n<li>17:30 horas \u2013 Los Pastitos \u2013 Concierto de Tangelo.<\/li>\n<li>19:00 horas \u2013 Los Pastitos \u2013 Gala Premier Lab\/\/Kino.<\/li>\n<li>20:00 horas \u2013 Los Pastitos \u2013 Ceremonia de Premiaci\u00f3n.<\/li>\n<li>21:00 horas \u2013 Los Pastitos \u2013 Picnic Cinema: Outik Animation.<\/li>\n<\/ul>\n<p>&nbsp;<\/p>\n","protected":false},"excerpt":{"rendered":"<p> &hellip;<\/p>\n","protected":false},"author":3,"featured_media":1222,"comment_status":"open","ping_status":"open","sticky":false,"template":"","format":"standard","meta":{"_jetpack_memberships_contains_paid_content":false,"footnotes":""},"categories":[11],"tags":[],"class_list":["post-1220","post","type-post","status-publish","format-standard","has-post-thumbnail","hentry","category-eventos"],"jetpack_sharing_enabled":true,"jetpack_featured_media_url":"https:\/\/i0.wp.com\/aquienguanajuato.com\/wp-content\/uploads\/2021\/11\/bcd52063-9265-462c-8064-8fe63721db83-e1636144296613.jpg?fit=400%2C300&ssl=1","jetpack-related-posts":[],"_links":{"self":[{"href":"https:\/\/aquienguanajuato.com\/index.php?rest_route=\/wp\/v2\/posts\/1220","targetHints":{"allow":["GET"]}}],"collection":[{"href":"https:\/\/aquienguanajuato.com\/index.php?rest_route=\/wp\/v2\/posts"}],"about":[{"href":"https:\/\/aquienguanajuato.com\/index.php?rest_route=\/wp\/v2\/types\/post"}],"author":[{"embeddable":true,"href":"https:\/\/aquienguanajuato.com\/index.php?rest_route=\/wp\/v2\/users\/3"}],"replies":[{"embeddable":true,"href":"https:\/\/aquienguanajuato.com\/index.php?rest_route=%2Fwp%2Fv2%2Fcomments&post=1220"}],"version-history":[{"count":3,"href":"https:\/\/aquienguanajuato.com\/index.php?rest_route=\/wp\/v2\/posts\/1220\/revisions"}],"predecessor-version":[{"id":1228,"href":"https:\/\/aquienguanajuato.com\/index.php?rest_route=\/wp\/v2\/posts\/1220\/revisions\/1228"}],"wp:featuredmedia":[{"embeddable":true,"href":"https:\/\/aquienguanajuato.com\/index.php?rest_route=\/wp\/v2\/media\/1222"}],"wp:attachment":[{"href":"https:\/\/aquienguanajuato.com\/index.php?rest_route=%2Fwp%2Fv2%2Fmedia&parent=1220"}],"wp:term":[{"taxonomy":"category","embeddable":true,"href":"https:\/\/aquienguanajuato.com\/index.php?rest_route=%2Fwp%2Fv2%2Fcategories&post=1220"},{"taxonomy":"post_tag","embeddable":true,"href":"https:\/\/aquienguanajuato.com\/index.php?rest_route=%2Fwp%2Fv2%2Ftags&post=1220"}],"curies":[{"name":"wp","href":"https:\/\/api.w.org\/{rel}","templated":true}]}}